{"id":20512,"date":"2022-09-21T18:57:26","date_gmt":"2022-09-21T18:57:26","guid":{"rendered":"https:\/\/tintafresca.net\/?p=20512"},"modified":"2022-09-21T19:04:36","modified_gmt":"2022-09-21T19:04:36","slug":"centro-de-vacinacao-reabriu-na-chamusca-no-pavilhao-dos-bombeiros-voluntarios","status":"publish","type":"post","link":"https:\/\/tintafresca.net\/index.php\/2022\/09\/21\/centro-de-vacinacao-reabriu-na-chamusca-no-pavilhao-dos-bombeiros-voluntarios\/","title":{"rendered":"Centro de vacina\u00e7\u00e3o reabriu na Chamusca no pavilh\u00e3o dos Bombeiros Volunt\u00e1rios"},"content":{"rendered":"<div id=\"attachment_20514\" style=\"width: 510px\" class=\"wp-caption alignleft\"><img loading=\"lazy\" decoding=\"async\" aria-describedby=\"caption-attachment-20514\" class=\"wp-image-20514 size-full\" src=\"https:\/\/tintafresca.net\/wp-content\/uploads\/2022\/09\/Chamusca_Centro_Vacinacao10.png\" alt=\"\" width=\"500\" height=\"357\" srcset=\"https:\/\/tintafresca.net\/wp-content\/uploads\/2022\/09\/Chamusca_Centro_Vacinacao10.png 500w, https:\/\/tintafresca.net\/wp-content\/uploads\/2022\/09\/Chamusca_Centro_Vacinacao10-300x214.png 300w\" sizes=\"auto, (max-width: 500px) 100vw, 500px\" \/><p id=\"caption-attachment-20514\" class=\"wp-caption-text\">Sala de vacina\u00e7\u00e3o<\/p><\/div>\n<p>O Munic\u00edpio da Chamusca reabriu, no dia 20 de setembro, o Centro de Vacina\u00e7\u00e3o no pavilh\u00e3o dos Bombeiros Volunt\u00e1rios da Chamusca para a campanha de vacina\u00e7\u00e3o sazonal contra a Covid-19 e a gripe, uma vez que o Centro de Sa\u00fade do Concelho n\u00e3o possui, atualmente, condi\u00e7\u00f5es para inocular o n\u00famero de vacinas di\u00e1rias previstas, estimadas em cerca de 100 a 150.<\/p>\n<p>O Centro de Vacina\u00e7\u00e3o da Chamusca vai funcionar de ter\u00e7a a sexta-feira entre as 09H30 e as 15H30. A primeira fase da vacina\u00e7\u00e3o arrancou com a inocula\u00e7\u00e3o a residentes e profissionais das Estruturas Residenciais para Pessoas Idosas (ERPI) e na rede nacional cuidados continuados.<\/p>\n<p>A segunda fase arrancou ontem no Centro de Vacina\u00e7\u00e3o, instalado para o efeito, no pavilh\u00e3o dos Bombeiros Volunt\u00e1rios da Chamusca,decorrendo numa primeira fase para os mais de 80 anos e pessoas com morbilidades, passando depois \u00e0s outras faixas et\u00e1rias, avan\u00e7ando \u00e0 medida que se esgotem os agendamentos na faixa et\u00e1ria mais elevada.<\/p>\n<p>De acordo com Paulo Queimado, presidente da C\u00e2mara Municipal da Chamusca, \u201co Munic\u00edpio teve necessidade de reinstalar o Centro de Vacina\u00e7\u00e3o no pavilh\u00e3o dos Bombeiros, porque o Centro de Sa\u00fade do Concelho n\u00e3o re\u00fane, atualmente, condi\u00e7\u00f5es para disponibilizar o n\u00famero de vacinas di\u00e1rias previstas (100 a 150 vacinas\/dia), nem as melhores condi\u00e7\u00f5es de trabalho para os profissionais de sa\u00fade e para os utentes, principalmente para quem tem de aguardar pela sua vez no exterior\u201d, salientando ainda que \u201capesar dos custos elevados, que a montagem e o funcionamento desta estrutura acarreta, esta \u00e9 sem d\u00favida uma resposta que temos de dar em benef\u00edcio da nossa popula\u00e7\u00e3o. Vamos entrar numa \u00e9poca de frio em que os v\u00edrus s\u00e3o mais facilmente transmiss\u00edveis e por isso n\u00e3o podemos facilitar, n\u00e3o sendo conveniente que as nossas pessoas aguardem pela sua vez em centros de sa\u00fade com salas de espera completamente lotadas\u201d.<\/p>\n<p>A campanha de vacina\u00e7\u00e3o outono-inverno 2022\/2023, que teve in\u00edcio em todo o pa\u00eds no dia 07 de setembro e que se prev\u00ea prolongar-se at\u00e9 ao fim do ano, tem como objetivo principal proteger a popula\u00e7\u00e3o mais vulner\u00e1vel, prevenindo a doen\u00e7a grave, a hospitaliza\u00e7\u00e3o e a morte por Covid-19 e por gripe, mitigando tamb\u00e9m o impacto dessas doen\u00e7as nos servi\u00e7os de sa\u00fade.<\/p>\n<p>De acordo com a DGS o plano \u00e9 vacinar os mais vulner\u00e1veis, mas as autoridades v\u00e3o permanecer atentas e a estrat\u00e9gia pode ser ajustada em qualquer altura.<\/p>\n<p>A DGS recomenda a vacina\u00e7\u00e3o sazonal contra a Covid-19 aos seguintes grupos:<\/p>\n<p>Pessoas com 60 ou mais anos de idade;<br \/>\nResidentes ou profissionais de Estabelecimentos Residenciais Para Idosos (ERPI) e na Rede Nacional de Cuidados Continuados;<br \/>\nPessoas com 12 ou mais anos de idade com patologias de risco;<br \/>\nGr\u00e1vidas com 18 ou mais anos de idade e doen\u00e7as definidas pela norma publicada pela Dire\u00e7\u00e3o Geral da Sa\u00fade;<br \/>\nProfissionais de sa\u00fade e outros prestadores de cuidados.<\/p>\n<p>Com pequenas diferen\u00e7as nos grupos a DGS recomenda a vacina\u00e7\u00e3o contra a gripe a:<\/p>\n<p>Pessoas com 65 ou mais anos de idade;<br \/>\nResidentes em ERPI e na rede nacional cuidados continuados;<br \/>\nCrian\u00e7as com seis ou mais meses com patologias cr\u00f3nicas associadas;<br \/>\nDoentes cr\u00f3nicos e imunodeprimidos;<br \/>\nGr\u00e1vidas sem limite de idade;<br \/>\nProfissionais de sa\u00fade e outros profissionais prestadores de cuidados;<\/p>\n<p><strong>\u00a0Fonte: FS|GC|CMC<\/strong><\/p>\n","protected":false},"excerpt":{"rendered":"<p>O Munic\u00edpio da Chamusca reabriu, no dia 20 de setembro, o Centro de Vacina\u00e7\u00e3o no pavilh\u00e3o dos Bombeiros Volunt\u00e1rios da Chamusca para a campanha de vacina\u00e7\u00e3o sazonal contra a Covid-19 e a gripe, uma vez que o Centro de Sa\u00fade do Concelho n\u00e3o possui, atualmente, condi\u00e7\u00f5es para inocular o n\u00famero de vacinas di\u00e1rias previstas, estimadas [&hellip;]<\/p>\n","protected":false},"author":2,"featured_media":20515,"comment_status":"open","ping_status":"open","sticky":false,"template":"","format":"standard","meta":{"footnotes":""},"categories":[6],"tags":[],"class_list":["post-20512","post","type-post","status-publish","format-standard","has-post-thumbnail","hentry","category-saude"],"_links":{"self":[{"href":"https:\/\/tintafresca.net\/index.php\/wp-json\/wp\/v2\/posts\/20512","targetHints":{"allow":["GET"]}}],"collection":[{"href":"https:\/\/tintafresca.net\/index.php\/wp-json\/wp\/v2\/posts"}],"about":[{"href":"https:\/\/tintafresca.net\/index.php\/wp-json\/wp\/v2\/types\/post"}],"author":[{"embeddable":true,"href":"https:\/\/tintafresca.net\/index.php\/wp-json\/wp\/v2\/users\/2"}],"replies":[{"embeddable":true,"href":"https:\/\/tintafresca.net\/index.php\/wp-json\/wp\/v2\/comments?post=20512"}],"version-history":[{"count":2,"href":"https:\/\/tintafresca.net\/index.php\/wp-json\/wp\/v2\/posts\/20512\/revisions"}],"predecessor-version":[{"id":20516,"href":"https:\/\/tintafresca.net\/index.php\/wp-json\/wp\/v2\/posts\/20512\/revisions\/20516"}],"wp:featuredmedia":[{"embeddable":true,"href":"https:\/\/tintafresca.net\/index.php\/wp-json\/wp\/v2\/media\/20515"}],"wp:attachment":[{"href":"https:\/\/tintafresca.net\/index.php\/wp-json\/wp\/v2\/media?parent=20512"}],"wp:term":[{"taxonomy":"category","embeddable":true,"href":"https:\/\/tintafresca.net\/index.php\/wp-json\/wp\/v2\/categories?post=20512"},{"taxonomy":"post_tag","embeddable":true,"href":"https:\/\/tintafresca.net\/index.php\/wp-json\/wp\/v2\/tags?post=20512"}],"curies":[{"name":"wp","href":"https:\/\/api.w.org\/{rel}","templated":true}]}}