{"id":2083,"date":"2021-03-08T14:55:29","date_gmt":"2021-03-08T14:55:29","guid":{"rendered":"https:\/\/tintafresca.net\/?p=2083"},"modified":"2021-03-08T15:23:16","modified_gmt":"2021-03-08T15:23:16","slug":"camara-investe-944-mil-euros-na-beneficiacao-do-parque-da-milharica-em-aveiras-de-cima","status":"publish","type":"post","link":"https:\/\/tintafresca.net\/index.php\/2021\/03\/08\/camara-investe-944-mil-euros-na-beneficiacao-do-parque-da-milharica-em-aveiras-de-cima\/","title":{"rendered":"C\u00e2mara investe 944 mil euros na beneficia\u00e7\u00e3o do Parque da Milhari\u00e7a em Aveiras de Cima"},"content":{"rendered":"<div id=\"attachment_2086\" style=\"width: 510px\" class=\"wp-caption alignleft\"><img loading=\"lazy\" decoding=\"async\" aria-describedby=\"caption-attachment-2086\" class=\"wp-image-2086 size-full\" src=\"https:\/\/tintafresca.net\/wp-content\/uploads\/2021\/03\/Azambuja_parque_milharica_003.jpg\" alt=\"\" width=\"500\" height=\"333\" \/><p id=\"caption-attachment-2086\" class=\"wp-caption-text\">Obras de \u201cBeneficia\u00e7\u00e3o do Parque da Milhari\u00e7a, em Aveiras de Cima\u201d<\/p><\/div>\n<p>Est\u00e1 a decorrer, conforme programada, a empreitada de \u201cBeneficia\u00e7\u00e3o do Parque da Milhari\u00e7a, em Aveiras de Cima\u201d, Concelho de Azambuja. Este projeto municipal consiste na cria\u00e7\u00e3o de uma \u00e1rea de recreio e lazer num terreno com cerca de 12 mil metros quadrados, na margem direita da Ribeira da Milhari\u00e7a. O local \u00e9 cont\u00edguo ao espa\u00e7o urbano da vila de Aveiras de Cima, e funcionar\u00e1 como equipamento de refor\u00e7o da qualidade de vida e elemento agregador das v\u00e1rias gera\u00e7\u00f5es da popula\u00e7\u00e3o local.<\/p>\n<p>Na fase mais recente, come\u00e7ou a nascer o edif\u00edcio para os servi\u00e7os de apoio aos utilizadores do parque. Entretanto, continua a ser desenvolvido trabalho de defini\u00e7\u00e3o dos espa\u00e7os e arruamentos com a coloca\u00e7\u00e3o de grandes blocos de bet\u00e3o que ter\u00e3o uma dupla fun\u00e7\u00e3o, como taludes \u00e0s futuras zonas verdes e como bancada para assistir \u00e0s atividades no futuro campo de jogos. Em simult\u00e2neo, vai decorrendo a prepara\u00e7\u00e3o e compacta\u00e7\u00e3o dos diferentes pisos, nomeadamente, na \u00e1rea destinada \u00e0 implanta\u00e7\u00e3o do recinto polidesportivo.<\/p>\n<p>Destaque-se, efetivamente, que o n\u00facleo central deste parque ser\u00e1 um campo de jogos polidesportivo descoberto. Em redor do campo, haver\u00e1 um edif\u00edcio de apoio, com snack-bar, balne\u00e1rios de servi\u00e7o ao campo e instala\u00e7\u00f5es sanit\u00e1rias p\u00fablicas. O referido edif\u00edcio disponibilizar\u00e1 um espa\u00e7o de esplanada, por sua vez voltada para duas \u00e1reas de equipamentos infantis, uma vocacionada para a faixa et\u00e1ria dos 6 aos 10 anos e outra com equipamentos destinados a crian\u00e7as entre os 2 e os 6 anos.<\/p>\n<p>O projeto contempla, ainda, \u00e1reas de estacionamento, um circuito de manuten\u00e7\u00e3o com aparelhos para a pr\u00e1tica de exerc\u00edcio f\u00edsico, bem como zonas arborizadas e ajardinadas. A obra contemplar\u00e1 a constru\u00e7\u00e3o de um passadi\u00e7o sobre a Ribeira da Milhari\u00e7a, valorizando este recurso natural ribeirinho, e com os objetivos de ampliar os acessos ao parque e promover a sua plena integra\u00e7\u00e3o no contexto urbano da Vila de Aveiras de Cima.<\/p>\n<p>Trata-se de um investimento municipal no valor de 944 mil euros, num projeto que vem ao encontro de uma leg\u00edtima aspira\u00e7\u00e3o dos habitantes de Aveiras de Cima e no qual o Munic\u00edpio de Azambuja estava empenhado h\u00e1 longa data. A interven\u00e7\u00e3o arrancou no passado m\u00eas de outubro e a empreitada tem o prazo de execu\u00e7\u00e3o previsto de um ano.<\/p>\n<p>&nbsp;<\/p>\n<p>Fonte:<\/p>\n","protected":false},"excerpt":{"rendered":"<p>Est\u00e1 a decorrer, conforme programada, a empreitada de \u201cBeneficia\u00e7\u00e3o do Parque da Milhari\u00e7a, em Aveiras de Cima\u201d, Concelho de Azambuja. Este projeto municipal consiste na cria\u00e7\u00e3o de uma \u00e1rea de recreio e lazer num terreno com cerca de 12 mil metros quadrados, na margem direita da Ribeira da Milhari\u00e7a. O local \u00e9 cont\u00edguo ao espa\u00e7o [&hellip;]<\/p>\n","protected":false},"author":2,"featured_media":2084,"comment_status":"open","ping_status":"open","sticky":false,"template":"","format":"standard","meta":{"footnotes":""},"categories":[9],"tags":[],"class_list":["post-2083","post","type-post","status-publish","format-standard","has-post-thumbnail","hentry","category-ambiente"],"_links":{"self":[{"href":"https:\/\/tintafresca.net\/index.php\/wp-json\/wp\/v2\/posts\/2083","targetHints":{"allow":["GET"]}}],"collection":[{"href":"https:\/\/tintafresca.net\/index.php\/wp-json\/wp\/v2\/posts"}],"about":[{"href":"https:\/\/tintafresca.net\/index.php\/wp-json\/wp\/v2\/types\/post"}],"author":[{"embeddable":true,"href":"https:\/\/tintafresca.net\/index.php\/wp-json\/wp\/v2\/users\/2"}],"replies":[{"embeddable":true,"href":"https:\/\/tintafresca.net\/index.php\/wp-json\/wp\/v2\/comments?post=2083"}],"version-history":[{"count":3,"href":"https:\/\/tintafresca.net\/index.php\/wp-json\/wp\/v2\/posts\/2083\/revisions"}],"predecessor-version":[{"id":2088,"href":"https:\/\/tintafresca.net\/index.php\/wp-json\/wp\/v2\/posts\/2083\/revisions\/2088"}],"wp:featuredmedia":[{"embeddable":true,"href":"https:\/\/tintafresca.net\/index.php\/wp-json\/wp\/v2\/media\/2084"}],"wp:attachment":[{"href":"https:\/\/tintafresca.net\/index.php\/wp-json\/wp\/v2\/media?parent=2083"}],"wp:term":[{"taxonomy":"category","embeddable":true,"href":"https:\/\/tintafresca.net\/index.php\/wp-json\/wp\/v2\/categories?post=2083"},{"taxonomy":"post_tag","embeddable":true,"href":"https:\/\/tintafresca.net\/index.php\/wp-json\/wp\/v2\/tags?post=2083"}],"curies":[{"name":"wp","href":"https:\/\/api.w.org\/{rel}","templated":true}]}}