{"id":20840,"date":"2022-10-03T17:02:49","date_gmt":"2022-10-03T17:02:49","guid":{"rendered":"https:\/\/tintafresca.net\/?p=20840"},"modified":"2022-10-03T17:05:55","modified_gmt":"2022-10-03T17:05:55","slug":"cim-da-regiao-de-leiria-aprova-concursora-concessao-de-transportes-publicos-e-decide-criar-um-novo-servico-de-transporte-flexivel","status":"publish","type":"post","link":"https:\/\/tintafresca.net\/index.php\/2022\/10\/03\/cim-da-regiao-de-leiria-aprova-concursora-concessao-de-transportes-publicos-e-decide-criar-um-novo-servico-de-transporte-flexivel\/","title":{"rendered":"CIM da Regi\u00e3o de Leiria aprova concurso de concess\u00e3o de transportes p\u00fablicos e criar servi\u00e7o de Transporte Flex\u00edvel"},"content":{"rendered":"<p><img loading=\"lazy\" decoding=\"async\" class=\"alignleft wp-image-20373\" src=\"https:\/\/tintafresca.net\/wp-content\/uploads\/2022\/09\/Leiria_Mobilis010.jpg\" alt=\"\" width=\"400\" height=\"556\" srcset=\"https:\/\/tintafresca.net\/wp-content\/uploads\/2022\/09\/Leiria_Mobilis010.jpg 499w, https:\/\/tintafresca.net\/wp-content\/uploads\/2022\/09\/Leiria_Mobilis010-216x300.jpg 216w\" sizes=\"auto, (max-width: 400px) 100vw, 400px\" \/>A Comunidade Intermunicipal (CIM) da Regi\u00e3o de Leiria aprovou, na \u00faltima reuni\u00e3o, a abertura de um concurso p\u00fablico internacional para o Servi\u00e7o P\u00fablico de Transporte de Passageiros, cujo contrato de concess\u00e3o, com a dura\u00e7\u00e3o de quatro anos, apresenta cerca de 25 milh\u00f5es de euros como valor base, e com o financiamento refor\u00e7ado por parte dos munic\u00edpios.<\/p>\n<p>Na mesma ocasi\u00e3o, a CIM da Regi\u00e3o de Leiria decidiu que vai implementar um novo Servi\u00e7o de Transporte Flex\u00edvel a Pedido, em parceria com o servi\u00e7o de t\u00e1xis, a iniciar at\u00e9 ao final do ano, em regime de projeto-piloto, e com o principal objetivo de alargar e refor\u00e7ar a oferta de transporte p\u00fablico de passageiros, garantindo, numa primeira fase, a cobertura adequada em zonas de menor densidade<br \/>\ndemogr\u00e1fica, conferindo uma nova mobilidade a popula\u00e7\u00f5es que residam em \u00e1reas que n\u00e3o disp\u00f5em de um servi\u00e7o regular de transporte p\u00fablico de passageiros.<\/p>\n<p>Este novo servi\u00e7o ir\u00e1 funcionar de segunda a sexta-feira, mediante uma chamada gratuita para efetuar a reserva (atrav\u00e9s de um n\u00famero gratuito). At\u00e9 \u00e0s 15h do dia \u00fatil anterior \u00e0 viagem, a pessoa em quest\u00e3o pode ter o servi\u00e7o do transporte flex\u00edvel, de forma simples e com baixo custo, uma vez que o servi\u00e7o de<br \/>\ntransporte ser\u00e1 cofinanciado em 50% pela CIM Regi\u00e3o de Leiria.<\/p>\n<p>Com esta concess\u00e3o, o objetivo da CIMRL e dos 10 munic\u00edpios que a integram \u00e9 assegurar um sistema<br \/>\nde transportes p\u00fablicos adequado \u00e0s necessidades de transporte das popula\u00e7\u00f5es, incluindo o servi\u00e7o de<br \/>\ntransporte p\u00fablico regular de passageiros de \u00e2mbito municipal, intermunicipal e inter-regional, servi\u00e7o<br \/>\nde transporte p\u00fablico urbano e alguns servi\u00e7os de transporte especializados, para al\u00e9m da importante<br \/>\ncomponente do apoio ao servi\u00e7o de transportes escolares.<\/p>\n<p>A CIM prev\u00ea um incremento do investimento municipal na melhoria e moderniza\u00e7\u00e3o da rede de<br \/>\ntransportes, no valor de 1,2 milh\u00f5es de euros, a repartir pelos munic\u00edpios, em fun\u00e7\u00e3o da dimens\u00e3o da<br \/>\nrede prevista para cada um dos territ\u00f3rios no \u00e2mbito da concess\u00e3o, sendo que esta rede ser\u00e1<br \/>\ncomplementada por servi\u00e7os flex\u00edveis, de Transporte a Pedido, que entrar\u00e3o em opera\u00e7\u00e3o no territ\u00f3rio e<br \/>\nque n\u00e3o s\u00e3o abrangidos no processo de concess\u00e3o.<\/p>\n<p>Como principais exig\u00eancias no processo de concurso internacional, foram consideradas fortes<br \/>\npreocupa\u00e7\u00f5es ambientais com o material circulante relativamente \u00e0s emiss\u00f5es poluentes. Nos termos<br \/>\ndo concurso pretende-se que os autocarros a operar na concess\u00e3o sejam mais recentes e mais<br \/>\neficientes em termos ambientais. Tamb\u00e9m o conforto dos passageiros e a melhoria do servi\u00e7o s\u00e3o<br \/>\naspetos valorizados no novo concurso.<\/p>\n<p>A Autoridade da Mobilidade e dos Transportes (AMT), conforme previsto nos respetivos Estatutos, no<br \/>\npassado dia 29 de setembro, comunicou parecer favor\u00e1vel sobre designado \u201cConcurso P\u00fablico para a<br \/>\natribui\u00e7\u00e3o da concess\u00e3o do servi\u00e7o p\u00fablico de transporte rodovi\u00e1rio de passageiros da Comunidade<br \/>\nIntermunicipal da Regi\u00e3o de Leiria\u201d, seguindo-se agora o envio das pe\u00e7as finais para a obten\u00e7\u00e3o do visto<br \/>\npr\u00e9vio do Tribunal de Contas e posterior publica\u00e7\u00e3o do an\u00fancio do concurso no Jornal Oficial da Uni\u00e3o<br \/>\nEuropeia e Di\u00e1rio da Rep\u00fablica.<\/p>\n<p>Para os respons\u00e1veis da CIM Regi\u00e3o de Leiria, \u00abeste \u00e9 um projeto decisivo para o futuro da mobilidade,<br \/>\ndo ambiente e da coes\u00e3o na regi\u00e3o, tendo merecido a unanimidade dos autarcas no refor\u00e7o do<br \/>\ninvestimento para melhorar o servi\u00e7o de transporte p\u00fablico de passageiros\u00bb. Para o sucesso deste<br \/>\nexigente e complexo processo de concess\u00e3o, \u00abesperamos contar com o interesse dos diferentes<br \/>\noperadores privados, condi\u00e7\u00e3o indispens\u00e1vel para em parceria podermos servir melhor as popula\u00e7\u00f5es\u00bb.<\/p>\n<p>Com uma \u00e1rea geogr\u00e1fica de 2.450 Km2, a CIMRL integra os concelhos de Alvai\u00e1zere, Ansi\u00e3o, Batalha,<br \/>\nCastanheira de Pera, Figueir\u00f3 dos Vinhos, Leiria, Marinha Grande, Pedr\u00f3g\u00e3o Grande, Pombal e Porto de<br \/>\nM\u00f3s, com um total de 286.809 habitantes (Censos 2021).<\/p>\n<p><strong>\u00a0 Fonte: CIMRL<\/strong><\/p>\n","protected":false},"excerpt":{"rendered":"<p>A Comunidade Intermunicipal (CIM) da Regi\u00e3o de Leiria aprovou, na \u00faltima reuni\u00e3o, a abertura de um concurso p\u00fablico internacional para o Servi\u00e7o P\u00fablico de Transporte de Passageiros, cujo contrato de concess\u00e3o, com a dura\u00e7\u00e3o de quatro anos, apresenta cerca de 25 milh\u00f5es de euros como valor base, e com o financiamento refor\u00e7ado por parte dos [&hellip;]<\/p>\n","protected":false},"author":2,"featured_media":20844,"comment_status":"open","ping_status":"open","sticky":false,"template":"","format":"standard","meta":{"footnotes":""},"categories":[7],"tags":[],"class_list":["post-20840","post","type-post","status-publish","format-standard","has-post-thumbnail","hentry","category-economia"],"_links":{"self":[{"href":"https:\/\/tintafresca.net\/index.php\/wp-json\/wp\/v2\/posts\/20840","targetHints":{"allow":["GET"]}}],"collection":[{"href":"https:\/\/tintafresca.net\/index.php\/wp-json\/wp\/v2\/posts"}],"about":[{"href":"https:\/\/tintafresca.net\/index.php\/wp-json\/wp\/v2\/types\/post"}],"author":[{"embeddable":true,"href":"https:\/\/tintafresca.net\/index.php\/wp-json\/wp\/v2\/users\/2"}],"replies":[{"embeddable":true,"href":"https:\/\/tintafresca.net\/index.php\/wp-json\/wp\/v2\/comments?post=20840"}],"version-history":[{"count":4,"href":"https:\/\/tintafresca.net\/index.php\/wp-json\/wp\/v2\/posts\/20840\/revisions"}],"predecessor-version":[{"id":20845,"href":"https:\/\/tintafresca.net\/index.php\/wp-json\/wp\/v2\/posts\/20840\/revisions\/20845"}],"wp:featuredmedia":[{"embeddable":true,"href":"https:\/\/tintafresca.net\/index.php\/wp-json\/wp\/v2\/media\/20844"}],"wp:attachment":[{"href":"https:\/\/tintafresca.net\/index.php\/wp-json\/wp\/v2\/media?parent=20840"}],"wp:term":[{"taxonomy":"category","embeddable":true,"href":"https:\/\/tintafresca.net\/index.php\/wp-json\/wp\/v2\/categories?post=20840"},{"taxonomy":"post_tag","embeddable":true,"href":"https:\/\/tintafresca.net\/index.php\/wp-json\/wp\/v2\/tags?post=20840"}],"curies":[{"name":"wp","href":"https:\/\/api.w.org\/{rel}","templated":true}]}}