{"id":20884,"date":"2022-10-04T21:14:49","date_gmt":"2022-10-04T21:14:49","guid":{"rendered":"https:\/\/tintafresca.net\/?p=20884"},"modified":"2022-10-04T21:20:36","modified_gmt":"2022-10-04T21:20:36","slug":"agosto-foi-o-melhor-mes-de-sempre-para-a-atividade-turistica-no-centro-de-portugal","status":"publish","type":"post","link":"https:\/\/tintafresca.net\/index.php\/2022\/10\/04\/agosto-foi-o-melhor-mes-de-sempre-para-a-atividade-turistica-no-centro-de-portugal\/","title":{"rendered":"Agosto foi o melhor m\u00eas de sempre para a atividade tur\u00edstica no Centro de Portugal"},"content":{"rendered":"<div id=\"attachment_20886\" style=\"width: 510px\" class=\"wp-caption alignleft\"><img loading=\"lazy\" decoding=\"async\" aria-describedby=\"caption-attachment-20886\" class=\"wp-image-20886 size-full\" src=\"https:\/\/tintafresca.net\/wp-content\/uploads\/2022\/10\/Castelo_almourol10.jpg\" alt=\"\" width=\"500\" height=\"322\" srcset=\"https:\/\/tintafresca.net\/wp-content\/uploads\/2022\/10\/Castelo_almourol10.jpg 500w, https:\/\/tintafresca.net\/wp-content\/uploads\/2022\/10\/Castelo_almourol10-300x193.jpg 300w\" sizes=\"auto, (max-width: 500px) 100vw, 500px\" \/><p id=\"caption-attachment-20886\" class=\"wp-caption-text\">Castelo de Almourol<\/p><\/div>\n<p>Agosto de 2022 foi o melhor m\u00eas de sempre para a atividade tur\u00edstica no Centro de Portugal, tanto em n\u00famero de dormidas como em h\u00f3spedes. N\u00fameros provis\u00f3rios dados a conhecer no dia 30 de setembro pelo INE \u2013 Instituto Nacional de Estat\u00edstica, relativos a agosto, mostram igualmente que a procura da regi\u00e3o est\u00e1 a crescer acima da m\u00e9dia nacional.<\/p>\n<p>No m\u00eas de agosto de 2022, em compara\u00e7\u00e3o com o mesmo m\u00eas de 2019, que era a refer\u00eancia m\u00e1xima, o total de dormidas aumentou cerca de 7% no Centro de Portugal: verificaram-se 1.151.520 dormidas em agosto de 2022 e estas foram 1.075.817 no mesmo m\u00eas de 2019, num crescimento de 75.703 dormidas. Este aumento de 7% superou a m\u00e9dia nacional, que subiu 2,8%.<\/p>\n<p>A subida foi mais not\u00f3ria entre os visitantes nacionais, cujas dormidas cresceram 14,3%, para 700.046, entre agosto de 2019 e agosto de 2022. Uma demonstra\u00e7\u00e3o de que, ano ap\u00f3s ano, o Centro de Portugal \u00e9 um destino que re\u00fane a prefer\u00eancia de cada vez mais residentes no nosso pa\u00eds. De notar que as dormidas com origem no estrangeiro est\u00e3o cada vez mais pr\u00f3ximas dos valores recorde, apesar da conjuntura internacional dif\u00edcil: foram 451.474 em agosto de 2022, face a 463.388 no mesmo m\u00eas de 2019. Para se ter uma melhor perce\u00e7\u00e3o da recupera\u00e7\u00e3o, em agosto de 2021 este indicador foi de apenas 227.172 dormidas.<\/p>\n<p>Relativamente ao n\u00famero de h\u00f3spedes, o Centro de Portugal cresceu 3,2%. Em agosto de 2019 tinham sido registados 541.183 h\u00f3spedes na regi\u00e3o; em agosto de 2022 foram 558.479.<\/p>\n<p><strong>\u00a0 \u00a0 \u00a0Resultados do ver\u00e3o s\u00e3o muito positivos<\/strong><\/p>\n<p>Esta tend\u00eancia de subida torna-se ainda mais expressiva se analisarmos os meses tradicionalmente mais associados \u00e0s f\u00e9rias de ver\u00e3o. Assim, nos tr\u00eas meses de junho, julho e agosto de 2022, o total de dormidas na regi\u00e3o foi de 2,67 milh\u00f5es, face aos 2,54 milh\u00f5es de 2019 \u2013 uma subida de cerca de 130 mil dormidas, ou de 5,1 por cento. Neste per\u00edodo, as dormidas dos visitantes nacionais na regi\u00e3o cresceram 15,5%.<\/p>\n<p>Se consideramos o conjunto acumulado do ano, de janeiro a agosto de 2022, os n\u00fameros do Centro de Portugal s\u00e3o tamb\u00e9m muito positivos, deixando antever que este vai ser o melhor ano de sempre para o turismo na regi\u00e3o: entre janeiro e agosto, as dormidas aumentaram de 4,844 milh\u00f5es, em 2019, para 4,846 milh\u00f5es, em 2022.<\/p>\n<p>\u201cOs n\u00fameros agora conhecidos relativos a agosto constituem um grande est\u00edmulo para a regi\u00e3o Centro de Portugal. S\u00e3o resultados extremamente animadores para os empres\u00e1rios e para quem vive nestes territ\u00f3rios. \u00c9 para todos eles que trabalhamos todos os dias\u201d, salienta Pedro Machado, presidente do Turismo Centro de Portugal.<\/p>\n<p>\u201c\u00c9 de saudar, em especial, a prefer\u00eancia clara dos nossos compatriotas pelo Centro de Portugal: nunca tantos visitantes portugueses dormiram na regi\u00e3o como em agosto deste ano. Mas h\u00e1 que aplaudir tamb\u00e9m o regresso dos mercados internacionais, em n\u00famero que se aproxima dos melhores meses de sempre e apesar das dificuldades p\u00f3s-pandemia\u201d, acrescenta Pedro Machado.<\/p>\n<p><strong>\u00a0 \u00a0 Sobre o Turismo Centro de Portugal<\/strong><\/p>\n<p>O Turismo Centro de Portugal \u00e9 a entidade que estrutura e promove o turismo na Regi\u00e3o Centro do pa\u00eds. Esta \u00e9 a maior e mais diversificada \u00e1rea tur\u00edstica nacional, abrangendo 100 munic\u00edpios, e tem registado um intenso crescimento da procura interna e externa. \u00c9 a regi\u00e3o a escolher para quem pretende experi\u00eancias diversificadas, pois concilia locais Patrim\u00f3nio da Humanidade com a melhor costa de surf da Europa, termas e spas id\u00edlicos, locais de culto de import\u00e2ncia mundial e as mais belas aldeias.<\/p>\n<p><strong> \u00a0 Fonte: TCP e PV<\/strong><\/p>\n","protected":false},"excerpt":{"rendered":"<p>Agosto de 2022 foi o melhor m\u00eas de sempre para a atividade tur\u00edstica no Centro de Portugal, tanto em n\u00famero de dormidas como em h\u00f3spedes. N\u00fameros provis\u00f3rios dados a conhecer no dia 30 de setembro pelo INE \u2013 Instituto Nacional de Estat\u00edstica, relativos a agosto, mostram igualmente que a procura da regi\u00e3o est\u00e1 a crescer [&hellip;]<\/p>\n","protected":false},"author":2,"featured_media":20888,"comment_status":"open","ping_status":"open","sticky":false,"template":"","format":"standard","meta":{"footnotes":""},"categories":[7],"tags":[],"class_list":["post-20884","post","type-post","status-publish","format-standard","has-post-thumbnail","hentry","category-economia"],"_links":{"self":[{"href":"https:\/\/tintafresca.net\/index.php\/wp-json\/wp\/v2\/posts\/20884","targetHints":{"allow":["GET"]}}],"collection":[{"href":"https:\/\/tintafresca.net\/index.php\/wp-json\/wp\/v2\/posts"}],"about":[{"href":"https:\/\/tintafresca.net\/index.php\/wp-json\/wp\/v2\/types\/post"}],"author":[{"embeddable":true,"href":"https:\/\/tintafresca.net\/index.php\/wp-json\/wp\/v2\/users\/2"}],"replies":[{"embeddable":true,"href":"https:\/\/tintafresca.net\/index.php\/wp-json\/wp\/v2\/comments?post=20884"}],"version-history":[{"count":4,"href":"https:\/\/tintafresca.net\/index.php\/wp-json\/wp\/v2\/posts\/20884\/revisions"}],"predecessor-version":[{"id":20890,"href":"https:\/\/tintafresca.net\/index.php\/wp-json\/wp\/v2\/posts\/20884\/revisions\/20890"}],"wp:featuredmedia":[{"embeddable":true,"href":"https:\/\/tintafresca.net\/index.php\/wp-json\/wp\/v2\/media\/20888"}],"wp:attachment":[{"href":"https:\/\/tintafresca.net\/index.php\/wp-json\/wp\/v2\/media?parent=20884"}],"wp:term":[{"taxonomy":"category","embeddable":true,"href":"https:\/\/tintafresca.net\/index.php\/wp-json\/wp\/v2\/categories?post=20884"},{"taxonomy":"post_tag","embeddable":true,"href":"https:\/\/tintafresca.net\/index.php\/wp-json\/wp\/v2\/tags?post=20884"}],"curies":[{"name":"wp","href":"https:\/\/api.w.org\/{rel}","templated":true}]}}