{"id":20945,"date":"2022-10-06T17:49:55","date_gmt":"2022-10-06T17:49:55","guid":{"rendered":"https:\/\/tintafresca.net\/?p=20945"},"modified":"2022-10-06T17:52:25","modified_gmt":"2022-10-06T17:52:25","slug":"o-evento-integra-um-concurso-de-ideias-sobre-realidade-virtual-e-aumentada-que-culminara-no-agro-tank","status":"publish","type":"post","link":"https:\/\/tintafresca.net\/index.php\/2022\/10\/06\/o-evento-integra-um-concurso-de-ideias-sobre-realidade-virtual-e-aumentada-que-culminara-no-agro-tank\/","title":{"rendered":"Projetos inovadores de gest\u00e3o de recursos h\u00eddricos apresentados na Cimeira Nacional de AgroInova\u00e7\u00e3o"},"content":{"rendered":"<p><img loading=\"lazy\" decoding=\"async\" class=\"alignleft wp-image-20948\" src=\"https:\/\/tintafresca.net\/wp-content\/uploads\/2022\/10\/Santarem_Cimeira_agroinovacao20.png\" alt=\"\" width=\"500\" height=\"203\" srcset=\"https:\/\/tintafresca.net\/wp-content\/uploads\/2022\/10\/Santarem_Cimeira_agroinovacao20.png 592w, https:\/\/tintafresca.net\/wp-content\/uploads\/2022\/10\/Santarem_Cimeira_agroinovacao20-300x122.png 300w\" sizes=\"auto, (max-width: 500px) 100vw, 500px\" \/>As oportunidades que a tecnologia e a inova\u00e7\u00e3o representam para a sustentabilidade econ\u00f3mica e ambiental do agroneg\u00f3cio ser\u00e3o temas em destaque da Cimeira Nacional de AgroInova\u00e7\u00e3o 2022.<\/p>\n<p>O evento, que se realiza j\u00e1 nos dias 11 e 12 de outubro, no CNEMA, em Santar\u00e9m, sob o mote \u201cA inova\u00e7\u00e3o \u00e9 o motor do setor\u201d, incluir\u00e1 a apresenta\u00e7\u00e3o de um n\u00famero alargado de projetos inovadores, desenvolvidos em parcerias que envolvem produtores e investigadores.<\/p>\n<p>Ser\u00e1 dado destaque a projetos dedicados \u00e0 efici\u00eancia do uso dos recursos tais como: solo, \u00e1gua e energia, que s\u00e3o precisamente grandes desafios do setor.<\/p>\n<p>Ser\u00e3o apresentados resultados de projetos que visam a sustentabilidade econ\u00f3mica, ambiental e social do setor, com solu\u00e7\u00f5es inovadoras para as diferentes fileiras, que incluem, nomeadamente, pr\u00e1ticas culturais inovadoras, conhecimento e tecnologia, na \u00e1rea da gest\u00e3o sustent\u00e1vel do solo e da fertiliza\u00e7\u00e3o, agricultura e pecu\u00e1ria de precis\u00e3o, fitossanidade e sanidade animal com refor\u00e7o do recurso a mecanismos naturais de controlo, circularidade, novas cadeias de valor, modos de produ\u00e7\u00e3o sustent\u00e1vel, biol\u00f3gica e outros modos, entre outros temas. Ainda haver\u00e1 uma mostra tecnol\u00f3gica e visitas de campo demonstradoras de inova\u00e7\u00e3o.<\/p>\n<p><strong>Agro Tank selecionar\u00e1 as melhores ideias sobre realidade virtual e aumentada<\/strong><\/p>\n<p>O evento, iniciativa do Minist\u00e9rio da Agricultura e Alimenta\u00e7\u00e3o, atrav\u00e9s da Dire\u00e7\u00e3o-Geral de Agricultura e Desenvolvimento Rural (DGADR), ser\u00e1 tamb\u00e9m palco do\u00a0Concurso Realidade virtual e realidade aumentada: Oportunidades para a sustentabilidade do agroneg\u00f3cio &#8211; CA, patrocinado pelo Cr\u00e9dito Agr\u00edcola. Nele participam equipas de jovens estudantes da \u00e1rea tecnol\u00f3gica.<\/p>\n<p>As tr\u00eas equipas mais votadas apresentar\u00e3o os seus projetos ao j\u00fari do Agro Tank, que, por sua vez, selecionar\u00e1 a equipa vencedora.<\/p>\n<p><strong>Entrega do Pr\u00e9mio Empreendedorismo e Inova\u00e7\u00e3o Cr\u00e9dito Agr\u00edcola<\/strong><\/p>\n<p>A entrega do Pr\u00e9mio reconhece os projetos nacionais mais inovadores nos setores agr\u00edcola, agro-alimentar e florestal.<\/p>\n<p><strong>Assinatura dos contratos de financiamento PRR &#8211; projetos I&amp;D+I-Agricultura 4.0<\/strong><\/p>\n<p>Assinatura dos contratos dos projetos de investiga\u00e7\u00e3o e inova\u00e7\u00e3o referentes \u00e0 iniciativa emblem\u00e1tica \u201cAgricultura 4.0\u201d, no \u00e2mbito do Plano de Recupera\u00e7\u00e3o e Resili\u00eancia (PRR) e da Agenda de Inova\u00e7\u00e3o para a Agricultura 2030.<\/p>\n<p>As inscri\u00e7\u00f5es podem ser realizadas no site do evento,\u00a0<a href=\"https:\/\/agroinov.rederural.gov.pt\/\">https:\/\/agroinov.rederural.gov.pt\/<\/a>, em que se encontram mais informa\u00e7\u00f5es sobre a Cimeira Nacional de AgroInova\u00e7\u00e3o.<\/p>\n<p><strong> \u00a0 Fonte: F5C<\/strong><\/p>\n","protected":false},"excerpt":{"rendered":"<p>As oportunidades que a tecnologia e a inova\u00e7\u00e3o representam para a sustentabilidade econ\u00f3mica e ambiental do agroneg\u00f3cio ser\u00e3o temas em destaque da Cimeira Nacional de AgroInova\u00e7\u00e3o 2022. O evento, que se realiza j\u00e1 nos dias 11 e 12 de outubro, no CNEMA, em Santar\u00e9m, sob o mote \u201cA inova\u00e7\u00e3o \u00e9 o motor do setor\u201d, incluir\u00e1 [&hellip;]<\/p>\n","protected":false},"author":2,"featured_media":20949,"comment_status":"open","ping_status":"open","sticky":false,"template":"","format":"standard","meta":{"footnotes":""},"categories":[7],"tags":[],"class_list":["post-20945","post","type-post","status-publish","format-standard","has-post-thumbnail","hentry","category-economia"],"_links":{"self":[{"href":"https:\/\/tintafresca.net\/index.php\/wp-json\/wp\/v2\/posts\/20945","targetHints":{"allow":["GET"]}}],"collection":[{"href":"https:\/\/tintafresca.net\/index.php\/wp-json\/wp\/v2\/posts"}],"about":[{"href":"https:\/\/tintafresca.net\/index.php\/wp-json\/wp\/v2\/types\/post"}],"author":[{"embeddable":true,"href":"https:\/\/tintafresca.net\/index.php\/wp-json\/wp\/v2\/users\/2"}],"replies":[{"embeddable":true,"href":"https:\/\/tintafresca.net\/index.php\/wp-json\/wp\/v2\/comments?post=20945"}],"version-history":[{"count":4,"href":"https:\/\/tintafresca.net\/index.php\/wp-json\/wp\/v2\/posts\/20945\/revisions"}],"predecessor-version":[{"id":20951,"href":"https:\/\/tintafresca.net\/index.php\/wp-json\/wp\/v2\/posts\/20945\/revisions\/20951"}],"wp:featuredmedia":[{"embeddable":true,"href":"https:\/\/tintafresca.net\/index.php\/wp-json\/wp\/v2\/media\/20949"}],"wp:attachment":[{"href":"https:\/\/tintafresca.net\/index.php\/wp-json\/wp\/v2\/media?parent=20945"}],"wp:term":[{"taxonomy":"category","embeddable":true,"href":"https:\/\/tintafresca.net\/index.php\/wp-json\/wp\/v2\/categories?post=20945"},{"taxonomy":"post_tag","embeddable":true,"href":"https:\/\/tintafresca.net\/index.php\/wp-json\/wp\/v2\/tags?post=20945"}],"curies":[{"name":"wp","href":"https:\/\/api.w.org\/{rel}","templated":true}]}}