{"id":20969,"date":"2022-10-07T17:23:05","date_gmt":"2022-10-07T17:23:05","guid":{"rendered":"https:\/\/tintafresca.net\/?p=20969"},"modified":"2022-10-07T17:30:39","modified_gmt":"2022-10-07T17:30:39","slug":"candidatura-bairro-comercial-digital-da-batalha-avanca-para-segunda-fase","status":"publish","type":"post","link":"https:\/\/tintafresca.net\/index.php\/2022\/10\/07\/candidatura-bairro-comercial-digital-da-batalha-avanca-para-segunda-fase\/","title":{"rendered":"Candidatura \u201cBairro Comercial Digital da Batalha\u201d avan\u00e7a para segunda fase"},"content":{"rendered":"<div id=\"attachment_20971\" style=\"width: 510px\" class=\"wp-caption alignleft\"><img loading=\"lazy\" decoding=\"async\" aria-describedby=\"caption-attachment-20971\" class=\"wp-image-20971 size-full\" src=\"https:\/\/tintafresca.net\/wp-content\/uploads\/2022\/10\/Batalha_vila10.jpg\" alt=\"\" width=\"500\" height=\"334\" srcset=\"https:\/\/tintafresca.net\/wp-content\/uploads\/2022\/10\/Batalha_vila10.jpg 500w, https:\/\/tintafresca.net\/wp-content\/uploads\/2022\/10\/Batalha_vila10-300x200.jpg 300w\" sizes=\"auto, (max-width: 500px) 100vw, 500px\" \/><p id=\"caption-attachment-20971\" class=\"wp-caption-text\">Vila da Batalha<\/p><\/div>\n<p>O \u201cProjeto Bairro Comercial Digital da Batalha\u201d, apresentado em cons\u00f3rcio pelo Munic\u00edpio com a ACILIS \u2013 Associa\u00e7\u00e3o de Com\u00e9rcio, Ind\u00fastria, Servi\u00e7os e Turismo da Regi\u00e3o de Leiria foi considerado eleg\u00edvel pelo painel de jurados com uma nota final de 4,8 valores, num m\u00e1ximo de 5.<\/p>\n<p>O \u201cProjeto Bairro Comercial Digital da Batalha\u201d, com uma dota\u00e7\u00e3o financeira de 545.100,01\u20ac, tem como principais objetivos estimular o crescimento econ\u00f3mico do com\u00e9rcio local atrav\u00e9s da introdu\u00e7\u00e3o dos meios digitais, capacitar os comerciantes da Vila da Batalha para os canais digitais, disponibilizando aos consumidores uma plataforma digital de venda online centralizada, acess\u00edvel e inclusiva.<\/p>\n<p>Constitui ainda um dos desideratos deste projeto, devidamente avaliado pelo j\u00fari, a implementa\u00e7\u00e3o de um projeto de uniformiza\u00e7\u00e3o da imagem comercial local da Vila da Batalha, adotando novos mecanismos de promo\u00e7\u00e3o digital e de capacita\u00e7\u00e3o log\u00edstica.<\/p>\n<p>Das 187 candidaturas submetidas a n\u00edvel nacional, apenas prosseguem para a segunda fase as que conseguiram um valor superior a 3 valores.<\/p>\n<p>\u201cCom esta candidatura realizada em cons\u00f3rcio pelo Munic\u00edpio e pela ACILIS, acredito que conseguiremos concretizar um projeto muito ambicioso, capaz de se traduzir pelo rejuvenescimento dos estabelecimentos comerciais do centro hist\u00f3rico da Vila da Batalha e zonas adjacentes\u201d, esclarece Raul Castro, Presidente da C\u00e2mara da Batalha.<\/p>\n<p>Refira-se que a candidatura do Munic\u00edpio e da ACILIS submetida ao programa Bairros Digitais, preconiza a adapta\u00e7\u00e3o do pequeno com\u00e9rcio da Vila da Batalha \u00e0s novas tend\u00eancias de consumo, numa clara aposta num modelo colaborativo, que valoriza a componente tecnol\u00f3gica, por forma a valorizar a atratividade destes neg\u00f3cios, conferindo-lhes maior din\u00e2mica competitiva.<\/p>\n<p><strong>\u00a0 Fonte: MB<\/strong><\/p>\n","protected":false},"excerpt":{"rendered":"<p>O \u201cProjeto Bairro Comercial Digital da Batalha\u201d, apresentado em cons\u00f3rcio pelo Munic\u00edpio com a ACILIS \u2013 Associa\u00e7\u00e3o de Com\u00e9rcio, Ind\u00fastria, Servi\u00e7os e Turismo da Regi\u00e3o de Leiria foi considerado eleg\u00edvel pelo painel de jurados com uma nota final de 4,8 valores, num m\u00e1ximo de 5. O \u201cProjeto Bairro Comercial Digital da Batalha\u201d, com uma dota\u00e7\u00e3o [&hellip;]<\/p>\n","protected":false},"author":2,"featured_media":17484,"comment_status":"open","ping_status":"open","sticky":false,"template":"","format":"standard","meta":{"footnotes":""},"categories":[7],"tags":[],"class_list":["post-20969","post","type-post","status-publish","format-standard","has-post-thumbnail","hentry","category-economia"],"_links":{"self":[{"href":"https:\/\/tintafresca.net\/index.php\/wp-json\/wp\/v2\/posts\/20969","targetHints":{"allow":["GET"]}}],"collection":[{"href":"https:\/\/tintafresca.net\/index.php\/wp-json\/wp\/v2\/posts"}],"about":[{"href":"https:\/\/tintafresca.net\/index.php\/wp-json\/wp\/v2\/types\/post"}],"author":[{"embeddable":true,"href":"https:\/\/tintafresca.net\/index.php\/wp-json\/wp\/v2\/users\/2"}],"replies":[{"embeddable":true,"href":"https:\/\/tintafresca.net\/index.php\/wp-json\/wp\/v2\/comments?post=20969"}],"version-history":[{"count":2,"href":"https:\/\/tintafresca.net\/index.php\/wp-json\/wp\/v2\/posts\/20969\/revisions"}],"predecessor-version":[{"id":20972,"href":"https:\/\/tintafresca.net\/index.php\/wp-json\/wp\/v2\/posts\/20969\/revisions\/20972"}],"wp:featuredmedia":[{"embeddable":true,"href":"https:\/\/tintafresca.net\/index.php\/wp-json\/wp\/v2\/media\/17484"}],"wp:attachment":[{"href":"https:\/\/tintafresca.net\/index.php\/wp-json\/wp\/v2\/media?parent=20969"}],"wp:term":[{"taxonomy":"category","embeddable":true,"href":"https:\/\/tintafresca.net\/index.php\/wp-json\/wp\/v2\/categories?post=20969"},{"taxonomy":"post_tag","embeddable":true,"href":"https:\/\/tintafresca.net\/index.php\/wp-json\/wp\/v2\/tags?post=20969"}],"curies":[{"name":"wp","href":"https:\/\/api.w.org\/{rel}","templated":true}]}}