{"id":20996,"date":"2022-10-08T15:57:20","date_gmt":"2022-10-08T15:57:20","guid":{"rendered":"https:\/\/tintafresca.net\/?p=20996"},"modified":"2022-10-08T15:58:52","modified_gmt":"2022-10-08T15:58:52","slug":"hospital-distrital-de-santarem-abre-portas-no-dia-mundial-da-saude-mental-com-diversas-atividades","status":"publish","type":"post","link":"https:\/\/tintafresca.net\/index.php\/2022\/10\/08\/hospital-distrital-de-santarem-abre-portas-no-dia-mundial-da-saude-mental-com-diversas-atividades\/","title":{"rendered":"Hospital Distrital de Santar\u00e9m abre portas no Dia Mundial da Sa\u00fade Mental com diversas atividades"},"content":{"rendered":"<div id=\"attachment_20999\" style=\"width: 410px\" class=\"wp-caption alignleft\"><img loading=\"lazy\" decoding=\"async\" aria-describedby=\"caption-attachment-20999\" class=\"wp-image-20999\" src=\"https:\/\/tintafresca.net\/wp-content\/uploads\/2022\/10\/Santarem_dia_Saude_Mental_HDS.jpg\" alt=\"\" width=\"400\" height=\"568\" srcset=\"https:\/\/tintafresca.net\/wp-content\/uploads\/2022\/10\/Santarem_dia_Saude_Mental_HDS.jpg 592w, https:\/\/tintafresca.net\/wp-content\/uploads\/2022\/10\/Santarem_dia_Saude_Mental_HDS-211x300.jpg 211w\" sizes=\"auto, (max-width: 400px) 100vw, 400px\" \/><p id=\"caption-attachment-20999\" class=\"wp-caption-text\">Cartaz<\/p><\/div>\n<p>O Hospital Distrital de Santar\u00e9m (HDS) promove o Dia Aberto OficINa no dia 10 de outubro, data em que se assinala o Dia Mundial da Sa\u00fade Mental. O evento, dinamizado pela Associa\u00e7\u00e3o <em>r<\/em>.<em>INserir<\/em>\u00a0\u2013 projeto OficINa \u2013 Arte Bruta Inclusiva e pelo Departamento de Psiquiatria e Sa\u00fade Mental do HDS, incluir\u00e1 a realiza\u00e7\u00e3o de diversas atividades entre as 10h00 e as 18h00 (ver cartaz).<\/p>\n","protected":false},"excerpt":{"rendered":"<p>O Hospital Distrital de Santar\u00e9m (HDS) promove o Dia Aberto OficINa no dia 10 de outubro, data em que se assinala o Dia Mundial da Sa\u00fade Mental. O evento, dinamizado pela Associa\u00e7\u00e3o r.INserir\u00a0\u2013 projeto OficINa \u2013 Arte Bruta Inclusiva e pelo Departamento de Psiquiatria e Sa\u00fade Mental do HDS, incluir\u00e1 a realiza\u00e7\u00e3o de diversas atividades [&hellip;]<\/p>\n","protected":false},"author":2,"featured_media":21000,"comment_status":"open","ping_status":"open","sticky":false,"template":"","format":"standard","meta":{"footnotes":""},"categories":[6],"tags":[],"class_list":["post-20996","post","type-post","status-publish","format-standard","has-post-thumbnail","hentry","category-saude"],"_links":{"self":[{"href":"https:\/\/tintafresca.net\/index.php\/wp-json\/wp\/v2\/posts\/20996","targetHints":{"allow":["GET"]}}],"collection":[{"href":"https:\/\/tintafresca.net\/index.php\/wp-json\/wp\/v2\/posts"}],"about":[{"href":"https:\/\/tintafresca.net\/index.php\/wp-json\/wp\/v2\/types\/post"}],"author":[{"embeddable":true,"href":"https:\/\/tintafresca.net\/index.php\/wp-json\/wp\/v2\/users\/2"}],"replies":[{"embeddable":true,"href":"https:\/\/tintafresca.net\/index.php\/wp-json\/wp\/v2\/comments?post=20996"}],"version-history":[{"count":3,"href":"https:\/\/tintafresca.net\/index.php\/wp-json\/wp\/v2\/posts\/20996\/revisions"}],"predecessor-version":[{"id":21001,"href":"https:\/\/tintafresca.net\/index.php\/wp-json\/wp\/v2\/posts\/20996\/revisions\/21001"}],"wp:featuredmedia":[{"embeddable":true,"href":"https:\/\/tintafresca.net\/index.php\/wp-json\/wp\/v2\/media\/21000"}],"wp:attachment":[{"href":"https:\/\/tintafresca.net\/index.php\/wp-json\/wp\/v2\/media?parent=20996"}],"wp:term":[{"taxonomy":"category","embeddable":true,"href":"https:\/\/tintafresca.net\/index.php\/wp-json\/wp\/v2\/categories?post=20996"},{"taxonomy":"post_tag","embeddable":true,"href":"https:\/\/tintafresca.net\/index.php\/wp-json\/wp\/v2\/tags?post=20996"}],"curies":[{"name":"wp","href":"https:\/\/api.w.org\/{rel}","templated":true}]}}