{"id":21050,"date":"2022-10-10T20:00:15","date_gmt":"2022-10-10T20:00:15","guid":{"rendered":"https:\/\/tintafresca.net\/?p=21050"},"modified":"2022-10-10T20:14:32","modified_gmt":"2022-10-10T20:14:32","slug":"ccdr-centro-e-governo-regional-de-castela-e-leao-vao-subscrever-a-declaracao-de-coimbra","status":"publish","type":"post","link":"https:\/\/tintafresca.net\/index.php\/2022\/10\/10\/ccdr-centro-e-governo-regional-de-castela-e-leao-vao-subscrever-a-declaracao-de-coimbra\/","title":{"rendered":"CCDR Centro e Governo Regional de Castela e Le\u00e3o v\u00e3o subscrever a \u201cDeclara\u00e7\u00e3o de Coimbra\u201d"},"content":{"rendered":"<div id=\"attachment_7940\" style=\"width: 410px\" class=\"wp-caption alignleft\"><img loading=\"lazy\" decoding=\"async\" aria-describedby=\"caption-attachment-7940\" class=\"wp-image-7940\" src=\"https:\/\/tintafresca.net\/wp-content\/uploads\/2021\/08\/CCDR_Centro_sede.jpg\" alt=\"\" width=\"400\" height=\"305\" \/><p id=\"caption-attachment-7940\" class=\"wp-caption-text\">Sede da CCDR do Centro<\/p><\/div>\n<p>A<strong> p<\/strong>residente da Comiss\u00e3o de Coordena\u00e7\u00e3o e Desenvolvimento Regional do Centro (CCDRC)<strong>, <\/strong>Isabel Damasceno, recebe esta ter\u00e7a-feira, dia 11 de outubro, uma delega\u00e7\u00e3o do Governo Regional de Castela e Le\u00e3o, chefiada pelo ministro da Presid\u00eancia, Jes\u00fas Julio Carnero.<\/p>\n<p>Al\u00e9m da reafirma\u00e7\u00e3o da import\u00e2ncia das rela\u00e7\u00f5es de coopera\u00e7\u00e3o entre as duas regi\u00f5es que remontam aos anos 90, este encontro ser\u00e1 marcado pela subscri\u00e7\u00e3o conjunta da \u201cDeclara\u00e7\u00e3o de Coimbra\u201d, que aprova o Plano Estrat\u00e9gico de Coopera\u00e7\u00e3o entre a regi\u00e3o Centro de Portugal e Castela e Le\u00e3o.<\/p>\n<p>Este Plano Estrat\u00e9gico pretende acolher as linhas orientadoras da coopera\u00e7\u00e3o entre todos os atores de Castela e Le\u00e3o e da regi\u00e3o Centro de Portugal, com aten\u00e7\u00e3o particular \u00e0 transi\u00e7\u00e3o ecol\u00f3gica e digital, dar resposta \u00e0s situa\u00e7\u00f5es decorrentes da pandemia e da instabilidade provocada pela guerra na Ucr\u00e2nia, bem como ser adequado \u00e0s prioridades da Agenda Europeia definidas para o novo Quadro Financeiro Plurianual 2021-2027.<\/p>\n<p>O Plano Estrat\u00e9gico est\u00e1 alinhado com os objetivos gerais da Uni\u00e3o Europeia para o per\u00edodo 2021-2027, com o Programa Operacional de Coopera\u00e7\u00e3o Transfronteiri\u00e7a Espanha-Portugal 2021-2027, com a Estrat\u00e9gia Comum de Desenvolvimento Transfronteiri\u00e7o e com os planos de recupera\u00e7\u00e3o de Espanha e Portugal associados ao instrumento de recupera\u00e7\u00e3o da UE, tendo como ponto de partida a realidade do territ\u00f3rio de coopera\u00e7\u00e3o CENCYL \u2013 Centro de Portugal-Castela e Le\u00e3o.<\/p>\n<p><strong> \u00a0 \u00a0 Fonte: CCDR|Centro<\/strong><\/p>\n","protected":false},"excerpt":{"rendered":"<p>A presidente da Comiss\u00e3o de Coordena\u00e7\u00e3o e Desenvolvimento Regional do Centro (CCDRC), Isabel Damasceno, recebe esta ter\u00e7a-feira, dia 11 de outubro, uma delega\u00e7\u00e3o do Governo Regional de Castela e Le\u00e3o, chefiada pelo ministro da Presid\u00eancia, Jes\u00fas Julio Carnero. Al\u00e9m da reafirma\u00e7\u00e3o da import\u00e2ncia das rela\u00e7\u00f5es de coopera\u00e7\u00e3o entre as duas regi\u00f5es que remontam aos anos [&hellip;]<\/p>\n","protected":false},"author":2,"featured_media":21053,"comment_status":"open","ping_status":"open","sticky":false,"template":"","format":"standard","meta":{"footnotes":""},"categories":[7],"tags":[],"class_list":["post-21050","post","type-post","status-publish","format-standard","has-post-thumbnail","hentry","category-economia"],"_links":{"self":[{"href":"https:\/\/tintafresca.net\/index.php\/wp-json\/wp\/v2\/posts\/21050","targetHints":{"allow":["GET"]}}],"collection":[{"href":"https:\/\/tintafresca.net\/index.php\/wp-json\/wp\/v2\/posts"}],"about":[{"href":"https:\/\/tintafresca.net\/index.php\/wp-json\/wp\/v2\/types\/post"}],"author":[{"embeddable":true,"href":"https:\/\/tintafresca.net\/index.php\/wp-json\/wp\/v2\/users\/2"}],"replies":[{"embeddable":true,"href":"https:\/\/tintafresca.net\/index.php\/wp-json\/wp\/v2\/comments?post=21050"}],"version-history":[{"count":2,"href":"https:\/\/tintafresca.net\/index.php\/wp-json\/wp\/v2\/posts\/21050\/revisions"}],"predecessor-version":[{"id":21052,"href":"https:\/\/tintafresca.net\/index.php\/wp-json\/wp\/v2\/posts\/21050\/revisions\/21052"}],"wp:featuredmedia":[{"embeddable":true,"href":"https:\/\/tintafresca.net\/index.php\/wp-json\/wp\/v2\/media\/21053"}],"wp:attachment":[{"href":"https:\/\/tintafresca.net\/index.php\/wp-json\/wp\/v2\/media?parent=21050"}],"wp:term":[{"taxonomy":"category","embeddable":true,"href":"https:\/\/tintafresca.net\/index.php\/wp-json\/wp\/v2\/categories?post=21050"},{"taxonomy":"post_tag","embeddable":true,"href":"https:\/\/tintafresca.net\/index.php\/wp-json\/wp\/v2\/tags?post=21050"}],"curies":[{"name":"wp","href":"https:\/\/api.w.org\/{rel}","templated":true}]}}