{"id":21096,"date":"2022-10-11T22:38:50","date_gmt":"2022-10-11T22:38:50","guid":{"rendered":"https:\/\/tintafresca.net\/?p=21096"},"modified":"2022-10-11T22:44:48","modified_gmt":"2022-10-11T22:44:48","slug":"mudancas-climaticas-podem-levar-a-uma-nova-onda-de-problemas-de-saude-mental-nos-proximos-meses","status":"publish","type":"post","link":"https:\/\/tintafresca.net\/index.php\/2022\/10\/11\/mudancas-climaticas-podem-levar-a-uma-nova-onda-de-problemas-de-saude-mental-nos-proximos-meses\/","title":{"rendered":"Mudan\u00e7as clim\u00e1ticas podem levar a uma nova onda de problemas de sa\u00fade mental nos pr\u00f3ximos meses"},"content":{"rendered":"<p><img loading=\"lazy\" decoding=\"async\" class=\"alignleft wp-image-21099\" src=\"https:\/\/tintafresca.net\/wp-content\/uploads\/2022\/10\/Chuva10.jpg\" alt=\"\" width=\"400\" height=\"533\" srcset=\"https:\/\/tintafresca.net\/wp-content\/uploads\/2022\/10\/Chuva10.jpg 500w, https:\/\/tintafresca.net\/wp-content\/uploads\/2022\/10\/Chuva10-225x300.jpg 225w\" sizes=\"auto, (max-width: 400px) 100vw, 400px\" \/>O conflito na Ucr\u00e2nia e o impacto das mudan\u00e7as clim\u00e1ticas parecem estar entre os principais fatores que causam uma onda crescente de dist\u00farbios de sa\u00fade mental na Europa, de acordo com as conclus\u00f5es do \u00faltimo relat\u00f3rio Headway: A new roadmap in Mental Health. O relat\u00f3rio foi apresentado no final de setembro pela The European House \u2013 Ambrosetti, um Think Tank italiano, juntamente com a Angelini Pharma, empresa farmac\u00eautica internacional que faz parte da empresa Angelini Industries.<\/p>\n<p><strong>Principais conclus\u00f5es do Relat\u00f3rio Headway\u00a0<\/strong><\/p>\n<p>Estima-se que 22,1% das pessoas sofrem de um transtorno mental em ambientes de conflito \u2013 1\/3 dos refugiados ucranianos podem desenvolver depress\u00e3o, transtornos de ansiedade ou transtorno de stress p\u00f3s-traum\u00e1tico (TSPT)<\/p>\n<p>Os efeitos diretos e indiretos das mudan\u00e7as clim\u00e1ticas na sa\u00fade mental atingem sobretudo os mais vulner\u00e1veis \u200b\u200be podem incluir sofrimento psicol\u00f3gico, maior mortalidade e aumento das taxas de suic\u00eddio<\/p>\n<p>Na Europa, o custo total relacionado com a doen\u00e7a mental chega a mais de 600 bili\u00f5es de euros (4% do PIB total da UE)<\/p>\n<p>Espera-se que os transtornos de sa\u00fade mental sejam respons\u00e1veis \u200b\u200bpor mais de metade da carga econ\u00f3mica global devido a doen\u00e7as n\u00e3o transmiss\u00edveis at\u00e9 2030<\/p>\n<p>Continuando uma tend\u00eancia j\u00e1 evidente nos resultados de 2021, os pa\u00edses do norte da Europa geralmente t\u00eam melhor pontua\u00e7\u00e3o no \u00cdndice, enquanto a Rom\u00e9nia, Bulg\u00e1ria e Eslov\u00e1quia est\u00e3o entre os pa\u00edses com pontua\u00e7\u00f5es mais baixas<\/p>\n<p><strong>Resumo do relat\u00f3rio<\/strong><\/p>\n<p>O relat\u00f3rio, que compara a sa\u00fade mental de 28 pa\u00edses europeus, usando 55 indicadores-chave de desempenho (KPIs), destaca diferen\u00e7as acentuadas em rela\u00e7\u00e3o ao estado da sa\u00fade mental e \u00e0 forma como os pa\u00edses est\u00e3o organizados para abordar problemas e apoiar as suas popula\u00e7\u00f5es. Refor\u00e7ando uma tend\u00eancia j\u00e1 evidente nos resultados de 2021, os pa\u00edses do norte da Europa geralmente apresentam uma melhor pontua\u00e7\u00e3o no \u00cdndice, enquanto pa\u00edses como a Rom\u00e9nia, Bulg\u00e1ria e Eslov\u00e1quia est\u00e3o entre aqueles com pontua\u00e7\u00f5es geralmente mais baixas.<\/p>\n<p>Pela primeira vez desde que a iniciativa Headway foi lan\u00e7ada em 2017, o \u00cdndice de Sa\u00fade Mental analisa especificamente os fatores ambientais da sa\u00fade mental e, nesse sentido, destaca o forte impacto de vari\u00e1veis como as mudan\u00e7as clim\u00e1ticas, conflitos e migra\u00e7\u00e3o. Os fatores ambientais s\u00e3o uma categoria recentemente enquadrada na sa\u00fade mental, que incorpora todas as condi\u00e7\u00f5es externas que afetam a vida, o desenvolvimento e a sobreviv\u00eancia das pessoas. A observa\u00e7\u00e3o desses fatores ambientais com impacto na sa\u00fade mental mostra que Dinamarca, Finl\u00e2ndia, Su\u00e9cia, Est\u00f3nia e Irlanda est\u00e3o comparativamente bem a esse respeito, enquanto os pa\u00edses do leste e do sul da Europa ainda t\u00eam um trabalho a fazer para abordar esses fatores da sa\u00fade, tendo a Rom\u00e9nia, Bulg\u00e1ria e a Gr\u00e9cia os fatores ambientais menos favor\u00e1veis.<\/p>\n<p>\u201cEste relat\u00f3rio redireciona a aten\u00e7\u00e3o internacional para a import\u00e2ncia das influ\u00eancias ambientais na sa\u00fade mental, como mudan\u00e7as clim\u00e1ticas, recess\u00e3o econ\u00f3mica ou crises geopol\u00edticas como a guerra na Ucr\u00e2nia\u201d, afirma Pierluigi Antonelli, CEO da Angelini Pharma. \u201cOs transtornos mentais continuam a causar um enorme peso social e econ\u00f3mico \u00e0s comunidades. As informa\u00e7\u00f5es do \u00cdndice de Sa\u00fade Mental 2.0 mostram que at\u00e9 2030 os transtornos de sa\u00fade mental ser\u00e3o respons\u00e1veis \u200b\u200bpor mais da metade da carga econ\u00f3mica global devido a doen\u00e7as n\u00e3o transmiss\u00edveis, e \u00e9 por isso que precisamos de agir agora!\u201d<\/p>\n<p><strong>Determinantes ambientais afetam os indiv\u00edduos de forma diferente<\/strong><\/p>\n<p>Embora a mudan\u00e7a clim\u00e1tica tenha sido documentada por impactar os resultados de sa\u00fade mental de forma semelhante em diferentes popula\u00e7\u00f5es, o \u00cdndice revela que afetar\u00e1 os indiv\u00edduos de forma diferente. Espera-se que os jovens, bem como aqueles que vivem com vulnerabilidades pr\u00e9-existentes, defici\u00eancias cognitivas\/de mobilidade ou aqueles que vivem na pobreza, sejam os mais afetados. O \u00cdndice descreve os impactos para incluir aumento da mortalidade, comportamentos impulsivos e agressivos e taxas mais altas de suic\u00eddio. Revela ainda que fatores anteriormente pouco discutidos, como o aumento m\u00e9dio mensal da temperatura de um grau, est\u00e3o associados a um aumento de 0,48% nas visitas aos servi\u00e7os de urg\u00eancia de sa\u00fade mental e a um aumento de 0,35% nos suic\u00eddios.<\/p>\n<p>Olhando para o impacto dos conflitos e da migra\u00e7\u00e3o, o \u00cdndice revela ainda que cerca de 22,1% das pessoas experimentam um transtorno mental em ambientes de conflito (13% com formas leves de depress\u00e3o, ansiedade e transtorno de stress p\u00f3s-traum\u00e1tico \u2013 TSPT; 4% com formas mais moderadas; 5,1% com depress\u00e3o e ansiedade graves, esquizofrenia e transtorno bipolar). Ap\u00f3s o conflito, aproximadamente uma em cada cinco pessoas continua a lutar contra depress\u00e3o, transtornos de ansiedade, transtorno de stress p\u00f3s-traum\u00e1tico, transtorno bipolar e esquizofrenia. Com 27 conflitos em curso em todo o mundo e 68,6 milh\u00f5es de pessoas deslocadas em todo o mundo, de acordo com as Na\u00e7\u00f5es Unidas, responder \u00e0s necessidades de sa\u00fade mental das pessoas afetadas por conflitos e migra\u00e7\u00f5es \u00e9 uma prioridade urgente.<\/p>\n<p><strong>Descobertas adicionais do relat\u00f3rio mostram o efeito cont\u00ednuo da pandemia<\/strong><\/p>\n<p>A pandemia covid-19 levou a um agravamento sem precedentes da sa\u00fade mental, com condi\u00e7\u00f5es como os transtornos de ansiedade e depress\u00e3o a registarem um aumento em mais de 25% em todo o mundo. Conforme descrito no relat\u00f3rio, isso ocorre porque 19% dos doentes n\u00e3o conseguiram ter acesso aos servi\u00e7os de sa\u00fade mental e 52% sofreram um agravamento da sua condi\u00e7\u00e3o durante a pandemia. A pandemia tamb\u00e9m teve um impacto profundo naqueles que trabalham na \u00e1rea da sa\u00fade: um maior risco de infe\u00e7\u00e3o, mais horas de trabalho e um grande volume de doentes contribu\u00edram para que os profissionais de sa\u00fade apresentassem n\u00edveis muito mais elevados de ansiedade (13% vs. 8,5%) e depress\u00e3o (12,2% vs. 9,5%) do que em pessoas com outras profiss\u00f5es.<\/p>\n<p>\u201cAinda h\u00e1 muito a ser feito para apoiar a sa\u00fade mental de doentes e profissionais de sa\u00fade ap\u00f3s a pandemia covid-19\u201d, defende Hilkka K\u00e4rkk\u00e4inen, presidente da GAMIAN Europe (associa\u00e7\u00e3o que representa os interesses das pessoas com doen\u00e7a mental). \u201cA sa\u00fade mental e a sa\u00fade f\u00edsica est\u00e3o intrinsecamente ligadas e tendo a covid-19 mudado a forma como vemos e acedemos aos cuidados de sa\u00fade, tornou-se uma prioridade que o apoio \u00e0 sa\u00fade mental seja igual ao que \u00e9 dado \u00e0 sa\u00fade f\u00edsica.\u201d<\/p>\n<p><strong>Grandes diferen\u00e7as na forma como os pa\u00edses est\u00e3o preparados para melhorar ou manter a sa\u00fade mental<\/strong><\/p>\n<p>O \u00cdndice descreve ainda as principais capacidades dos sistemas de sa\u00fade para melhorar ou manter os resultados de sa\u00fade mental no futuro. Embora os dados ainda revelem uma diferen\u00e7a significativa nas estrat\u00e9gias, pol\u00edticas e legisla\u00e7\u00e3o relativas \u00e0 sa\u00fade mental e haja varia\u00e7\u00f5es acentuadas nos gastos com sa\u00fade entre os pa\u00edses europeus (por exemplo, Fran\u00e7a 14,5% vs. Luxemburgo 1%), est\u00e3o a ser feitos avan\u00e7os com o aumento do seguimento em ambulat\u00f3rio dos problemas de sa\u00fade mental de 3,9 a 9,1 por 1.000.000 habitantes.<\/p>\n<p>\u201cO Headway Mental Health Index monitoriza diferentes aspetos da sa\u00fade mental, fornecendo uma ferramenta abrangente e din\u00e2mica para a monitoriza\u00e7\u00e3o e planeamento de pol\u00edticas de sa\u00fade, bem-estar, educa\u00e7\u00e3o e meio ambiente em Sa\u00fade Mental em todos os pa\u00edses europeus\u201d, disse Daniela Bianco, s\u00f3cia e Diretora da \u00c1rea de Cuidados de Sa\u00fade da The European House \u2013 Ambrosetti, \u201cPode ser considerado como uma b\u00fassola para quem cria pol\u00edticas para responderem e enfrentarem os desafios de hoje e de amanh\u00e3, melhorando o apoio \u00e0 sa\u00fade mental para os indiv\u00edduos e suas fam\u00edlias, a fim de garantir bem-estar, inclus\u00e3o, coes\u00e3o social, sustentabilidade e o crescimento das nossas sociedades\u201d.<\/p>\n<p><strong>Melhor apoio nos locais de trabalho, escolas e sociedade em geral<\/strong><\/p>\n<p>Um aspeto final do \u00cdndice diz respeito \u00e0 capacidade de resposta dos estados membros \u00e0s necessidades das pessoas com transtornos de sa\u00fade mental nos locais de trabalho, escolas e sociedade. Os transtornos de sa\u00fade mental afetam aproximadamente 20% da popula\u00e7\u00e3o em idade ativa com a taxa de desemprego para pessoas afetadas por uma condi\u00e7\u00e3o de sa\u00fade mental 7,7% maior do que para aqueles sem a mesma condi\u00e7\u00e3o. O custo geral relacionado com a doen\u00e7a mental na Europa equivale a 4% do PIB europeu total (mais de 600 bilh\u00f5es de euros), que pode ter aumentado ainda mais desde o surto de covid-19. Como nota positiva, mais de 45% dos pa\u00edses europeus j\u00e1 implementaram programas de preven\u00e7\u00e3o e promo\u00e7\u00e3o da sa\u00fade mental relacionados com o trabalho e 68% dos pa\u00edses europeus implementaram uma estrat\u00e9gia ou programa nacional com foco na promo\u00e7\u00e3o e preven\u00e7\u00e3o da sa\u00fade mental para crian\u00e7as e adolescentes.<\/p>\n<p>\u201cNa era da incerteza em que vivemos, os jovens est\u00e3o cada vez mais expostos a medos e preocupa\u00e7\u00f5es, muitas vezes com consequ\u00eancias negativas na sua sa\u00fade mental. Basta dizer que uma pessoa nascida no in\u00edcio dos anos 2000 j\u00e1 passou por uma grande recess\u00e3o e as respetivas subsequentes medidas de austeridade, uma pandemia global, conflitos geopol\u00edticos, uma crise de custo de vida e um mundo a adaptar-se \u00e0 magnitude das mudan\u00e7as clim\u00e1ticas e degrada\u00e7\u00e3o ambiental. Para garantir um futuro saud\u00e1vel para a parte mais jovem da popula\u00e7\u00e3o europeia, uma Estrat\u00e9gia de Sa\u00fade Mental da Uni\u00e3o Europeia deve envolver todos os atores e setores relevantes. Esta abordagem multifacetada n\u00e3o s\u00f3 seria mais eficaz, como tamb\u00e9m mais inclusiva e chegaria aos grupos de jovens mais vulner\u00e1veis \u200b\u200bou marginalizados\u201d, refere o deputado Brando Benifei, membro da MEP Mental Health Alliance.<\/p>\n<p>Para saber mais sobre o Headway: A new roadmap in Mental Health ou para aceder ao relat\u00f3rio completo, visite: <a href=\"https:\/\/eventi.ambrosetti.eu\/headway\/\">https:\/\/eventi.ambrosetti.eu\/headway\/<\/a><\/p>\n<p><strong>Fonte: hkstrategies.com<\/strong><\/p>\n","protected":false},"excerpt":{"rendered":"<p>O conflito na Ucr\u00e2nia e o impacto das mudan\u00e7as clim\u00e1ticas parecem estar entre os principais fatores que causam uma onda crescente de dist\u00farbios de sa\u00fade mental na Europa, de acordo com as conclus\u00f5es do \u00faltimo relat\u00f3rio Headway: A new roadmap in Mental Health. O relat\u00f3rio foi apresentado no final de setembro pela The European House [&hellip;]<\/p>\n","protected":false},"author":2,"featured_media":21100,"comment_status":"open","ping_status":"open","sticky":false,"template":"","format":"standard","meta":{"footnotes":""},"categories":[6],"tags":[],"class_list":["post-21096","post","type-post","status-publish","format-standard","has-post-thumbnail","hentry","category-saude"],"_links":{"self":[{"href":"https:\/\/tintafresca.net\/index.php\/wp-json\/wp\/v2\/posts\/21096","targetHints":{"allow":["GET"]}}],"collection":[{"href":"https:\/\/tintafresca.net\/index.php\/wp-json\/wp\/v2\/posts"}],"about":[{"href":"https:\/\/tintafresca.net\/index.php\/wp-json\/wp\/v2\/types\/post"}],"author":[{"embeddable":true,"href":"https:\/\/tintafresca.net\/index.php\/wp-json\/wp\/v2\/users\/2"}],"replies":[{"embeddable":true,"href":"https:\/\/tintafresca.net\/index.php\/wp-json\/wp\/v2\/comments?post=21096"}],"version-history":[{"count":3,"href":"https:\/\/tintafresca.net\/index.php\/wp-json\/wp\/v2\/posts\/21096\/revisions"}],"predecessor-version":[{"id":21101,"href":"https:\/\/tintafresca.net\/index.php\/wp-json\/wp\/v2\/posts\/21096\/revisions\/21101"}],"wp:featuredmedia":[{"embeddable":true,"href":"https:\/\/tintafresca.net\/index.php\/wp-json\/wp\/v2\/media\/21100"}],"wp:attachment":[{"href":"https:\/\/tintafresca.net\/index.php\/wp-json\/wp\/v2\/media?parent=21096"}],"wp:term":[{"taxonomy":"category","embeddable":true,"href":"https:\/\/tintafresca.net\/index.php\/wp-json\/wp\/v2\/categories?post=21096"},{"taxonomy":"post_tag","embeddable":true,"href":"https:\/\/tintafresca.net\/index.php\/wp-json\/wp\/v2\/tags?post=21096"}],"curies":[{"name":"wp","href":"https:\/\/api.w.org\/{rel}","templated":true}]}}