{"id":21102,"date":"2022-10-12T12:39:14","date_gmt":"2022-10-12T12:39:14","guid":{"rendered":"https:\/\/tintafresca.net\/?p=21102"},"modified":"2022-10-12T12:57:47","modified_gmt":"2022-10-12T12:57:47","slug":"municipio-de-leiria-inaugura-espaco-leiria-economia-no-edificio-do-mercado-municipal","status":"publish","type":"post","link":"https:\/\/tintafresca.net\/index.php\/2022\/10\/12\/municipio-de-leiria-inaugura-espaco-leiria-economia-no-edificio-do-mercado-municipal\/","title":{"rendered":"Munic\u00edpio de Leiria inaugura Espa\u00e7o Leiria Economia no edif\u00edcio do Mercado Municipal"},"content":{"rendered":"<div id=\"attachment_17198\" style=\"width: 510px\" class=\"wp-caption alignleft\"><img loading=\"lazy\" decoding=\"async\" aria-describedby=\"caption-attachment-17198\" class=\"wp-image-17198 size-full\" src=\"https:\/\/tintafresca.net\/wp-content\/uploads\/2022\/06\/Leiria_Mercado10.jpg\" alt=\"\" width=\"500\" height=\"375\" srcset=\"https:\/\/tintafresca.net\/wp-content\/uploads\/2022\/06\/Leiria_Mercado10.jpg 500w, https:\/\/tintafresca.net\/wp-content\/uploads\/2022\/06\/Leiria_Mercado10-300x225.jpg 300w\" sizes=\"auto, (max-width: 500px) 100vw, 500px\" \/><p id=\"caption-attachment-17198\" class=\"wp-caption-text\">Mercado Municipal de Leiria<\/p><\/div>\n<p>O Munic\u00edpio de Leiria vai inaugurar, no dia 18 de outubro, o Espa\u00e7o Leiria Economia, situado no piso 1 do Mercado Municipal de Leiria.<\/p>\n<p>Este projeto manteve lojas, vendedores e produtores locais no r\u00e9s-do-ch\u00e3o, tendo sido preparado o piso 1 do edif\u00edcio para servi\u00e7os na \u00e1rea da economia e inova\u00e7\u00e3o.<\/p>\n<p>Este espa\u00e7o \u2013 Leiria Economia \u2013 acolhe j\u00e1 as Divis\u00f5es da Economia, Com\u00e9rcio e Atividades Econ\u00f3micas e o Turismo e Grandes Eventos do Munic\u00edpio de Leiria, tal como o GIP \u2013 Gabinete de Inser\u00e7\u00e3o Profissional e uma \u00e1rea administrativa da CUF.<\/p>\n<p>A partir de agora, ap\u00f3s a dota\u00e7\u00e3o do espa\u00e7o das condi\u00e7\u00f5es devidas, vai tamb\u00e9m acolher o Espa\u00e7o Empresa, a Startup Leiria e, em breve, o Programa Brightstart que a Deloitte est\u00e1 a desenvolver com o Polit\u00e9cnico de Leiria.<\/p>\n<p>A \u00e1rea maior \u00e9 atribu\u00edda \u00e0 Startup de Leiria, uma incubadora e aceleradora de empresas que estimula a inova\u00e7\u00e3o e o empreendedorismo, contando j\u00e1 com cerca de 15 empresas \u2013 gabinetes e espa\u00e7o cowork. Esta liga\u00e7\u00e3o \u00e0 Startup \u00e9 muito relevante, dado que a associa\u00e7\u00e3o auxilia o processo empreendedor, desde as etapas iniciais \u00e0 entrada no mercado, criando maior valor e contribuindo para a taxa de sucesso.<\/p>\n<p>O programa brightstart representa uma inova\u00e7\u00e3o pedag\u00f3gica disruptiva, ao criar oportunidades de forma\u00e7\u00e3o com um processo de ensino-aprendizagem mais ativo e promotor de empregabilidade de jovens estudantes, proporcionando-lhes a resolu\u00e7\u00e3o de casos reais em contexto empresarial.<\/p>\n<p>A equipa da administra\u00e7\u00e3o da CUF Leiria encontra-se temporariamente numa das salas de reuni\u00f5es do edif\u00edcio do Mercado, onde tem desenvolvido as dilig\u00eancias necess\u00e1rias de suporte \u00e0 prepara\u00e7\u00e3o da abertura e funcionamento da futura Cl\u00ednica CUF.<\/p>\n<p><strong>\u00a0 \u00a0 \u00a0 Fonte: DCRP|CML<\/strong><\/p>\n<p>&nbsp;<\/p>\n","protected":false},"excerpt":{"rendered":"<p>O Munic\u00edpio de Leiria vai inaugurar, no dia 18 de outubro, o Espa\u00e7o Leiria Economia, situado no piso 1 do Mercado Municipal de Leiria. Este projeto manteve lojas, vendedores e produtores locais no r\u00e9s-do-ch\u00e3o, tendo sido preparado o piso 1 do edif\u00edcio para servi\u00e7os na \u00e1rea da economia e inova\u00e7\u00e3o. Este espa\u00e7o \u2013 Leiria Economia [&hellip;]<\/p>\n","protected":false},"author":2,"featured_media":17199,"comment_status":"open","ping_status":"open","sticky":false,"template":"","format":"standard","meta":{"footnotes":""},"categories":[7],"tags":[],"class_list":["post-21102","post","type-post","status-publish","format-standard","has-post-thumbnail","hentry","category-economia"],"_links":{"self":[{"href":"https:\/\/tintafresca.net\/index.php\/wp-json\/wp\/v2\/posts\/21102","targetHints":{"allow":["GET"]}}],"collection":[{"href":"https:\/\/tintafresca.net\/index.php\/wp-json\/wp\/v2\/posts"}],"about":[{"href":"https:\/\/tintafresca.net\/index.php\/wp-json\/wp\/v2\/types\/post"}],"author":[{"embeddable":true,"href":"https:\/\/tintafresca.net\/index.php\/wp-json\/wp\/v2\/users\/2"}],"replies":[{"embeddable":true,"href":"https:\/\/tintafresca.net\/index.php\/wp-json\/wp\/v2\/comments?post=21102"}],"version-history":[{"count":3,"href":"https:\/\/tintafresca.net\/index.php\/wp-json\/wp\/v2\/posts\/21102\/revisions"}],"predecessor-version":[{"id":21105,"href":"https:\/\/tintafresca.net\/index.php\/wp-json\/wp\/v2\/posts\/21102\/revisions\/21105"}],"wp:featuredmedia":[{"embeddable":true,"href":"https:\/\/tintafresca.net\/index.php\/wp-json\/wp\/v2\/media\/17199"}],"wp:attachment":[{"href":"https:\/\/tintafresca.net\/index.php\/wp-json\/wp\/v2\/media?parent=21102"}],"wp:term":[{"taxonomy":"category","embeddable":true,"href":"https:\/\/tintafresca.net\/index.php\/wp-json\/wp\/v2\/categories?post=21102"},{"taxonomy":"post_tag","embeddable":true,"href":"https:\/\/tintafresca.net\/index.php\/wp-json\/wp\/v2\/tags?post=21102"}],"curies":[{"name":"wp","href":"https:\/\/api.w.org\/{rel}","templated":true}]}}