{"id":21169,"date":"2022-10-14T09:00:26","date_gmt":"2022-10-14T09:00:26","guid":{"rendered":"https:\/\/tintafresca.net\/?p=21169"},"modified":"2022-10-14T09:31:54","modified_gmt":"2022-10-14T09:31:54","slug":"centro-hospitalar-de-leiria-desafia-sociedade-a-curar-coracoes-e-comunidades-vamos-falar-sobre-cuidados-paliativos","status":"publish","type":"post","link":"https:\/\/tintafresca.net\/index.php\/2022\/10\/14\/centro-hospitalar-de-leiria-desafia-sociedade-a-curar-coracoes-e-comunidades-vamos-falar-sobre-cuidados-paliativos\/","title":{"rendered":"Centro Hospitalar de Leiria desafia a \u201cCurar cora\u00e7\u00f5es e comunidades: vamos falar sobre Cuidados Paliativos?\u201d"},"content":{"rendered":"<div id=\"attachment_21171\" style=\"width: 410px\" class=\"wp-caption alignleft\"><img loading=\"lazy\" decoding=\"async\" aria-describedby=\"caption-attachment-21171\" class=\"wp-image-21171\" src=\"https:\/\/tintafresca.net\/wp-content\/uploads\/2022\/10\/CHL_Programa-Conferencia-de-Cuidados-Paliativos_20-de-outubro-de-2022_10.png\" alt=\"\" width=\"400\" height=\"566\" srcset=\"https:\/\/tintafresca.net\/wp-content\/uploads\/2022\/10\/CHL_Programa-Conferencia-de-Cuidados-Paliativos_20-de-outubro-de-2022_10.png 500w, https:\/\/tintafresca.net\/wp-content\/uploads\/2022\/10\/CHL_Programa-Conferencia-de-Cuidados-Paliativos_20-de-outubro-de-2022_10-212x300.png 212w\" sizes=\"auto, (max-width: 400px) 100vw, 400px\" \/><p id=\"caption-attachment-21171\" class=\"wp-caption-text\">Cartaz<\/p><\/div>\n<p>O Servi\u00e7o de Cuidados Paliativos do Centro Hospitalar de Leiria (CHL) desafia a sociedade a participar na confer\u00eancia dedicada ao tema \u201cCurar cora\u00e7\u00f5es e comunidades: vamos falar sobre Cuidados Paliativos?\u201d, que se realiza na manh\u00e3 do dia 20 de outubro no audit\u00f3rio 1 do edif\u00edcio B da Escola Superior de Tecnologia e Gest\u00e3o (ESTG) do Polit\u00e9cnico de Leiria. Esta iniciativa visa promover a literacia para a sa\u00fade na \u00e1rea dos Cuidados Paliativos e sensibilizar para a sua import\u00e2ncia junto de v\u00e1rias entidades e de toda a comunidade.<\/p>\n<p>No passado dia 8 de outubro celebrou-se o Dia Mundial de Cuidados Paliativos e durante este m\u00eas, em todo o mundo, pretende-se sensibilizar para esta \u00e1rea de presta\u00e7\u00e3o de cuidados de sa\u00fade. O tema deste ano \u00e9 \u201cHealing Hearts and Communities\u201d (Curar cora\u00e7\u00f5es e comunidades), com a finalidade de refletir sobre o luto, tendo em conta que a necessidade de curar tem um poder unificador nos seres humanos. Este \u00e9 um papel fulcral assumido pelos Cuidados Paliativos no apoio \u00e0s pessoas durante toda a doen\u00e7a, e depois promovendo uma experi\u00eancia de luto saud\u00e1vel.<\/p>\n<p>Catarina Faria, diretora do Servi\u00e7o de Cuidados Paliativos, destaca que \u201ceste encontro \u00e9 uma oportunidade de refletirmos, enquanto comunidade e cuidadores, de como curar o nosso cora\u00e7\u00e3o e o da nossa comunidade ap\u00f3s uma pandemia. Torna-se premente falar sobre os Cuidados Paliativos e cuidar de quem cuida de pessoas em fim de vida. Lan\u00e7amos o desafio de convidar a nossa comunidade para o cuidar nesta fase de vida e de promover a cria\u00e7\u00e3o de uma rede de apoio\u00bb.<\/p>\n<p>A confer\u00eancia abre as portas pelas 9h30 e tem in\u00edcio \u00e0s 10h00, com uma breve introdu\u00e7\u00e3o \u00e0 principal tem\u00e1tica do evento, prosseguindo com a partilha da experi\u00eancia de um profissional de sa\u00fade da equipa dos Cuidados Paliativos do CHL. Raquel Gomes, da SAMP \u2013 Sociedade Art\u00edstica e Musical dos Pousos, apresenta, pelas 11h00, o projeto \u201cAqui Contigo, o Som como \u00faltimo colo\u201d, e interpreta depois um momento musical, em un\u00edssono com Rebeca Aizic.<\/p>\n<p>Depois de uma breve pausa, Catarina Faria, diretora do Servi\u00e7o de Cuidados Paliativos do CHL, modera uma mesa redonda, intitulada \u201cDesafios em Cuidados Paliativos \u2013 passado, presente e futuro\u201d, que conta com as interven\u00e7\u00f5es de Isabel Galri\u00e7a Neto, diretora da Unidade de Paliativos do Hospital da Luz, e Manuel Lu\u00eds Capelas, professor na Universidade Cat\u00f3lica de Lisboa.<\/p>\n<p>A entrada \u00e9 livre, mas carece de inscri\u00e7\u00e3o obrigat\u00f3ria que pode ser feita <a href=\"https:\/\/forms.gle\/Sn2YyL1pG3A3sqCE8\">aqui<\/a>.<\/p>\n<p>O acesso aos Cuidados Paliativos, tanto para adultos como para crian\u00e7as, \u00e9 um direito, mas ainda n\u00e3o integra muitos dos sistemas nacionais de sa\u00fade na maioria dos pa\u00edses \u00e0 escala mundial, o que resulta na falta de financiamento e apoio nestes cuidados especializados. Uma outra meta ainda a alcan\u00e7ar \u00e9 a promo\u00e7\u00e3o da educa\u00e7\u00e3o e da literacia em sa\u00fade, desconstruindo o tabu de falar aberta e naturalmente sobre a morte e sobre o luto.<\/p>\n<p><strong> Fonte: Midlandcom<\/strong><\/p>\n","protected":false},"excerpt":{"rendered":"<p>O Servi\u00e7o de Cuidados Paliativos do Centro Hospitalar de Leiria (CHL) desafia a sociedade a participar na confer\u00eancia dedicada ao tema \u201cCurar cora\u00e7\u00f5es e comunidades: vamos falar sobre Cuidados Paliativos?\u201d, que se realiza na manh\u00e3 do dia 20 de outubro no audit\u00f3rio 1 do edif\u00edcio B da Escola Superior de Tecnologia e Gest\u00e3o (ESTG) do [&hellip;]<\/p>\n","protected":false},"author":2,"featured_media":21173,"comment_status":"open","ping_status":"open","sticky":false,"template":"","format":"standard","meta":{"footnotes":""},"categories":[6],"tags":[],"class_list":["post-21169","post","type-post","status-publish","format-standard","has-post-thumbnail","hentry","category-saude"],"_links":{"self":[{"href":"https:\/\/tintafresca.net\/index.php\/wp-json\/wp\/v2\/posts\/21169","targetHints":{"allow":["GET"]}}],"collection":[{"href":"https:\/\/tintafresca.net\/index.php\/wp-json\/wp\/v2\/posts"}],"about":[{"href":"https:\/\/tintafresca.net\/index.php\/wp-json\/wp\/v2\/types\/post"}],"author":[{"embeddable":true,"href":"https:\/\/tintafresca.net\/index.php\/wp-json\/wp\/v2\/users\/2"}],"replies":[{"embeddable":true,"href":"https:\/\/tintafresca.net\/index.php\/wp-json\/wp\/v2\/comments?post=21169"}],"version-history":[{"count":3,"href":"https:\/\/tintafresca.net\/index.php\/wp-json\/wp\/v2\/posts\/21169\/revisions"}],"predecessor-version":[{"id":21174,"href":"https:\/\/tintafresca.net\/index.php\/wp-json\/wp\/v2\/posts\/21169\/revisions\/21174"}],"wp:featuredmedia":[{"embeddable":true,"href":"https:\/\/tintafresca.net\/index.php\/wp-json\/wp\/v2\/media\/21173"}],"wp:attachment":[{"href":"https:\/\/tintafresca.net\/index.php\/wp-json\/wp\/v2\/media?parent=21169"}],"wp:term":[{"taxonomy":"category","embeddable":true,"href":"https:\/\/tintafresca.net\/index.php\/wp-json\/wp\/v2\/categories?post=21169"},{"taxonomy":"post_tag","embeddable":true,"href":"https:\/\/tintafresca.net\/index.php\/wp-json\/wp\/v2\/tags?post=21169"}],"curies":[{"name":"wp","href":"https:\/\/api.w.org\/{rel}","templated":true}]}}