{"id":21227,"date":"2022-10-16T06:39:22","date_gmt":"2022-10-16T06:39:22","guid":{"rendered":"https:\/\/tintafresca.net\/?p=21227"},"modified":"2022-10-16T06:54:00","modified_gmt":"2022-10-16T06:54:00","slug":"rita-marques-secretaria-de-estado-do-turismo-comercio-e-servicos-no-congresso-da-ahresp-2022-sustentabilidade-utopia-ou-sobrevivencia","status":"publish","type":"post","link":"https:\/\/tintafresca.net\/index.php\/2022\/10\/16\/rita-marques-secretaria-de-estado-do-turismo-comercio-e-servicos-no-congresso-da-ahresp-2022-sustentabilidade-utopia-ou-sobrevivencia\/","title":{"rendered":"\u201cPacote de 3 mil milh\u00f5es de euros tem objetivo de mitigar a fatura energ\u00e9tica das empresas na ordem dos 30 a 40%\u201d"},"content":{"rendered":"<div id=\"attachment_21229\" style=\"width: 510px\" class=\"wp-caption alignleft\"><img loading=\"lazy\" decoding=\"async\" aria-describedby=\"caption-attachment-21229\" class=\"wp-image-21229 size-full\" src=\"https:\/\/tintafresca.net\/wp-content\/uploads\/2022\/10\/Fatima_Rita_Marques20.jpg\" alt=\"\" width=\"500\" height=\"367\" srcset=\"https:\/\/tintafresca.net\/wp-content\/uploads\/2022\/10\/Fatima_Rita_Marques20.jpg 500w, https:\/\/tintafresca.net\/wp-content\/uploads\/2022\/10\/Fatima_Rita_Marques20-300x220.jpg 300w\" sizes=\"auto, (max-width: 500px) 100vw, 500px\" \/><p id=\"caption-attachment-21229\" class=\"wp-caption-text\">Rita Marques<\/p><\/div>\n<p>O segundo e \u00faltimo dia do congresso da AHRESP teve na entrevista \u00e0 secret\u00e1ria de Estado do Turismo, Com\u00e9rcio e Servi\u00e7os um dos momentos mais esperados. Na sess\u00e3o plen\u00e1ria realizada no grande audit\u00f3rio do Convento de S\u00e3o Francisco, em Coimbra, Rita Marques considerou a reposi\u00e7\u00e3o do IVA das bebidas na taxa interm\u00e9dia uma medida \u201cpositiva para as empresas\u201d.<\/p>\n<p>Compete agora \u00e0s associa\u00e7\u00f5es empresariais apresentarem as suas propostas, referiu Rita Marques, dando conta que \u201c\u00e9 uma conversa a ter com minist\u00e9rio das Finan\u00e7as\u201d.<\/p>\n<p>Embora seja da \u00e1rea de atua\u00e7\u00e3o do Minist\u00e9rio do Ambiente, os 3 mil milh\u00f5es de euros para fazer frente aos aumentos do g\u00e1s, da eletricidade e dos combust\u00edveis tamb\u00e9m foram abordados pela secret\u00e1ria de Estado do Turismo, Com\u00e9rcio e Servi\u00e7os: \u201cEstamos a assistir a uma escalada de pre\u00e7os na ordem dos 300 por cento. Os 3 mil milh\u00f5es de euros t\u00eam objetivo de mitigar a fatura energ\u00e9tica das nossas empresas na ordem dos 30 a 40 por cento. Para anular, por completo, o crescimento da fatura energ\u00e9tica precis\u00e1vamos de um pacote 10, 20, 30 vezes maior. Por muito que haja apoio, as consequ\u00eancias est\u00e3o a\u00ed. Temos de nos preparar\u201d.<\/p>\n<p>Antes, no arranque dos trabalhos do segundo dia do congresso \u2018Sustentabilidade \u2013 Utopia ou Sobreviv\u00eancia?\u2019, realizaram-se duas sess\u00f5es paralelas. Uma sob o tema \u2018Responsabilidade Social, Laboral e Compliance\u2019, com a participa\u00e7\u00e3o de Miguel Fontes, secret\u00e1rio de Estado do Trabalho, e outra intitulada \u2018Sustentabilidade ambiental \u2013 fator cr\u00edtico para os neg\u00f3cios?\u2019, com Lu\u00eds Ara\u00fajo, presidente do Turismo de Portugal.<\/p>\n<p>Na sess\u00e3o com o secret\u00e1rio de Estado do Trabalho, o painel foi un\u00e2nime na necessidade de valorizar os profissionais das atividades tur\u00edsticas, conferindo, por exemplo, um novo \u00e9lan a profiss\u00f5es como empregado de mesa ou respons\u00e1vel de sala. \u201cAqueles que conseguirem valorizar melhor o seu talento, criar melhores condi\u00e7\u00f5es para o reter, ter\u00e3o mais capacidade de atrair mais e melhor\u201d, afirmou Miguel Fontes.<\/p>\n<p>No debate sobre sustentabilidade ambiental, Lu\u00eds Ara\u00fajo refor\u00e7ou a ideia de que o Turismo \u00e9 \u201co principal motor da economia nacional\u201d, fruto de uma estrat\u00e9gia partilhada entre setor p\u00fablico e setor privado, que desde 2007 colocou a sustentabilidade no centro das suas prioridades.<\/p>\n<p><strong>\u00a0 \u00a0 Fonte: CC|AHRESP<\/strong><\/p>\n","protected":false},"excerpt":{"rendered":"<p>O segundo e \u00faltimo dia do congresso da AHRESP teve na entrevista \u00e0 secret\u00e1ria de Estado do Turismo, Com\u00e9rcio e Servi\u00e7os um dos momentos mais esperados. Na sess\u00e3o plen\u00e1ria realizada no grande audit\u00f3rio do Convento de S\u00e3o Francisco, em Coimbra, Rita Marques considerou a reposi\u00e7\u00e3o do IVA das bebidas na taxa interm\u00e9dia uma medida \u201cpositiva [&hellip;]<\/p>\n","protected":false},"author":2,"featured_media":21230,"comment_status":"open","ping_status":"open","sticky":false,"template":"","format":"standard","meta":{"footnotes":""},"categories":[7],"tags":[],"class_list":["post-21227","post","type-post","status-publish","format-standard","has-post-thumbnail","hentry","category-economia"],"_links":{"self":[{"href":"https:\/\/tintafresca.net\/index.php\/wp-json\/wp\/v2\/posts\/21227","targetHints":{"allow":["GET"]}}],"collection":[{"href":"https:\/\/tintafresca.net\/index.php\/wp-json\/wp\/v2\/posts"}],"about":[{"href":"https:\/\/tintafresca.net\/index.php\/wp-json\/wp\/v2\/types\/post"}],"author":[{"embeddable":true,"href":"https:\/\/tintafresca.net\/index.php\/wp-json\/wp\/v2\/users\/2"}],"replies":[{"embeddable":true,"href":"https:\/\/tintafresca.net\/index.php\/wp-json\/wp\/v2\/comments?post=21227"}],"version-history":[{"count":7,"href":"https:\/\/tintafresca.net\/index.php\/wp-json\/wp\/v2\/posts\/21227\/revisions"}],"predecessor-version":[{"id":21236,"href":"https:\/\/tintafresca.net\/index.php\/wp-json\/wp\/v2\/posts\/21227\/revisions\/21236"}],"wp:featuredmedia":[{"embeddable":true,"href":"https:\/\/tintafresca.net\/index.php\/wp-json\/wp\/v2\/media\/21230"}],"wp:attachment":[{"href":"https:\/\/tintafresca.net\/index.php\/wp-json\/wp\/v2\/media?parent=21227"}],"wp:term":[{"taxonomy":"category","embeddable":true,"href":"https:\/\/tintafresca.net\/index.php\/wp-json\/wp\/v2\/categories?post=21227"},{"taxonomy":"post_tag","embeddable":true,"href":"https:\/\/tintafresca.net\/index.php\/wp-json\/wp\/v2\/tags?post=21227"}],"curies":[{"name":"wp","href":"https:\/\/api.w.org\/{rel}","templated":true}]}}