{"id":21276,"date":"2022-10-17T21:36:14","date_gmt":"2022-10-17T21:36:14","guid":{"rendered":"https:\/\/tintafresca.net\/?p=21276"},"modified":"2022-10-17T21:38:45","modified_gmt":"2022-10-17T21:38:45","slug":"direcao-da-nersant-clarifica-gestao-e-contesta-noticias-negativas-publicadas-pelo-jornal-o-mirante","status":"publish","type":"post","link":"https:\/\/tintafresca.net\/index.php\/2022\/10\/17\/direcao-da-nersant-clarifica-gestao-e-contesta-noticias-negativas-publicadas-pelo-jornal-o-mirante\/","title":{"rendered":"Dire\u00e7\u00e3o da Nersant clarifica gest\u00e3o e contesta not\u00edcias negativas publicadas pelo jornal O Mirante"},"content":{"rendered":"<div id=\"attachment_21279\" style=\"width: 410px\" class=\"wp-caption alignleft\"><img loading=\"lazy\" decoding=\"async\" aria-describedby=\"caption-attachment-21279\" class=\"wp-image-21279\" src=\"https:\/\/tintafresca.net\/wp-content\/uploads\/2022\/10\/Nersant_Domingos_Chambel10.jpg\" alt=\"\" width=\"400\" height=\"410\" srcset=\"https:\/\/tintafresca.net\/wp-content\/uploads\/2022\/10\/Nersant_Domingos_Chambel10.jpg 499w, https:\/\/tintafresca.net\/wp-content\/uploads\/2022\/10\/Nersant_Domingos_Chambel10-292x300.jpg 292w\" sizes=\"auto, (max-width: 400px) 100vw, 400px\" \/><p id=\"caption-attachment-21279\" class=\"wp-caption-text\">Domingos Chambel<\/p><\/div>\n<p>A Dire\u00e7\u00e3o da Nersant reuniu no dia 11 de outubro, com alguns meios de comunica\u00e7\u00e3o social regional, com o objetivo \u201cda clarifica\u00e7\u00e3o e transpar\u00eancia da gest\u00e3o da Nersant, do trabalho desenvolvido, da sua situa\u00e7\u00e3o financeira e dos objetivos alcan\u00e7ados\u201d, em resposta ao que considera \u201ctrapalhadas e falsas not\u00edcias\u201d publicadas pelo jornal O Mirante.<\/p>\n<p>Na reuni\u00e3o, o Presidente da Dire\u00e7\u00e3o, Domingos Chambel come\u00e7ou por explicar que nesta ocasi\u00e3o n\u00e3o pretendia auditar nem criticar os seus antecessores presidentes. \u201cDentro da conjuntura econ\u00f3mica que cada um enfrentou, o Eng.\u00ba Jos\u00e9 Eduardo Mar\u00e7al, o Dr. Jos\u00e9 Eduardo Carvalho e a Dr.\u00aa Maria Salom\u00e9 geriram esta casa o melhor que puderam e souberam, dando parte da sua vida \u00e0 Nersant e contribuindo decisivamente para o desenvolvimento regional\u201d, iniciou.<\/p>\n<p>O presidente explicou de seguida a estrat\u00e9gia da dire\u00e7\u00e3o. \u201cA estrat\u00e9gia desta dire\u00e7\u00e3o passou pela nomea\u00e7\u00e3o de tr\u00eas vice-presidentes com o objetivo de descentralizar e delegar compet\u00eancias para uma gest\u00e3o mais participativa\u201d, enunciando de seguida o que considerou \u201ctrabalho exemplar\u201d de cada um no \u00e2mbito da representa\u00e7\u00e3o da Nersant nos diversos organismos dos quais faz parte, como a CIP, Agrocluster Ribatejo, Garval, Tagusvalley, Nerventure, Parque Almourol entre outros, desmentindo assim categoricamente a inatividade dos vice-presidente publicada pelo jornal O Mirante, a qual considera s\u00f3 terem um objetivo: \u201cdividir a Dire\u00e7\u00e3o e denegrir a sua imagem\u201d.<\/p>\n<p>\u201cQuanto \u00e0 recusa em \u201cpedir financiamentos e em assinar responsabilidades na gest\u00e3o de Maria Salom\u00e9 Rafael\u201d, o presidente da Dire\u00e7\u00e3o garante que tal facto \u00e9 mais uma not\u00edcia falsa de O Mirante, uma vez que \u201ca Nersant, com esta dire\u00e7\u00e3o, j\u00e1 fez dois financiamentos em dois anos\u201d e, na anterior dire\u00e7\u00e3o, a 3 de julho de 2015, assinou, \u201cna qualidade de vice-presidente com o tesoureiro, na aus\u00eancia da presidente da Dire\u00e7\u00e3o, o refinanciamento de 1.500.000,00\u20ac, dos quais j\u00e1 amortiz\u00e1mos 90%\u201d.<\/p>\n<p>O presidente da Dire\u00e7\u00e3o garantiu ainda que, \u201cao contr\u00e1rio do que diz o jornal O Mirante maliciosamente, a Nersant n\u00e3o est\u00e1 prestes a fechar\u201d. Quanto ao pagamento dos ordenados \u201cfora de prazo\u201d, como O Mirante anuncia falaciosamente, Domingos Chambel assegurou que \u201cos vencimentos aos colaboradores da Nersant foram sempre pagos at\u00e9 ao \u00faltimo dia \u00fatil do m\u00eas a que respeitam. \u201cS\u00f3 algu\u00e9m de m\u00e1 f\u00e9 como o Sr. Joaquim Em\u00eddio n\u2019 O Mirante, num claro desrespeito e descr\u00e9dito da Nersant , ressabiado por lhe tirarem a mordomias que recebia sem trabalho e sem esfor\u00e7o, usa a mentira e a inf\u00e2mia publicando no seu pasquim a difamada not\u00edcia\u201d, sublinhou.<\/p>\n<div id=\"attachment_21280\" style=\"width: 510px\" class=\"wp-caption alignleft\"><img loading=\"lazy\" decoding=\"async\" aria-describedby=\"caption-attachment-21280\" class=\"wp-image-21280 size-full\" src=\"https:\/\/tintafresca.net\/wp-content\/uploads\/2022\/10\/Nersant_conferencia_imprensa10.jpg\" alt=\"\" width=\"500\" height=\"333\" srcset=\"https:\/\/tintafresca.net\/wp-content\/uploads\/2022\/10\/Nersant_conferencia_imprensa10.jpg 500w, https:\/\/tintafresca.net\/wp-content\/uploads\/2022\/10\/Nersant_conferencia_imprensa10-300x200.jpg 300w\" sizes=\"auto, (max-width: 500px) 100vw, 500px\" \/><p id=\"caption-attachment-21280\" class=\"wp-caption-text\">Confer\u00eancia de imprensa da Dire\u00e7\u00e3o da Nersant<\/p><\/div>\n<p>Na abordagem financeira da Nersant, face \u00e0 not\u00edcia de O Mirante \u201cNersant afundada em d\u00edvidas\u201d, Domingos Chambel argumentou que, \u201cquanto a d\u00edvidas, temos algumas como qualquer organiza\u00e7\u00e3o cong\u00e9nere, para as quais faz quest\u00e3o de honrar os seus compromissos como sempre tem feito, no entanto, temos que reconhecer que O Mirante e o Sr. Joaquim Em\u00eddio tem grande responsabilidade na situa\u00e7\u00e3o financeira da Nersant, pois quem subtrai todos os meses 2.635,00\u20ac \u00e0 Nersant sem fazer qualquer trabalho ou esfor\u00e7o num descarado oportunismo, n\u00e3o tem qualquer legitimidade para se prenunciar sobre a situa\u00e7\u00e3o financeira da associa\u00e7\u00e3o\u201d.<\/p>\n<p>\u201cLembramos que O Mirante, desde 2011, j\u00e1 faturou \u00e0 Nersant mais de 300.000\u20ac ao abrigo de um protocolo da participada do Joaquim Em\u00eddio, Terra Branca, com a Nersant para servi\u00e7os de assessoria de comunica\u00e7\u00e3o social, nunca existentes, emitindo faturas de 144 assinaturas\u201d, caso a ser resolvido nas inst\u00e2ncias judiciais\u201d, referiu Domingos Chambel.<\/p>\n<p>Em resposta \u00e0 falta de tempo e prepara\u00e7\u00e3o do presidente da Dire\u00e7\u00e3o para gerir a Nersant, Domingos Chambel afirmou \u201cque n\u00e3o me cabe a mim gerir as minhas capacidades, pelo que iremos apresentar todo o trabalho que uma vasta e competente equipa, Dire\u00e7\u00e3o e presidente desenvolveram nos seus dois anos de mandato, quer no campo dos eventos, empreendedorismo, forma\u00e7\u00e3o, internacionaliza\u00e7\u00e3o e startups\u201d.<\/p>\n<p>A apresenta\u00e7\u00e3o, elencada por Ant\u00f3nio Campos, presidente da Comiss\u00e3o Executiva da Nersant, deu conta da atividade da associa\u00e7\u00e3o, contrariando assim a not\u00edcia do jornal O Mirante, que diz que a associa\u00e7\u00e3o \u201cdesapareceu do mapa da regi\u00e3o\u201d.<\/p>\n<p>O presidente da Dire\u00e7\u00e3o da Nersant focou-se, de seguida, no esclarecimento da situa\u00e7\u00e3o financeira da Nersant. \u201cQuando nos apresent\u00e1mos a sufr\u00e1gio em plena pandemia em 2020, t\u00ednhamos a consci\u00eancia das dificuldades que ir\u00edamos enfrentar: empresas paradas, a trabalhar parcialmente, sem informa\u00e7\u00e3o, sem apoio, com cadeias de abastecimento quebradas, conjuntura negativa mundial e cr\u00e9dito fechado. Perante tal quadro, seria mais f\u00e1cil desistir e invocar motivos pessoais e virar as costas, mas todos os membros da dire\u00e7\u00e3o aceitaram o desafio: se as empresas precisam de n\u00f3s, n\u00e3o \u00e9 agora que a Nersant vai fraquejar. \u201c<\/p>\n<p>Pelo contr\u00e1rio, \u201csuper\u00e1mos todas as expetativas, quer no apoio direto ou indireto, atrav\u00e9s dos v\u00e1rios Minist\u00e9rios, com a CIP e a AIP. Face ao chumbo do or\u00e7amento, seguiu-se uma gest\u00e3o or\u00e7amental do Estado em duod\u00e9cimos, com pagamentos sem qualquer previs\u00e3o, acompanhada de uma guerra devastadora que empurrou a economia da Europa a tangera recess\u00e3o, numa completa imprevisibilidade de crescimento mundial. Foi nesta dif\u00edcil conjuntura que a Nersant desenvolveu todos os projetos apresentados, conseguindo mesmo assim recuperar financeiramente em rela\u00e7\u00e3o ao in\u00edcio do seu mandato\u201d, registou Domingos Chambel.<\/p>\n<p>\u201cCriticar depreciativamente a situa\u00e7\u00e3o financeira da Nersant e n\u00e3o ter em conta todo este contexto, n\u00e3o pode ser uma abordagem s\u00e9ria, nem aporta credibilidade a quem a difunde\u201d, fez saber o presidente da Dire\u00e7\u00e3o da Nersant, acrescentando que a motiva\u00e7\u00e3o de todos estes \u201cataques \u00e0 Nersant, Dire\u00e7\u00e3o, seu presidente e vice-presidentes, s\u00f3 tem uma justifica\u00e7\u00e3o: a decis\u00e3o da Dire\u00e7\u00e3o da Nersant, num ato de leg\u00edtima e boa gest\u00e3o, denunciar o contrato mensal existente com a empresa Terra Branca, participada do Joaquim Em\u00eddio dono de O Mirante\u201d, sendo estes \u201cataques\u201d, \u201cuma atitude persecut\u00f3ria e de repres\u00e1lia pelas mordomias agora perdidas\u201d.<\/p>\n<p>\u201cO Sr. Joaquim Em\u00eddio e O Mirante fazem parte do problema, enxovalham e espezinham autarcas, empres\u00e1rios, empresas e institui\u00e7\u00f5es que trabalham dia e noite em prol dos seus concidad\u00e3os, dos seus trabalhadores, das suas gentes e regi\u00e3o\u201d, continuou Domingos Chambel, acrescentando que o \u201cSr. Joaquim Em\u00eddio e O Mirante, s\u00f3 visam o lucro, s\u00f3 o lucro, e perseguem quem lhe tira o d\u00edzimo, prestando-se a tudo para vender jornais e publicidade\u201d.<\/p>\n<p>Por este comportamento que prejudica \u201cgravemente a Nersant\u201d, Domingos Chambel avan\u00e7ou que \u201ca Dire\u00e7\u00e3o da associa\u00e7\u00e3o deliberou entrar em blackout total com o Jornal O Mirante at\u00e9 este formalizar um pedido de desculpas \u00e0 Nersant, ou ter um comportamento digno na sociedade regional.\u201d<\/p>\n<p>O presidente da Dire\u00e7\u00e3o frisou ainda na confer\u00eancia que \u201ca Nersant n\u00e3o visa o lucro, n\u00e3o distribui dividendos e tem como seu objeto o apoio \u00e0s empresas, empres\u00e1rios, desenvolvimento econ\u00f3mico regional e bem-estar social. Os seus diretores n\u00e3o auferem qualquer vencimento ou qualquer regalia, subtraem \u00e0s suas empresas e fam\u00edlias, milhares de horas e euros, pagando tudo do seu bolso, a bem do interesse coletivo catalisador do desenvolvimento regional\u201d.<\/p>\n<p>A terminar, a Dire\u00e7\u00e3o da Nersant assegura ainda que, na edi\u00e7\u00e3o de 13 de outubro, \u201co Mirante manhosamente j\u00e1 vem a deturpar tudo quanto se disse na confer\u00eancia de imprensa da Nersant\u201d, concluindo que \u201cos empres\u00e1rios t\u00eam e devem ter op\u00e7\u00f5es para quem prejudica a sua associa\u00e7\u00e3o\u201d.<\/p>\n<p><strong>Fonte: GAP|Nersant<\/strong><\/p>\n","protected":false},"excerpt":{"rendered":"<p>A Dire\u00e7\u00e3o da Nersant reuniu no dia 11 de outubro, com alguns meios de comunica\u00e7\u00e3o social regional, com o objetivo \u201cda clarifica\u00e7\u00e3o e transpar\u00eancia da gest\u00e3o da Nersant, do trabalho desenvolvido, da sua situa\u00e7\u00e3o financeira e dos objetivos alcan\u00e7ados\u201d, em resposta ao que considera \u201ctrapalhadas e falsas not\u00edcias\u201d publicadas pelo jornal O Mirante. Na reuni\u00e3o, [&hellip;]<\/p>\n","protected":false},"author":2,"featured_media":21281,"comment_status":"open","ping_status":"open","sticky":false,"template":"","format":"standard","meta":{"footnotes":""},"categories":[7],"tags":[],"class_list":["post-21276","post","type-post","status-publish","format-standard","has-post-thumbnail","hentry","category-economia"],"_links":{"self":[{"href":"https:\/\/tintafresca.net\/index.php\/wp-json\/wp\/v2\/posts\/21276","targetHints":{"allow":["GET"]}}],"collection":[{"href":"https:\/\/tintafresca.net\/index.php\/wp-json\/wp\/v2\/posts"}],"about":[{"href":"https:\/\/tintafresca.net\/index.php\/wp-json\/wp\/v2\/types\/post"}],"author":[{"embeddable":true,"href":"https:\/\/tintafresca.net\/index.php\/wp-json\/wp\/v2\/users\/2"}],"replies":[{"embeddable":true,"href":"https:\/\/tintafresca.net\/index.php\/wp-json\/wp\/v2\/comments?post=21276"}],"version-history":[{"count":2,"href":"https:\/\/tintafresca.net\/index.php\/wp-json\/wp\/v2\/posts\/21276\/revisions"}],"predecessor-version":[{"id":21282,"href":"https:\/\/tintafresca.net\/index.php\/wp-json\/wp\/v2\/posts\/21276\/revisions\/21282"}],"wp:featuredmedia":[{"embeddable":true,"href":"https:\/\/tintafresca.net\/index.php\/wp-json\/wp\/v2\/media\/21281"}],"wp:attachment":[{"href":"https:\/\/tintafresca.net\/index.php\/wp-json\/wp\/v2\/media?parent=21276"}],"wp:term":[{"taxonomy":"category","embeddable":true,"href":"https:\/\/tintafresca.net\/index.php\/wp-json\/wp\/v2\/categories?post=21276"},{"taxonomy":"post_tag","embeddable":true,"href":"https:\/\/tintafresca.net\/index.php\/wp-json\/wp\/v2\/tags?post=21276"}],"curies":[{"name":"wp","href":"https:\/\/api.w.org\/{rel}","templated":true}]}}