{"id":21295,"date":"2022-10-18T17:47:27","date_gmt":"2022-10-18T17:47:27","guid":{"rendered":"https:\/\/tintafresca.net\/?p=21295"},"modified":"2022-10-18T17:58:44","modified_gmt":"2022-10-18T17:58:44","slug":"camara-da-batalha-vai-ouvir-empresarios-sobre-as-perspetivas-face-a-grave-crise-energetica-e-a-instabilidade-dos-mercados","status":"publish","type":"post","link":"https:\/\/tintafresca.net\/index.php\/2022\/10\/18\/camara-da-batalha-vai-ouvir-empresarios-sobre-as-perspetivas-face-a-grave-crise-energetica-e-a-instabilidade-dos-mercados\/","title":{"rendered":"C\u00e2mara da Batalha vai ouvir empres\u00e1rios sobre perspetivas face \u00e0 grave crise energ\u00e9tica e \u00e0 instabilidade dos mercados"},"content":{"rendered":"<div id=\"attachment_21297\" style=\"width: 510px\" class=\"wp-caption alignleft\"><img loading=\"lazy\" decoding=\"async\" aria-describedby=\"caption-attachment-21297\" class=\"wp-image-21297 size-full\" src=\"https:\/\/tintafresca.net\/wp-content\/uploads\/2022\/10\/Batalha_Zona-Industrial_Jardoeira10.jpg\" alt=\"\" width=\"500\" height=\"303\" srcset=\"https:\/\/tintafresca.net\/wp-content\/uploads\/2022\/10\/Batalha_Zona-Industrial_Jardoeira10.jpg 500w, https:\/\/tintafresca.net\/wp-content\/uploads\/2022\/10\/Batalha_Zona-Industrial_Jardoeira10-300x182.jpg 300w\" sizes=\"auto, (max-width: 500px) 100vw, 500px\" \/><p id=\"caption-attachment-21297\" class=\"wp-caption-text\">Parque Industrial da Jardoeira<\/p><\/div>\n<p>A C\u00e2mara da Batalha vai promover, ainda no m\u00eas de outubro, diversos encontros setoriais com os maiores empres\u00e1rios do Concelho com o intuito de analisar, face \u00e0 grave crise energ\u00e9tica e \u00e0 instabilidade dos mercados, que perspetivas se afiguram para o pr\u00f3ximo ano.<\/p>\n<p>Depois de conhecido o cen\u00e1rio macroecon\u00f3mico do Governo que serviu de base \u00e0 constru\u00e7\u00e3o da proposta de Or\u00e7amento para o pr\u00f3ximo exerc\u00edcio e que \u00e9 antecipado um abrandamento da economia para 1,3% e uma infla\u00e7\u00e3o de 4%, torna-se fundamental ouvir os empres\u00e1rios do concelho com o intuito de potenciar a coopera\u00e7\u00e3o empresarial entre Autarquia e um dos maiores ativos do territ\u00f3rio: as empresas.<\/p>\n<p>Pretende-se ainda que no final destes encontros, que contar\u00e3o com o envolvimento e parceria da NERLEI \u2013 Associa\u00e7\u00e3o Empresarial da Regi\u00e3o de Leiria, seja dado a conhecer ao Governo os anseios e as propostas dos empres\u00e1rios do Concelho da Batalha capazes de atenuar os impactos da forte retra\u00e7\u00e3o econ\u00f3mica que se perspetiva para 2023.<\/p>\n<p>Ao ouvir os empres\u00e1rios, numa altura de grande instabilidade dos mercados e de uma infla\u00e7\u00e3o galopante, \u201ca C\u00e2mara da Batalha assume o seu papel de proximidade ao tecido produtivo e efetuar\u00e1 todos os esfor\u00e7os para que junto do Governo as pretens\u00f5es dos empres\u00e1rios sejam ouvidas\u201d, esclarece Raul Castro, Presidente da C\u00e2mara da Batalha.<\/p>\n<p>Aponte-se que na componente energ\u00e9tica e dos seus custos associados \u00e0 comercializa\u00e7\u00e3o e distribui\u00e7\u00e3o, a C\u00e2mara da Batalha, conjuntamente com mais de uma dezena de entidades, j\u00e1 encetou os trabalhos para a constitui\u00e7\u00e3o de uma CER &#8211; Comunidade\u00a0de\u00a0Energia\u00a0Renov\u00e1vel, num ambicioso projeto que para al\u00e9m de produzir e consumir, tamb\u00e9m partilha, armazena e vende a energia excedente.<\/p>\n<p><strong>Fonte: MB<\/strong><\/p>\n","protected":false},"excerpt":{"rendered":"<p>A C\u00e2mara da Batalha vai promover, ainda no m\u00eas de outubro, diversos encontros setoriais com os maiores empres\u00e1rios do Concelho com o intuito de analisar, face \u00e0 grave crise energ\u00e9tica e \u00e0 instabilidade dos mercados, que perspetivas se afiguram para o pr\u00f3ximo ano. Depois de conhecido o cen\u00e1rio macroecon\u00f3mico do Governo que serviu de base [&hellip;]<\/p>\n","protected":false},"author":2,"featured_media":21298,"comment_status":"open","ping_status":"open","sticky":false,"template":"","format":"standard","meta":{"footnotes":""},"categories":[7],"tags":[],"class_list":["post-21295","post","type-post","status-publish","format-standard","has-post-thumbnail","hentry","category-economia"],"_links":{"self":[{"href":"https:\/\/tintafresca.net\/index.php\/wp-json\/wp\/v2\/posts\/21295","targetHints":{"allow":["GET"]}}],"collection":[{"href":"https:\/\/tintafresca.net\/index.php\/wp-json\/wp\/v2\/posts"}],"about":[{"href":"https:\/\/tintafresca.net\/index.php\/wp-json\/wp\/v2\/types\/post"}],"author":[{"embeddable":true,"href":"https:\/\/tintafresca.net\/index.php\/wp-json\/wp\/v2\/users\/2"}],"replies":[{"embeddable":true,"href":"https:\/\/tintafresca.net\/index.php\/wp-json\/wp\/v2\/comments?post=21295"}],"version-history":[{"count":3,"href":"https:\/\/tintafresca.net\/index.php\/wp-json\/wp\/v2\/posts\/21295\/revisions"}],"predecessor-version":[{"id":21300,"href":"https:\/\/tintafresca.net\/index.php\/wp-json\/wp\/v2\/posts\/21295\/revisions\/21300"}],"wp:featuredmedia":[{"embeddable":true,"href":"https:\/\/tintafresca.net\/index.php\/wp-json\/wp\/v2\/media\/21298"}],"wp:attachment":[{"href":"https:\/\/tintafresca.net\/index.php\/wp-json\/wp\/v2\/media?parent=21295"}],"wp:term":[{"taxonomy":"category","embeddable":true,"href":"https:\/\/tintafresca.net\/index.php\/wp-json\/wp\/v2\/categories?post=21295"},{"taxonomy":"post_tag","embeddable":true,"href":"https:\/\/tintafresca.net\/index.php\/wp-json\/wp\/v2\/tags?post=21295"}],"curies":[{"name":"wp","href":"https:\/\/api.w.org\/{rel}","templated":true}]}}