{"id":21309,"date":"2022-10-19T08:12:28","date_gmt":"2022-10-19T08:12:28","guid":{"rendered":"https:\/\/tintafresca.net\/?p=21309"},"modified":"2022-10-19T08:14:12","modified_gmt":"2022-10-19T08:14:12","slug":"espaco-leiria-economia-arranca-para-apoiar-o-empreendedorismo-na-fase-mais-critica-dos-projetos","status":"publish","type":"post","link":"https:\/\/tintafresca.net\/index.php\/2022\/10\/19\/espaco-leiria-economia-arranca-para-apoiar-o-empreendedorismo-na-fase-mais-critica-dos-projetos\/","title":{"rendered":"Espa\u00e7o Leiria Economia arranca para apoiar o empreendedorismo na fase mais cr\u00edtica dos projetos"},"content":{"rendered":"<div id=\"attachment_17198\" style=\"width: 510px\" class=\"wp-caption alignleft\"><img loading=\"lazy\" decoding=\"async\" aria-describedby=\"caption-attachment-17198\" class=\"wp-image-17198 size-full\" src=\"https:\/\/tintafresca.net\/wp-content\/uploads\/2022\/06\/Leiria_Mercado10.jpg\" alt=\"\" width=\"500\" height=\"375\" srcset=\"https:\/\/tintafresca.net\/wp-content\/uploads\/2022\/06\/Leiria_Mercado10.jpg 500w, https:\/\/tintafresca.net\/wp-content\/uploads\/2022\/06\/Leiria_Mercado10-300x225.jpg 300w\" sizes=\"auto, (max-width: 500px) 100vw, 500px\" \/><p id=\"caption-attachment-17198\" class=\"wp-caption-text\">Mercado Municipal de Leiria<\/p><\/div>\n<p>O Espa\u00e7o Leiria Economia, no piso 1 do edif\u00edcio do Mercado Municipal, foi inaugurado esta ter\u00e7a-feira, dia 18 de outubro, uma cerim\u00f3nia em que o presidente da C\u00e2mara Municipal de Leiria, Gon\u00e7alo Lopes, destacou a import\u00e2ncia que este projeto assume para o desenvolvimento econ\u00f3mico de Leiria.<\/p>\n<p>\u201cPretendemos que o projeto Leiria Economia se afirme cada vez mais como um motor econ\u00f3mico do concelho\u201d, referiu Gon\u00e7alo Lopes a prop\u00f3sito de um espa\u00e7o que passa a acolher as Divis\u00f5es da Economia, Com\u00e9rcio e Atividades Econ\u00f3micas e do Turismo e Grandes Eventos do Munic\u00edpio de Leiria, o Gabinete de Inser\u00e7\u00e3o Profissional, uma \u00e1rea administrativa da CUF, o Espa\u00e7o Empresa, a Startup Leiria e, em breve, o Programa Brightstart que a Deloitte est\u00e1 a desenvolver com o Polit\u00e9cnico de Leiria.<\/p>\n<p>\u201c\u00c9 fundamental, nesta conjuntura econ\u00f3mica especialmente desafiante, apoiar o empreendedorismo numa fase mais cr\u00edtica dos projetos, em especial entre os jovens, e este espa\u00e7o inscreve-se precisamente nesse objetivo\u201d, disse o presidente da C\u00e2mara Municipal.<\/p>\n<p>O edil destacou, um conjunto de projetos que o Munic\u00edpio tem em curso no sentido de aumentar a atratividade do concelho, nomeadamente, o Leiria Innovation Hub, para atra\u00e7\u00e3o de empresas de base tecnol\u00f3gica para o topo norte do Est\u00e1dio de Leiria, o Parque Empresarial de Monte Redondo, um espa\u00e7o co-work no antigo edif\u00edcio da EDP, o Logistic Hub, e ainda a aposta na cria\u00e7\u00e3o de um cluster ligado \u00e0s energias renov\u00e1veis em Leiria, com forte envolvimento do setor privado, nas \u00e1reas do hidrog\u00e9nio e da utiliza\u00e7\u00e3o dos efluentes agropecu\u00e1rios como mat\u00e9ria-prima para a produ\u00e7\u00e3o de biometano.<\/p>\n<p>Na cerim\u00f3nia, o secret\u00e1rio de Estado da economia, Jo\u00e3o Neves, destacou o trabalho que o Munic\u00edpio de Leiria tem desenvolvido na \u00e1rea econ\u00f3mica, em especial na cria\u00e7\u00e3o de condi\u00e7\u00f5es para que o investimento e empresarial e a din\u00e2mica estrutural de transforma\u00e7\u00e3o da economia constitua uma marca distintiva do que acontece no concelho.<\/p>\n<p>A cerim\u00f3nia ficou ainda marcada com uma homenagem a Jo\u00e3o Vasconcelos, um leiriense que foi grande impulsionador da aposta no empreendedorismo jovem no pa\u00eds.<\/p>\n<p><strong>\u00a0 Fonte: DCRP|CML<\/strong><\/p>\n","protected":false},"excerpt":{"rendered":"<p>O Espa\u00e7o Leiria Economia, no piso 1 do edif\u00edcio do Mercado Municipal, foi inaugurado esta ter\u00e7a-feira, dia 18 de outubro, uma cerim\u00f3nia em que o presidente da C\u00e2mara Municipal de Leiria, Gon\u00e7alo Lopes, destacou a import\u00e2ncia que este projeto assume para o desenvolvimento econ\u00f3mico de Leiria. \u201cPretendemos que o projeto Leiria Economia se afirme cada [&hellip;]<\/p>\n","protected":false},"author":2,"featured_media":17199,"comment_status":"open","ping_status":"open","sticky":false,"template":"","format":"standard","meta":{"footnotes":""},"categories":[7],"tags":[],"class_list":["post-21309","post","type-post","status-publish","format-standard","has-post-thumbnail","hentry","category-economia"],"_links":{"self":[{"href":"https:\/\/tintafresca.net\/index.php\/wp-json\/wp\/v2\/posts\/21309","targetHints":{"allow":["GET"]}}],"collection":[{"href":"https:\/\/tintafresca.net\/index.php\/wp-json\/wp\/v2\/posts"}],"about":[{"href":"https:\/\/tintafresca.net\/index.php\/wp-json\/wp\/v2\/types\/post"}],"author":[{"embeddable":true,"href":"https:\/\/tintafresca.net\/index.php\/wp-json\/wp\/v2\/users\/2"}],"replies":[{"embeddable":true,"href":"https:\/\/tintafresca.net\/index.php\/wp-json\/wp\/v2\/comments?post=21309"}],"version-history":[{"count":2,"href":"https:\/\/tintafresca.net\/index.php\/wp-json\/wp\/v2\/posts\/21309\/revisions"}],"predecessor-version":[{"id":21311,"href":"https:\/\/tintafresca.net\/index.php\/wp-json\/wp\/v2\/posts\/21309\/revisions\/21311"}],"wp:featuredmedia":[{"embeddable":true,"href":"https:\/\/tintafresca.net\/index.php\/wp-json\/wp\/v2\/media\/17199"}],"wp:attachment":[{"href":"https:\/\/tintafresca.net\/index.php\/wp-json\/wp\/v2\/media?parent=21309"}],"wp:term":[{"taxonomy":"category","embeddable":true,"href":"https:\/\/tintafresca.net\/index.php\/wp-json\/wp\/v2\/categories?post=21309"},{"taxonomy":"post_tag","embeddable":true,"href":"https:\/\/tintafresca.net\/index.php\/wp-json\/wp\/v2\/tags?post=21309"}],"curies":[{"name":"wp","href":"https:\/\/api.w.org\/{rel}","templated":true}]}}