{"id":21339,"date":"2022-10-20T07:39:10","date_gmt":"2022-10-20T07:39:10","guid":{"rendered":"https:\/\/tintafresca.net\/?p=21339"},"modified":"2022-10-20T07:46:29","modified_gmt":"2022-10-20T07:46:29","slug":"politecnico-de-leiria-e-tice-pt-apresentam-polo-de-inovacao-digital-connect-5","status":"publish","type":"post","link":"https:\/\/tintafresca.net\/index.php\/2022\/10\/20\/politecnico-de-leiria-e-tice-pt-apresentam-polo-de-inovacao-digital-connect-5\/","title":{"rendered":"Polit\u00e9cnico de Leiria e TICE.PT apresentam Polo de Inova\u00e7\u00e3o Digital Connect 5"},"content":{"rendered":"<div id=\"attachment_21341\" style=\"width: 360px\" class=\"wp-caption alignleft\"><img loading=\"lazy\" decoding=\"async\" aria-describedby=\"caption-attachment-21341\" class=\"wp-image-21341\" src=\"https:\/\/tintafresca.net\/wp-content\/uploads\/2022\/10\/IPL_Vasco-Lagarto10.jpg\" alt=\"\" width=\"350\" height=\"466\" srcset=\"https:\/\/tintafresca.net\/wp-content\/uploads\/2022\/10\/IPL_Vasco-Lagarto10.jpg 500w, https:\/\/tintafresca.net\/wp-content\/uploads\/2022\/10\/IPL_Vasco-Lagarto10-225x300.jpg 225w\" sizes=\"auto, (max-width: 350px) 100vw, 350px\" \/><p id=\"caption-attachment-21341\" class=\"wp-caption-text\">Vasco Lagarto, diretor operacional do TICE.PT<\/p><\/div>\n<p>O Polit\u00e9cnico de Leiria e o P\u00f3lo das Tecnologias de Informa\u00e7\u00e3o, Comunica\u00e7\u00e3o e Electr\u00f3nica &#8211; TICE.PT, com o apoio da Nerlei \u2013 Associa\u00e7\u00e3o Empresarial da Regi\u00e3o de Leiria, v\u00e3o promover o Workshop de Apresenta\u00e7\u00e3o do Polo de Inova\u00e7\u00e3o Digital Connect5, a ter lugar no audit\u00f3rio na Nerlei, em Leiria, na quinta-feira, dia 20 de outubro, pelas 17h00. O workshop tem como mote \u201cOs Desafios para a Transforma\u00e7\u00e3o Digital\u201d, integrando o roadshow de apresenta\u00e7\u00e3o do Connect5, que se realiza em diferentes cidades.<\/p>\n<p>A sess\u00e3o de abertura conta com as interven\u00e7\u00f5es de Pedro Assun\u00e7\u00e3o, vice-presidente do Polit\u00e9cnico de Leiria, Vasco Lagarto, diretor operacional do TICE.PT, Ant\u00f3nio Po\u00e7as, presidente da NERLEI \u2013 Associa\u00e7\u00e3o Empresarial da Regi\u00e3o de Leiria, e Nuno Gon\u00e7alves, vogal do Conselho Diretivo do IAPMEI &#8211; Ag\u00eancia para Competitividade e Inova\u00e7\u00e3o. Segue-se, pelas 17h15, a apresenta\u00e7\u00e3o do CONNECT5, por Lu\u00eds Miguel Silva, project manager do TICE.PT.<\/p>\n<p>Quando forem 17h45 inicia uma mesa redonda subordinada ao tema \u201cDesafios para Transforma\u00e7\u00e3o Digital\u201d, com modera\u00e7\u00e3o de Rafael Caldeirinha, docente do Polit\u00e9cnico de Leiria, e as participa\u00e7\u00f5es de Jos\u00e9 Carlos Caldeira, Board Member do European Factories of the Future Research Association (EFFRA), Patr\u00edcia Henriques, respons\u00e1vel de Marketing e Inova\u00e7\u00e3o da Solancis, Ant\u00f3nio Relvas, diretor de Inova\u00e7\u00e3o da Tekever, e Rui Batista, Digital Food Product Manager da Lusiaves.<\/p>\n<p>O CONNECT5 ir\u00e1 possibilitar a transfer\u00eancia de compet\u00eancias fundamentais \u00e0 transforma\u00e7\u00e3o digital do p\u00fablico-alvo dos seus servi\u00e7os (Pequenas e M\u00e9dias Empresas e Administra\u00e7\u00e3o P\u00fablica), assim como a cria\u00e7\u00e3o e refor\u00e7o das cadeias de valor na Uni\u00e3o Europeia, essenciais \u00e0 competitividade e coes\u00e3o social a n\u00edvel nacional e europeu.<\/p>\n<p>O CONNECT5 \u00e9 um dos 10 Polos de Inova\u00e7\u00e3o Digital que constituem a Rede Nacional de Digital Innovation Hubs com acesso \u00e0 Rede Europeia de Digital Innovation Hubs (EDIH).<\/p>\n<p>O cons\u00f3rcio \u00e9 composto por 12 entidades especializadas nas \u00e1reas das tecnologias da informa\u00e7\u00e3o, comunica\u00e7\u00e3o e eletr\u00f3nica, nomeadamente o Cluster TICE.PT, os Centros de Interface CeiiA, o Instituto de Telecomunica\u00e7\u00f5es, o Colab DTx e as institui\u00e7\u00f5es de ensino superior: Polit\u00e9cnico de Leiria, Universidade de Aveiro, Universidade da Beira Interior, Universidade de Coimbra, Universidade do Minho, Universidade do Porto, Polit\u00e9cnico do Porto e Polit\u00e9cnico de Viseu.<\/p>\n<p><strong>\u00a0 \u00a0 \u00a0Fonte: Midlandcom<\/strong><\/p>\n","protected":false},"excerpt":{"rendered":"<p>O Polit\u00e9cnico de Leiria e o P\u00f3lo das Tecnologias de Informa\u00e7\u00e3o, Comunica\u00e7\u00e3o e Electr\u00f3nica &#8211; TICE.PT, com o apoio da Nerlei \u2013 Associa\u00e7\u00e3o Empresarial da Regi\u00e3o de Leiria, v\u00e3o promover o Workshop de Apresenta\u00e7\u00e3o do Polo de Inova\u00e7\u00e3o Digital Connect5, a ter lugar no audit\u00f3rio na Nerlei, em Leiria, na quinta-feira, dia 20 de outubro, [&hellip;]<\/p>\n","protected":false},"author":2,"featured_media":21342,"comment_status":"open","ping_status":"open","sticky":false,"template":"","format":"standard","meta":{"footnotes":""},"categories":[7],"tags":[],"class_list":["post-21339","post","type-post","status-publish","format-standard","has-post-thumbnail","hentry","category-economia"],"_links":{"self":[{"href":"https:\/\/tintafresca.net\/index.php\/wp-json\/wp\/v2\/posts\/21339","targetHints":{"allow":["GET"]}}],"collection":[{"href":"https:\/\/tintafresca.net\/index.php\/wp-json\/wp\/v2\/posts"}],"about":[{"href":"https:\/\/tintafresca.net\/index.php\/wp-json\/wp\/v2\/types\/post"}],"author":[{"embeddable":true,"href":"https:\/\/tintafresca.net\/index.php\/wp-json\/wp\/v2\/users\/2"}],"replies":[{"embeddable":true,"href":"https:\/\/tintafresca.net\/index.php\/wp-json\/wp\/v2\/comments?post=21339"}],"version-history":[{"count":5,"href":"https:\/\/tintafresca.net\/index.php\/wp-json\/wp\/v2\/posts\/21339\/revisions"}],"predecessor-version":[{"id":21346,"href":"https:\/\/tintafresca.net\/index.php\/wp-json\/wp\/v2\/posts\/21339\/revisions\/21346"}],"wp:featuredmedia":[{"embeddable":true,"href":"https:\/\/tintafresca.net\/index.php\/wp-json\/wp\/v2\/media\/21342"}],"wp:attachment":[{"href":"https:\/\/tintafresca.net\/index.php\/wp-json\/wp\/v2\/media?parent=21339"}],"wp:term":[{"taxonomy":"category","embeddable":true,"href":"https:\/\/tintafresca.net\/index.php\/wp-json\/wp\/v2\/categories?post=21339"},{"taxonomy":"post_tag","embeddable":true,"href":"https:\/\/tintafresca.net\/index.php\/wp-json\/wp\/v2\/tags?post=21339"}],"curies":[{"name":"wp","href":"https:\/\/api.w.org\/{rel}","templated":true}]}}