{"id":21375,"date":"2022-10-21T08:09:35","date_gmt":"2022-10-21T08:09:35","guid":{"rendered":"https:\/\/tintafresca.net\/?p=21375"},"modified":"2022-10-21T08:14:37","modified_gmt":"2022-10-21T08:14:37","slug":"ministra-da-coesao-territorial-visita-area-ardida-no-concelho-de-ourem-e-garante-apoios","status":"publish","type":"post","link":"https:\/\/tintafresca.net\/index.php\/2022\/10\/21\/ministra-da-coesao-territorial-visita-area-ardida-no-concelho-de-ourem-e-garante-apoios\/","title":{"rendered":"Ministra da Coes\u00e3o Territorial visita \u00e1rea ardida no concelho de Our\u00e9m e garante apoios"},"content":{"rendered":"<div id=\"attachment_21377\" style=\"width: 510px\" class=\"wp-caption alignleft\"><img loading=\"lazy\" decoding=\"async\" aria-describedby=\"caption-attachment-21377\" class=\"wp-image-21377 size-full\" src=\"https:\/\/tintafresca.net\/wp-content\/uploads\/2022\/10\/Ourem_Ana_Abrunhosa30.jpg\" alt=\"\" width=\"500\" height=\"333\" srcset=\"https:\/\/tintafresca.net\/wp-content\/uploads\/2022\/10\/Ourem_Ana_Abrunhosa30.jpg 500w, https:\/\/tintafresca.net\/wp-content\/uploads\/2022\/10\/Ourem_Ana_Abrunhosa30-300x200.jpg 300w\" sizes=\"auto, (max-width: 500px) 100vw, 500px\" \/><p id=\"caption-attachment-21377\" class=\"wp-caption-text\">Ana Abrunhosa<\/p><\/div>\n<p>A ministra da Coes\u00e3o Territorial, Ana Abrunhosa, esteve no concelho de Our\u00e9m no dia 20 de outubro, onde reuniu com o executivo municipal e teve oportunidade de visitar as \u00e1reas florestais ardidas este ano.<\/p>\n<p>Ainda antes de partir para o terreno houve lugar a uma reuni\u00e3o conjunta que sentou, \u00e0 mesma mesa, para al\u00e9m do Executivo Municipal e do Minist\u00e9rio, a CCDR-LVT e, em conjunto, foi feito um balan\u00e7o da opera\u00e7\u00e3o com base no levantamento dos danos ocorridos entre 5 julho e 23 de agosto. O Munic\u00edpio apresentou \u00e0 tutela as suas principais preocupa\u00e7\u00f5es e relatou os danos mais avultados, ao n\u00edvel de habita\u00e7\u00f5es ardidas, equipamentos e atividade econ\u00f3mica afetada.<\/p>\n<p>Acompanhado pelo vereador Rui Vital e o coordenador municipal de Prote\u00e7\u00e3o Civil, Miguel Freire, Lu\u00eds Miguel Albuquerque liderou a comitiva que incluiu tamb\u00e9m Maria Teresa Almeida, presidente da CCDR-LVT, Jos\u00e9 Alho, vice-presidente e Carlos Pina, que percorreu o concelho de Our\u00e9m ao longo dos 4822 ha ardidos, com paragem nos locais mais cr\u00edticos e onde os danos foram marcadamente mais elevados.<\/p>\n<div id=\"attachment_21378\" style=\"width: 510px\" class=\"wp-caption alignleft\"><img loading=\"lazy\" decoding=\"async\" aria-describedby=\"caption-attachment-21378\" class=\"wp-image-21378 size-full\" src=\"https:\/\/tintafresca.net\/wp-content\/uploads\/2022\/10\/Ourem_Ana_Abrunhosa40.jpg\" alt=\"\" width=\"500\" height=\"333\" srcset=\"https:\/\/tintafresca.net\/wp-content\/uploads\/2022\/10\/Ourem_Ana_Abrunhosa40.jpg 500w, https:\/\/tintafresca.net\/wp-content\/uploads\/2022\/10\/Ourem_Ana_Abrunhosa40-300x200.jpg 300w\" sizes=\"auto, (max-width: 500px) 100vw, 500px\" \/><p id=\"caption-attachment-21378\" class=\"wp-caption-text\">Reuni\u00e3o nos Pa\u00e7os do Concelho de Our\u00e9m<\/p><\/div>\n<p>Ana Abrunhosa j\u00e1 tinha garantido recentemente apoio aos munic\u00edpios atingidos pelos inc\u00eandios, independentemente da declara\u00e7\u00e3o do Estado de Calamidade e em Our\u00e9m refor\u00e7ou o empenho na busca da melhor solu\u00e7\u00e3o para fazer face aos preju\u00edzos, trabalho em estrita colabora\u00e7\u00e3o com o Munic\u00edpio.<\/p>\n<p>No \u00e2mbito do levantamento foram registados 87 processos familiares\/empresas com perdas em v\u00e1rios dom\u00ednios cujo preju\u00edzo se estima em 5 832 389,98\u20ac. Destaca-se ainda um preju\u00edzo cerca de 5 236 800\u20ac, em infraestruturas e equipamentos municipais danificados, 52952,40\u20ac de gastos com as m\u00e1quinas de rastos e abastecimento de \u00e1gua, bem como 1360 995, 76\u20ac em necessidades de interven\u00e7\u00e3o de estabiliza\u00e7\u00e3o de emerg\u00eancia p\u00f3s \u2013 inc\u00eandio. Estima-se que os inc\u00eandios ocorridos no concelho de Our\u00e9m entre 5 de julho e 23 de agosto tenham tido um preju\u00edzo de cerca de 12 483 138,14\u20ac.<\/p>\n<p><strong>\u00a0 \u00a0 \u00a0Fonte: JO|GIC|CMO<\/strong><\/p>\n","protected":false},"excerpt":{"rendered":"<p>A ministra da Coes\u00e3o Territorial, Ana Abrunhosa, esteve no concelho de Our\u00e9m no dia 20 de outubro, onde reuniu com o executivo municipal e teve oportunidade de visitar as \u00e1reas florestais ardidas este ano. Ainda antes de partir para o terreno houve lugar a uma reuni\u00e3o conjunta que sentou, \u00e0 mesma mesa, para al\u00e9m do [&hellip;]<\/p>\n","protected":false},"author":2,"featured_media":21380,"comment_status":"open","ping_status":"open","sticky":false,"template":"","format":"standard","meta":{"footnotes":""},"categories":[9,7],"tags":[],"class_list":["post-21375","post","type-post","status-publish","format-standard","has-post-thumbnail","hentry","category-ambiente","category-economia"],"_links":{"self":[{"href":"https:\/\/tintafresca.net\/index.php\/wp-json\/wp\/v2\/posts\/21375","targetHints":{"allow":["GET"]}}],"collection":[{"href":"https:\/\/tintafresca.net\/index.php\/wp-json\/wp\/v2\/posts"}],"about":[{"href":"https:\/\/tintafresca.net\/index.php\/wp-json\/wp\/v2\/types\/post"}],"author":[{"embeddable":true,"href":"https:\/\/tintafresca.net\/index.php\/wp-json\/wp\/v2\/users\/2"}],"replies":[{"embeddable":true,"href":"https:\/\/tintafresca.net\/index.php\/wp-json\/wp\/v2\/comments?post=21375"}],"version-history":[{"count":4,"href":"https:\/\/tintafresca.net\/index.php\/wp-json\/wp\/v2\/posts\/21375\/revisions"}],"predecessor-version":[{"id":21382,"href":"https:\/\/tintafresca.net\/index.php\/wp-json\/wp\/v2\/posts\/21375\/revisions\/21382"}],"wp:featuredmedia":[{"embeddable":true,"href":"https:\/\/tintafresca.net\/index.php\/wp-json\/wp\/v2\/media\/21380"}],"wp:attachment":[{"href":"https:\/\/tintafresca.net\/index.php\/wp-json\/wp\/v2\/media?parent=21375"}],"wp:term":[{"taxonomy":"category","embeddable":true,"href":"https:\/\/tintafresca.net\/index.php\/wp-json\/wp\/v2\/categories?post=21375"},{"taxonomy":"post_tag","embeddable":true,"href":"https:\/\/tintafresca.net\/index.php\/wp-json\/wp\/v2\/tags?post=21375"}],"curies":[{"name":"wp","href":"https:\/\/api.w.org\/{rel}","templated":true}]}}