{"id":21414,"date":"2022-10-22T09:02:08","date_gmt":"2022-10-22T09:02:08","guid":{"rendered":"https:\/\/tintafresca.net\/?p=21414"},"modified":"2022-10-22T12:34:04","modified_gmt":"2022-10-22T12:34:04","slug":"secretario-de-estado-carlos-miguel-participa-em-atividades-em-porto-de-mos-lourinha-e-santarem","status":"publish","type":"post","link":"https:\/\/tintafresca.net\/index.php\/2022\/10\/22\/secretario-de-estado-carlos-miguel-participa-em-atividades-em-porto-de-mos-lourinha-e-santarem\/","title":{"rendered":"Secret\u00e1rio de Estado Carlos Miguel participa em atividades em Porto de M\u00f3s, Lourinh\u00e3 e Santar\u00e9m"},"content":{"rendered":"<div id=\"attachment_21417\" style=\"width: 441px\" class=\"wp-caption alignleft\"><img loading=\"lazy\" decoding=\"async\" aria-describedby=\"caption-attachment-21417\" class=\"wp-image-21417 size-full\" src=\"https:\/\/tintafresca.net\/wp-content\/uploads\/2022\/10\/Carlos_Miguel10.jpg\" alt=\"\" width=\"431\" height=\"595\" srcset=\"https:\/\/tintafresca.net\/wp-content\/uploads\/2022\/10\/Carlos_Miguel10.jpg 431w, https:\/\/tintafresca.net\/wp-content\/uploads\/2022\/10\/Carlos_Miguel10-217x300.jpg 217w\" sizes=\"auto, (max-width: 431px) 100vw, 431px\" \/><p id=\"caption-attachment-21417\" class=\"wp-caption-text\">Carlos Miguel<\/p><\/div>\n<p>O secret\u00e1rio de Estado da Administra\u00e7\u00e3o Local e Ordenamento do Territ\u00f3rio preside este s\u00e1bado, dia 22 de outubro, pelas 18h, \u00e0 Sess\u00e3o de Encerramento da Confer\u00eancia \u201cMade In Cister: Pedra\u201d, organizado pelo Regi\u00e3o de Cister, na Pedreira no Coda\u00e7al \u2013 Serro Ventoso em Porto de M\u00f3s. Carlos Miguel participa tamb\u00e9m este domingo, dia 23 de outubro \u00e0s 17h, no Encerramento das Comemora\u00e7\u00f5es dos 50 anos da Uni\u00e3o Recreativa, Desportiva e Cultural do Pa\u00e7o, na Lourinh\u00e3.<\/p>\n<p>O secret\u00e1rio de Estado da Administra\u00e7\u00e3o Local e Ordenamento do Territ\u00f3rio participa ainda na Cerim\u00f3nia de Assinatura do Protocolo de Coopera\u00e7\u00e3o \u201cReferencial de Educa\u00e7\u00e3o para a Seguran\u00e7a, Defesa e Paz\u201d, com v\u00e1rios munic\u00edpios, na segunda-feira, 24 de outubro \u00e0s 10h30, no Convento de S\u00e3o Francisco, em Santar\u00e9m.<\/p>\n","protected":false},"excerpt":{"rendered":"<p>O secret\u00e1rio de Estado da Administra\u00e7\u00e3o Local e Ordenamento do Territ\u00f3rio preside este s\u00e1bado, dia 22 de outubro, pelas 18h, \u00e0 Sess\u00e3o de Encerramento da Confer\u00eancia \u201cMade In Cister: Pedra\u201d, organizado pelo Regi\u00e3o de Cister, na Pedreira no Coda\u00e7al \u2013 Serro Ventoso em Porto de M\u00f3s. Carlos Miguel participa tamb\u00e9m este domingo, dia 23 de [&hellip;]<\/p>\n","protected":false},"author":2,"featured_media":21418,"comment_status":"open","ping_status":"open","sticky":false,"template":"","format":"standard","meta":{"footnotes":""},"categories":[7,11],"tags":[],"class_list":["post-21414","post","type-post","status-publish","format-standard","has-post-thumbnail","hentry","category-economia","category-sociedade"],"_links":{"self":[{"href":"https:\/\/tintafresca.net\/index.php\/wp-json\/wp\/v2\/posts\/21414","targetHints":{"allow":["GET"]}}],"collection":[{"href":"https:\/\/tintafresca.net\/index.php\/wp-json\/wp\/v2\/posts"}],"about":[{"href":"https:\/\/tintafresca.net\/index.php\/wp-json\/wp\/v2\/types\/post"}],"author":[{"embeddable":true,"href":"https:\/\/tintafresca.net\/index.php\/wp-json\/wp\/v2\/users\/2"}],"replies":[{"embeddable":true,"href":"https:\/\/tintafresca.net\/index.php\/wp-json\/wp\/v2\/comments?post=21414"}],"version-history":[{"count":4,"href":"https:\/\/tintafresca.net\/index.php\/wp-json\/wp\/v2\/posts\/21414\/revisions"}],"predecessor-version":[{"id":21420,"href":"https:\/\/tintafresca.net\/index.php\/wp-json\/wp\/v2\/posts\/21414\/revisions\/21420"}],"wp:featuredmedia":[{"embeddable":true,"href":"https:\/\/tintafresca.net\/index.php\/wp-json\/wp\/v2\/media\/21418"}],"wp:attachment":[{"href":"https:\/\/tintafresca.net\/index.php\/wp-json\/wp\/v2\/media?parent=21414"}],"wp:term":[{"taxonomy":"category","embeddable":true,"href":"https:\/\/tintafresca.net\/index.php\/wp-json\/wp\/v2\/categories?post=21414"},{"taxonomy":"post_tag","embeddable":true,"href":"https:\/\/tintafresca.net\/index.php\/wp-json\/wp\/v2\/tags?post=21414"}],"curies":[{"name":"wp","href":"https:\/\/api.w.org\/{rel}","templated":true}]}}