{"id":21438,"date":"2022-10-22T22:51:28","date_gmt":"2022-10-22T22:51:28","guid":{"rendered":"https:\/\/tintafresca.net\/?p=21438"},"modified":"2022-10-22T23:00:19","modified_gmt":"2022-10-22T23:00:19","slug":"centro-hospitalar-e-associacao-de-pneumologia-de-leiria-organizam-as-iii-jornadas-de-patologia-respiratoria-de-leiria","status":"publish","type":"post","link":"https:\/\/tintafresca.net\/index.php\/2022\/10\/22\/centro-hospitalar-e-associacao-de-pneumologia-de-leiria-organizam-as-iii-jornadas-de-patologia-respiratoria-de-leiria\/","title":{"rendered":"Centro Hospitalar e Associa\u00e7\u00e3o de Pneumologia de Leiria organizam as III Jornadas de Patologia Respirat\u00f3ria de Leiria"},"content":{"rendered":"<p><img loading=\"lazy\" decoding=\"async\" class=\"alignleft wp-image-21440\" src=\"https:\/\/tintafresca.net\/wp-content\/uploads\/2022\/10\/CHL_III-Jornadas-de-Patologia-Respiratoria-de-Leiria10.png\" alt=\"\" width=\"400\" height=\"566\" srcset=\"https:\/\/tintafresca.net\/wp-content\/uploads\/2022\/10\/CHL_III-Jornadas-de-Patologia-Respiratoria-de-Leiria10.png 500w, https:\/\/tintafresca.net\/wp-content\/uploads\/2022\/10\/CHL_III-Jornadas-de-Patologia-Respiratoria-de-Leiria10-212x300.png 212w\" sizes=\"auto, (max-width: 400px) 100vw, 400px\" \/>O Servi\u00e7o de Pneumologia do Centro Hospitalar de Leiria (CHL) e a Associa\u00e7\u00e3o de Pneumologia de Leiria dinamizam a terceira edi\u00e7\u00e3o das Jornadas de Patologia Respirat\u00f3ria de Leiria, no dia 28 de outubro, no Hotel Villa Batalha.<\/p>\n<p>Ap\u00f3s a sess\u00e3o de abertura que se inicia \u00e0s 9h00, decorrem os dois primeiros pain\u00e9is de discuss\u00e3o com os temas \u201cQuando referenciar?\u201d, que aborda quest\u00f5es relacionadas com o p\u00f3s-Covid e vigil\u00e2ncia de n\u00f3dulos pulmonares, e \u201cPatologia obstrutiva\u201d, com destaque para a rinite, a asma e a doen\u00e7a pulmonar obstrutiva cr\u00f3nica. Pelas 11h30 promove-se o debate de \u201cHot Topics\u201d, nomeadamente a vacina\u00e7\u00e3o como preven\u00e7\u00e3o da infe\u00e7\u00e3o respirat\u00f3ria e a patologia respirat\u00f3ria do sono.<\/p>\n<p>No per\u00edodo da tarde, a partir das 14h30, realizam-se dois workshops em simult\u00e2neo sobre Terap\u00eautica Inalada e Provas de Fun\u00e7\u00e3o Respirat\u00f3ria.<\/p>\n<p>\u00abAs jornadas contar\u00e3o com a interven\u00e7\u00e3o de profissionais do Servi\u00e7o de Pneumologia do CHL, bem como com a participa\u00e7\u00e3o do professor Filipe Froes, pneumologista no Hospital Pulido Valente, consultor da Dire\u00e7\u00e3o Geral de Sa\u00fade e membro do Conselho Nacional de Sa\u00fade P\u00fablica, cuja palestra incidir\u00e1 sobre as atualiza\u00e7\u00f5es na preven\u00e7\u00e3o de intercorr\u00eancias infeciosas no doente respirat\u00f3rio cr\u00f3nico\u00bb, destaca \u00c2ngela Cunha, m\u00e9dica e porta-voz da comiss\u00e3o organizadora do evento. \u00abA nossa comiss\u00e3o deseja que o programa possibilite uma discuss\u00e3o pr\u00f3xima e prof\u00edcua de temas da Pneumologia, e assim permita responder a alguns dos desafios quotidianos dos profissionais de sa\u00fade\u00bb, sublinha a porta-voz.<\/p>\n<p>Para mais informa\u00e7\u00f5es e inscri\u00e7\u00f5es sobre as Jornadas, os interessados dever\u00e3o enviar um e-mail para: <a href=\"mailto:jornadaspneumologialeiria@gmail.com\">jornadaspneumologialeiria@gmail.com<\/a><\/p>\n<p><strong>\u00a0 \u00a0 Fonte: Midlandcom<\/strong><\/p>\n","protected":false},"excerpt":{"rendered":"<p>O Servi\u00e7o de Pneumologia do Centro Hospitalar de Leiria (CHL) e a Associa\u00e7\u00e3o de Pneumologia de Leiria dinamizam a terceira edi\u00e7\u00e3o das Jornadas de Patologia Respirat\u00f3ria de Leiria, no dia 28 de outubro, no Hotel Villa Batalha. Ap\u00f3s a sess\u00e3o de abertura que se inicia \u00e0s 9h00, decorrem os dois primeiros pain\u00e9is de discuss\u00e3o com [&hellip;]<\/p>\n","protected":false},"author":2,"featured_media":21443,"comment_status":"open","ping_status":"open","sticky":false,"template":"","format":"standard","meta":{"footnotes":""},"categories":[6],"tags":[],"class_list":["post-21438","post","type-post","status-publish","format-standard","has-post-thumbnail","hentry","category-saude"],"_links":{"self":[{"href":"https:\/\/tintafresca.net\/index.php\/wp-json\/wp\/v2\/posts\/21438","targetHints":{"allow":["GET"]}}],"collection":[{"href":"https:\/\/tintafresca.net\/index.php\/wp-json\/wp\/v2\/posts"}],"about":[{"href":"https:\/\/tintafresca.net\/index.php\/wp-json\/wp\/v2\/types\/post"}],"author":[{"embeddable":true,"href":"https:\/\/tintafresca.net\/index.php\/wp-json\/wp\/v2\/users\/2"}],"replies":[{"embeddable":true,"href":"https:\/\/tintafresca.net\/index.php\/wp-json\/wp\/v2\/comments?post=21438"}],"version-history":[{"count":2,"href":"https:\/\/tintafresca.net\/index.php\/wp-json\/wp\/v2\/posts\/21438\/revisions"}],"predecessor-version":[{"id":21441,"href":"https:\/\/tintafresca.net\/index.php\/wp-json\/wp\/v2\/posts\/21438\/revisions\/21441"}],"wp:featuredmedia":[{"embeddable":true,"href":"https:\/\/tintafresca.net\/index.php\/wp-json\/wp\/v2\/media\/21443"}],"wp:attachment":[{"href":"https:\/\/tintafresca.net\/index.php\/wp-json\/wp\/v2\/media?parent=21438"}],"wp:term":[{"taxonomy":"category","embeddable":true,"href":"https:\/\/tintafresca.net\/index.php\/wp-json\/wp\/v2\/categories?post=21438"},{"taxonomy":"post_tag","embeddable":true,"href":"https:\/\/tintafresca.net\/index.php\/wp-json\/wp\/v2\/tags?post=21438"}],"curies":[{"name":"wp","href":"https:\/\/api.w.org\/{rel}","templated":true}]}}