{"id":21505,"date":"2022-10-25T13:10:19","date_gmt":"2022-10-25T13:10:19","guid":{"rendered":"https:\/\/tintafresca.net\/?p=21505"},"modified":"2022-10-25T13:15:24","modified_gmt":"2022-10-25T13:15:24","slug":"centro-de-vacinacao-da-covid-19-de-alcobaca-passa-para-o-pavilhao-6-da-cooperativa-agricola","status":"publish","type":"post","link":"https:\/\/tintafresca.net\/index.php\/2022\/10\/25\/centro-de-vacinacao-da-covid-19-de-alcobaca-passa-para-o-pavilhao-6-da-cooperativa-agricola\/","title":{"rendered":"Centro de Vacina\u00e7\u00e3o da COVID-19 de Alcoba\u00e7a passa para o Pavilh\u00e3o 6 da Cooperativa Agr\u00edcola"},"content":{"rendered":"<div id=\"attachment_21508\" style=\"width: 510px\" class=\"wp-caption alignleft\"><img loading=\"lazy\" decoding=\"async\" aria-describedby=\"caption-attachment-21508\" class=\"wp-image-21508 size-full\" src=\"https:\/\/tintafresca.net\/wp-content\/uploads\/2022\/10\/Alcobaca_Centro_Covid19_10.jpg\" alt=\"\" width=\"500\" height=\"375\" srcset=\"https:\/\/tintafresca.net\/wp-content\/uploads\/2022\/10\/Alcobaca_Centro_Covid19_10.jpg 500w, https:\/\/tintafresca.net\/wp-content\/uploads\/2022\/10\/Alcobaca_Centro_Covid19_10-300x225.jpg 300w\" sizes=\"auto, (max-width: 500px) 100vw, 500px\" \/><p id=\"caption-attachment-21508\" class=\"wp-caption-text\">Pavilh\u00e3o 6 da Cooperativa Agr\u00edcola de Alcoba\u00e7a<\/p><\/div>\n<p>A C\u00e2mara Municipal de Alcoba\u00e7a informou os mun\u00edcipes esta ter\u00e7a-feira, dia 25 de outubro, da deslocaliza\u00e7\u00e3o do Centro de Vacina\u00e7\u00e3o da COVID-19 para o Pavilh\u00e3o 6 da Cooperativa Agr\u00edcola de Alcoba\u00e7a (conhecida como Sala da Debulhadora). As novas instala\u00e7\u00f5es entrar\u00e3o em funcionamento a partir do dia 26 de outubro (quarta-feira) com o seguinte hor\u00e1rio: ter\u00e7a a s\u00e1bado, das 09h30 \u00e0s 17h00.<\/p>\n","protected":false},"excerpt":{"rendered":"<p>A C\u00e2mara Municipal de Alcoba\u00e7a informou os mun\u00edcipes esta ter\u00e7a-feira, dia 25 de outubro, da deslocaliza\u00e7\u00e3o do Centro de Vacina\u00e7\u00e3o da COVID-19 para o Pavilh\u00e3o 6 da Cooperativa Agr\u00edcola de Alcoba\u00e7a (conhecida como Sala da Debulhadora). As novas instala\u00e7\u00f5es entrar\u00e3o em funcionamento a partir do dia 26 de outubro (quarta-feira) com o seguinte hor\u00e1rio: ter\u00e7a [&hellip;]<\/p>\n","protected":false},"author":2,"featured_media":21509,"comment_status":"open","ping_status":"open","sticky":false,"template":"","format":"standard","meta":{"footnotes":""},"categories":[6],"tags":[],"class_list":["post-21505","post","type-post","status-publish","format-standard","has-post-thumbnail","hentry","category-saude"],"_links":{"self":[{"href":"https:\/\/tintafresca.net\/index.php\/wp-json\/wp\/v2\/posts\/21505","targetHints":{"allow":["GET"]}}],"collection":[{"href":"https:\/\/tintafresca.net\/index.php\/wp-json\/wp\/v2\/posts"}],"about":[{"href":"https:\/\/tintafresca.net\/index.php\/wp-json\/wp\/v2\/types\/post"}],"author":[{"embeddable":true,"href":"https:\/\/tintafresca.net\/index.php\/wp-json\/wp\/v2\/users\/2"}],"replies":[{"embeddable":true,"href":"https:\/\/tintafresca.net\/index.php\/wp-json\/wp\/v2\/comments?post=21505"}],"version-history":[{"count":3,"href":"https:\/\/tintafresca.net\/index.php\/wp-json\/wp\/v2\/posts\/21505\/revisions"}],"predecessor-version":[{"id":21510,"href":"https:\/\/tintafresca.net\/index.php\/wp-json\/wp\/v2\/posts\/21505\/revisions\/21510"}],"wp:featuredmedia":[{"embeddable":true,"href":"https:\/\/tintafresca.net\/index.php\/wp-json\/wp\/v2\/media\/21509"}],"wp:attachment":[{"href":"https:\/\/tintafresca.net\/index.php\/wp-json\/wp\/v2\/media?parent=21505"}],"wp:term":[{"taxonomy":"category","embeddable":true,"href":"https:\/\/tintafresca.net\/index.php\/wp-json\/wp\/v2\/categories?post=21505"},{"taxonomy":"post_tag","embeddable":true,"href":"https:\/\/tintafresca.net\/index.php\/wp-json\/wp\/v2\/tags?post=21505"}],"curies":[{"name":"wp","href":"https:\/\/api.w.org\/{rel}","templated":true}]}}