{"id":21609,"date":"2022-10-28T09:55:56","date_gmt":"2022-10-28T09:55:56","guid":{"rendered":"https:\/\/tintafresca.net\/?p=21609"},"modified":"2022-10-28T11:01:18","modified_gmt":"2022-10-28T11:01:18","slug":"politecnico-de-leiria-e-tice-mostram-as-mais-valias-para-a-regiao-com-o-polo-de-inovacao-digital-connect5","status":"publish","type":"post","link":"https:\/\/tintafresca.net\/index.php\/2022\/10\/28\/politecnico-de-leiria-e-tice-mostram-as-mais-valias-para-a-regiao-com-o-polo-de-inovacao-digital-connect5\/","title":{"rendered":"Polit\u00e9cnico de Leiria e TICE mostram as mais-valias para a regi\u00e3o com o Polo de Inova\u00e7\u00e3o Digital CONNECT5"},"content":{"rendered":"<div id=\"attachment_21611\" style=\"width: 510px\" class=\"wp-caption alignleft\"><img loading=\"lazy\" decoding=\"async\" aria-describedby=\"caption-attachment-21611\" class=\"wp-image-21611 size-full\" src=\"https:\/\/tintafresca.net\/wp-content\/uploads\/2022\/10\/IPL-Polo-de-Inovacao-Digital-CONNECT5_10.jpg\" alt=\"\" width=\"500\" height=\"333\" srcset=\"https:\/\/tintafresca.net\/wp-content\/uploads\/2022\/10\/IPL-Polo-de-Inovacao-Digital-CONNECT5_10.jpg 500w, https:\/\/tintafresca.net\/wp-content\/uploads\/2022\/10\/IPL-Polo-de-Inovacao-Digital-CONNECT5_10-300x200.jpg 300w\" sizes=\"auto, (max-width: 500px) 100vw, 500px\" \/><p id=\"caption-attachment-21611\" class=\"wp-caption-text\">Patr\u00edcia Henriques e Rui Batista<\/p><\/div>\n<p>O Polo de Inova\u00e7\u00e3o Digital Connect5 foi apresentado com um workshop intitulado \u201cOs Desafios para a Transforma\u00e7\u00e3o Digital\u201d, no dia 20 de outubro, no audit\u00f3rio da Nerlei &#8211; Associa\u00e7\u00e3o Empresarial da Regi\u00e3o de Leiria, integrando o roadshow de apresenta\u00e7\u00e3o do Connect5, que se realiza em diferentes cidades. A iniciativa teve a parceria do Polit\u00e9cnico de Leiria e o P\u00f3lo das Tecnologias de Informa\u00e7\u00e3o, Comunica\u00e7\u00e3o e Electr\u00f3nica &#8211; TICE.PT, com o apoio da Nerlei.<\/p>\n<p>Na sess\u00e3o de abertura, Ant\u00f3nio Po\u00e7as, presidente da Nerlei, introduziu o projeto, que se pode tornar diferenciador para a regi\u00e3o, e salientou o papel da Associa\u00e7\u00e3o neste projeto, desafiando a um novo encontro daqui a um ano para prestar contas sobre o que foi feito e alcan\u00e7ado.<\/p>\n<p>Nuno Gon\u00e7alves, vogal do Conselho Diretivo do IAPMEI &#8211; Ag\u00eancia para Competitividade e Inova\u00e7\u00e3o, abordou a import\u00e2ncia \u00abda capacita\u00e7\u00e3o dos colaboradores para aceder \u00e0s tecnologias com possibilidade de as incorporar nas suas empresas\u00bb. Real\u00e7ou tamb\u00e9m que \u00e9 uma das formas das empresas ficarem ligadas \u00e0s suas cong\u00e9neres europeias. Nuno Gon\u00e7alves sublinhou ainda a quest\u00e3o das agendas mobilizadoras, que s\u00e3o projetos muito disruptivos do que tem sido na pr\u00e1tica. \u00abNunca as empresas falaram tanto do sistema cient\u00edfico e tecnol\u00f3gico com estas agendas: est\u00e3o mais orientadas para fazer projetos em que se diferenciam muito.\u00bb<\/p>\n<p>Pedro Assun\u00e7\u00e3o, vice-presidente do Polit\u00e9cnico de Leiria, destacou que a institui\u00e7\u00e3o \u00abvai ser um parceiro que ir\u00e1 alavancar algumas das a\u00e7\u00f5es que se ir\u00e3o concretizar no dom\u00ednio da inova\u00e7\u00e3o digital das empresas. Do ponto de vista da academia, temos muito para aprender e esperamos dar algum apoio \u00e0s empresas no conhecimento que temos vindo a acumular, nomeadamente da \u00e1rea digital, da transforma\u00e7\u00e3o digital, que \u00e9 nuclear no seio do Polit\u00e9cnico, no ensino e na investiga\u00e7\u00e3o\u00bb.<\/p>\n<p>No que se refere \u00e0 \u00e1rea da transforma\u00e7\u00e3o digital, Pedro Assun\u00e7\u00e3o afirmou que \u00abcom as tecnologias associadas a este projeto (IoT, rob\u00f3tica, sistemas cloud, seguran\u00e7a), que tamb\u00e9m lecionamos, pretendemos envolver n\u00e3o s\u00f3 os estudantes, mas tamb\u00e9m os professores. Esperamos que o Polit\u00e9cnico seja um contribuinte digital na regi\u00e3o de Leiria e tamb\u00e9m no cons\u00f3rcio criado. Este \u00e9 um desafio de um dos elementos core da nossa atividade: os recursos humanos. Importa que o projeto tenha recursos humanos qualificados e t\u00e9cnicos para atingir os objetivos. N\u00e3o se trata s\u00f3 de comprar equipamento, mas de formar estudantes de e para o pr\u00f3prio projeto.\u00bb<\/p>\n<p>O diretor operacional do TICE.PT, Vasco Lagarto, defendeu que \u00abas entidades, com o seu esp\u00edrito de dinamismo, os seus objetivos, a sua criatividade e a sua estrat\u00e9gia devem ser realmente a alavanca para se apoiarem. N\u00e3o vamos fazer muita coisa, mas vamos promover para que se fa\u00e7a muita coisa. Temos \u00e9 que ter a coopera\u00e7\u00e3o das entidades que se queiram juntar nesta iniciativa. Queremos ser um ponto de apoio, mas a alavanca tem de ser vossa. A transfer\u00eancia de conhecimento faz-se com as pessoas.\u00bb<\/p>\n<p>Lu\u00eds Miguel Silva, project manager do TICE.PT, apresentou o Connect5, dando destaque aos Digital Innovation Hubs (DIH) \u2013 Polos de Inova\u00e7\u00e3o Digital, que s\u00e3o espa\u00e7os que visam ajudar pequenas e m\u00e9dias empresas e a administra\u00e7\u00e3o p\u00fablica na ado\u00e7\u00e3o do digital, com a presta\u00e7\u00e3o de cinco servi\u00e7os nucleares: testar antes de investir; suportar a incuba\u00e7\u00e3o; fomentar relacionamento; apoiar no financiamento; e formar no digital. O Connect5 \u00e9 um dos 10 Polos de Inova\u00e7\u00e3o Digital que constituem a Rede Nacional de Digital Innovation Hubs com acesso \u00e0 Rede Europeia de Digital Innovation Hubs (EDIH).<\/p>\n<p>O cons\u00f3rcio \u00e9 composto por 12 entidades especializadas nas \u00e1reas das tecnologias da informa\u00e7\u00e3o, comunica\u00e7\u00e3o e eletr\u00f3nica, nomeadamente o Cluster TICE.PT, os Centros de Interface CeiiA, o Instituto de Telecomunica\u00e7\u00f5es, o Colab DTx e as institui\u00e7\u00f5es de ensino superior: Polit\u00e9cnico de Leiria, Universidade de Aveiro, Universidade da Beira Interior, Universidade de Coimbra, Universidade do Minho, Universidade do Porto, Polit\u00e9cnico do Porto e Polit\u00e9cnico de Viseu.<\/p>\n<p>A iniciativa na Nerlei terminou com uma mesa redonda subordinada ao tema \u201cDesafios para Transforma\u00e7\u00e3o Digital\u201d, com modera\u00e7\u00e3o de Rafael Caldeirinha, docente do Polit\u00e9cnico de Leiria, e as participa\u00e7\u00f5es de Jos\u00e9 Carlos Caldeira, Board Member do European Factories of the Future Research Association (EFFRA), Patr\u00edcia Henriques, respons\u00e1vel de Marketing e Inova\u00e7\u00e3o da Solancis, Ant\u00f3nio Relvas, diretor de Inova\u00e7\u00e3o da Tekever, e Rui Batista, Digital Food Product Manager da Lusiaves.<\/p>\n<p>Nesta partilha de experi\u00eancias, concluiu-se que ainda h\u00e1 muito para fazer, mas a regi\u00e3o est\u00e1 no bom caminho na \u00e1rea das tecnologias e da digitaliza\u00e7\u00e3o, n\u00e3o ficando atr\u00e1s das empresas cong\u00e9neres europeias. Tem aprendido a adequar as tecnologias aos diferentes setores de atividade, melhorando os processos, em que \u00e9 fulcral a capacita\u00e7\u00e3o dos recursos humanos, sem perder o foco na competitividade e nos desafios futuros que as tecnologias aportam.<\/p>\n<p><strong>\u00a0 \u00a0 Fonte: Midlandcom<\/strong><\/p>\n","protected":false},"excerpt":{"rendered":"<p>O Polo de Inova\u00e7\u00e3o Digital Connect5 foi apresentado com um workshop intitulado \u201cOs Desafios para a Transforma\u00e7\u00e3o Digital\u201d, no dia 20 de outubro, no audit\u00f3rio da Nerlei &#8211; Associa\u00e7\u00e3o Empresarial da Regi\u00e3o de Leiria, integrando o roadshow de apresenta\u00e7\u00e3o do Connect5, que se realiza em diferentes cidades. A iniciativa teve a parceria do Polit\u00e9cnico de [&hellip;]<\/p>\n","protected":false},"author":2,"featured_media":21613,"comment_status":"open","ping_status":"open","sticky":false,"template":"","format":"standard","meta":{"footnotes":""},"categories":[7,14],"tags":[],"class_list":["post-21609","post","type-post","status-publish","format-standard","has-post-thumbnail","hentry","category-economia","category-educacao"],"_links":{"self":[{"href":"https:\/\/tintafresca.net\/index.php\/wp-json\/wp\/v2\/posts\/21609","targetHints":{"allow":["GET"]}}],"collection":[{"href":"https:\/\/tintafresca.net\/index.php\/wp-json\/wp\/v2\/posts"}],"about":[{"href":"https:\/\/tintafresca.net\/index.php\/wp-json\/wp\/v2\/types\/post"}],"author":[{"embeddable":true,"href":"https:\/\/tintafresca.net\/index.php\/wp-json\/wp\/v2\/users\/2"}],"replies":[{"embeddable":true,"href":"https:\/\/tintafresca.net\/index.php\/wp-json\/wp\/v2\/comments?post=21609"}],"version-history":[{"count":2,"href":"https:\/\/tintafresca.net\/index.php\/wp-json\/wp\/v2\/posts\/21609\/revisions"}],"predecessor-version":[{"id":21612,"href":"https:\/\/tintafresca.net\/index.php\/wp-json\/wp\/v2\/posts\/21609\/revisions\/21612"}],"wp:featuredmedia":[{"embeddable":true,"href":"https:\/\/tintafresca.net\/index.php\/wp-json\/wp\/v2\/media\/21613"}],"wp:attachment":[{"href":"https:\/\/tintafresca.net\/index.php\/wp-json\/wp\/v2\/media?parent=21609"}],"wp:term":[{"taxonomy":"category","embeddable":true,"href":"https:\/\/tintafresca.net\/index.php\/wp-json\/wp\/v2\/categories?post=21609"},{"taxonomy":"post_tag","embeddable":true,"href":"https:\/\/tintafresca.net\/index.php\/wp-json\/wp\/v2\/tags?post=21609"}],"curies":[{"name":"wp","href":"https:\/\/api.w.org\/{rel}","templated":true}]}}