{"id":21694,"date":"2022-10-31T17:26:43","date_gmt":"2022-10-31T17:26:43","guid":{"rendered":"https:\/\/tintafresca.net\/?p=21694"},"modified":"2022-10-31T21:18:47","modified_gmt":"2022-10-31T21:18:47","slug":"politecnico-de-leiria-acolhe-seminario-portugal-steel-2022","status":"publish","type":"post","link":"https:\/\/tintafresca.net\/index.php\/2022\/10\/31\/politecnico-de-leiria-acolhe-seminario-portugal-steel-2022\/","title":{"rendered":"Polit\u00e9cnico de Leiria acolhe Semin\u00e1rio Portugal Steel 2022"},"content":{"rendered":"<div id=\"attachment_21696\" style=\"width: 410px\" class=\"wp-caption alignleft\"><img loading=\"lazy\" decoding=\"async\" aria-describedby=\"caption-attachment-21696\" class=\"wp-image-21696\" src=\"https:\/\/tintafresca.net\/wp-content\/uploads\/2022\/10\/IPL_Seminario-Portugal-Steel-2022_10.jpg\" alt=\"\" width=\"400\" height=\"566\" srcset=\"https:\/\/tintafresca.net\/wp-content\/uploads\/2022\/10\/IPL_Seminario-Portugal-Steel-2022_10.jpg 500w, https:\/\/tintafresca.net\/wp-content\/uploads\/2022\/10\/IPL_Seminario-Portugal-Steel-2022_10-212x300.jpg 212w\" sizes=\"auto, (max-width: 400px) 100vw, 400px\" \/><p id=\"caption-attachment-21696\" class=\"wp-caption-text\">Cartaz<\/p><\/div>\n<p>A Escola Superior de Tecnologia e Gest\u00e3o (ESTG) do Polit\u00e9cnico de Leiria vai receber o Semin\u00e1rio Portugal Steel 2022, no dia 3 de novembro, promovido em parceria com a CMM \u2013 Associa\u00e7\u00e3o Portuguesa de Constru\u00e7\u00e3o Met\u00e1lica e Mista. O evento decorre no audit\u00f3rio 1 do Edif\u00edcio B da Escola.<\/p>\n<p>A abertura do evento tem lugar \u00e0s 14h15, com a interven\u00e7\u00e3o do diretor da ESTG, Carlos Capela, seguindo-se uma apresenta\u00e7\u00e3o sobre o Portugal Steel, por Lu\u00eds Figueiredo Silva, da CMM.<\/p>\n<p>O semin\u00e1rio incluir\u00e1 um conjunto de apresenta\u00e7\u00f5es e debates em torno dos principais temas da constru\u00e7\u00e3o met\u00e1lica e mista. \u201cPromo\u00e7\u00e3o da constru\u00e7\u00e3o met\u00e1lica no \u00e2mbito do Polit\u00e9cnico de Leiria\u201d \u00e9 o tema apresentado por Lu\u00eds Prola, professor do Polit\u00e9cnico de Leiria. Segue-se a interven\u00e7\u00e3o de Paula Resende, da ANTERO, sob o mote \u201cO atual contexto geopol\u00edtico e ambiental e o seu impacto no mercado metal\u00fargico portugu\u00eas\u201d.<\/p>\n<p>Gon\u00e7alo Martins, em representa\u00e7\u00e3o da PERFISA, ir\u00e1 abordar o tema \u201cLight Steel Framing, Solu\u00e7\u00f5es Construtivas em A\u00e7o Leve\u201d, ao passo que Diogo Carvalho, da empresa PO\u00c7O, far\u00e1 uma apresenta\u00e7\u00e3o sobre \u201cProjeto e montagem de fornos de vidro\u201d.<\/p>\n<p>Os desafios e oportunidades da digitaliza\u00e7\u00e3o da produ\u00e7\u00e3o estar\u00e3o tamb\u00e9m em destaque na interven\u00e7\u00e3o de Francisco Neves, da DNC T\u00e9cnica, seguindo-se a apresenta\u00e7\u00e3o de Leonor Cort\u00ea-Real, da HEMPEL, sobre o tema \u201cProte\u00e7\u00e3o anticorrosiva por pintura \u2013 a norma ISSO 12944\u201d.<\/p>\n<p>O evento contar\u00e1 tamb\u00e9m com apresenta\u00e7\u00f5es de Bruno Marques, da FERPINTA, e H\u00e9lder Frade, da FAMETAL, sob os motes \u201c50 anos, 50 projetos\u201d e \u201c102 anos de hist\u00f3ria a construir estruturas met\u00e1licas com futuro\u201d, respetivamente.<\/p>\n<p>\u201cProduct Lab \u2013 Plataforma web para o dimensionamento de solu\u00e7\u00f5es\u201d \u00e9 o tema que estar\u00e1 em destaque na apresenta\u00e7\u00e3o de Gabriel Sousa, em representa\u00e7\u00e3o da empresa O FELIZ, ao passo que Elisabete Santos, da GALVAZA, abordar\u00e1 a tem\u00e1tica da \u201cConstru\u00e7\u00e3o met\u00e1lica sustent\u00e1vel \u2013 ciclo de vida do produto\u201d.<\/p>\n<p>O semin\u00e1rio encerra com a apresenta\u00e7\u00e3o de Andr\u00e9 Nunes e Andr\u00e9 Machado, da ELETROFER, subordinada ao tema \u201cViaduto met\u00e1lico de Santo Ov\u00eddio \u2013 m\u00e9todo construtivo\u201d, pelas 17h05.<\/p>\n<p>A inscri\u00e7\u00e3o \u00e9 gratuita, carecendo de inscri\u00e7\u00e3o pr\u00e9via, atrav\u00e9s do link: <a href=\"https:\/\/bit.ly\/3gKeQvz\">https:\/\/bit.ly\/3gKeQvz<\/a>.<\/p>\n<p>O projeto Portugal Steel congrega a ambi\u00e7\u00e3o de todo um setor empresarial, cuja import\u00e2ncia para a economia nacional se revela atrav\u00e9s da enorme din\u00e2mica das empresas e da sua forte componente de exporta\u00e7\u00e3o. Os objetivos do Portugal Steel relacionam-se com uma maior e mais vincada proje\u00e7\u00e3o nacional e internacional do setor da constru\u00e7\u00e3o met\u00e1lica e mista portuguesa, evidenciando as vantagens deste m\u00e9todo construtivo.<\/p>\n<p><strong>\u00a0 \u00a0 \u00a0 Fonte: Midlandcom<\/strong><\/p>\n","protected":false},"excerpt":{"rendered":"<p>A Escola Superior de Tecnologia e Gest\u00e3o (ESTG) do Polit\u00e9cnico de Leiria vai receber o Semin\u00e1rio Portugal Steel 2022, no dia 3 de novembro, promovido em parceria com a CMM \u2013 Associa\u00e7\u00e3o Portuguesa de Constru\u00e7\u00e3o Met\u00e1lica e Mista. O evento decorre no audit\u00f3rio 1 do Edif\u00edcio B da Escola. A abertura do evento tem lugar [&hellip;]<\/p>\n","protected":false},"author":2,"featured_media":21697,"comment_status":"open","ping_status":"open","sticky":false,"template":"","format":"standard","meta":{"footnotes":""},"categories":[7],"tags":[],"class_list":["post-21694","post","type-post","status-publish","format-standard","has-post-thumbnail","hentry","category-economia"],"_links":{"self":[{"href":"https:\/\/tintafresca.net\/index.php\/wp-json\/wp\/v2\/posts\/21694","targetHints":{"allow":["GET"]}}],"collection":[{"href":"https:\/\/tintafresca.net\/index.php\/wp-json\/wp\/v2\/posts"}],"about":[{"href":"https:\/\/tintafresca.net\/index.php\/wp-json\/wp\/v2\/types\/post"}],"author":[{"embeddable":true,"href":"https:\/\/tintafresca.net\/index.php\/wp-json\/wp\/v2\/users\/2"}],"replies":[{"embeddable":true,"href":"https:\/\/tintafresca.net\/index.php\/wp-json\/wp\/v2\/comments?post=21694"}],"version-history":[{"count":2,"href":"https:\/\/tintafresca.net\/index.php\/wp-json\/wp\/v2\/posts\/21694\/revisions"}],"predecessor-version":[{"id":21698,"href":"https:\/\/tintafresca.net\/index.php\/wp-json\/wp\/v2\/posts\/21694\/revisions\/21698"}],"wp:featuredmedia":[{"embeddable":true,"href":"https:\/\/tintafresca.net\/index.php\/wp-json\/wp\/v2\/media\/21697"}],"wp:attachment":[{"href":"https:\/\/tintafresca.net\/index.php\/wp-json\/wp\/v2\/media?parent=21694"}],"wp:term":[{"taxonomy":"category","embeddable":true,"href":"https:\/\/tintafresca.net\/index.php\/wp-json\/wp\/v2\/categories?post=21694"},{"taxonomy":"post_tag","embeddable":true,"href":"https:\/\/tintafresca.net\/index.php\/wp-json\/wp\/v2\/tags?post=21694"}],"curies":[{"name":"wp","href":"https:\/\/api.w.org\/{rel}","templated":true}]}}