{"id":2170,"date":"2021-03-10T22:11:09","date_gmt":"2021-03-10T22:11:09","guid":{"rendered":"https:\/\/tintafresca.net\/?p=2170"},"modified":"2021-03-10T22:50:14","modified_gmt":"2021-03-10T22:50:14","slug":"politecnico-de-leiria-convida-nutricionistas-para-participar-em-ciclo-de-seminarios-sobre-a-introducao-a-profissao","status":"publish","type":"post","link":"https:\/\/tintafresca.net\/index.php\/2021\/03\/10\/politecnico-de-leiria-convida-nutricionistas-para-participar-em-ciclo-de-seminarios-sobre-a-introducao-a-profissao\/","title":{"rendered":"Polit\u00e9cnico de Leiria convida nutricionistas para participar em ciclo de semin\u00e1rios sobre a introdu\u00e7\u00e3o \u00e0 profiss\u00e3o"},"content":{"rendered":"<div id=\"attachment_2172\" style=\"width: 345px\" class=\"wp-caption alignleft\"><img loading=\"lazy\" decoding=\"async\" aria-describedby=\"caption-attachment-2172\" class=\"wp-image-2172 size-full\" src=\"https:\/\/tintafresca.net\/wp-content\/uploads\/2021\/03\/Escola_Saude_2008.jpg\" alt=\"\" width=\"335\" height=\"252\" \/><p id=\"caption-attachment-2172\" class=\"wp-caption-text\">Escola Superior de Sa\u00fade de Leiria<\/p><\/div>\n<p>A Escola Superior de Sa\u00fade (ESSLei) do Polit\u00e9cnico de Leiria, atrav\u00e9s da licenciatura em Diet\u00e9tica e Nutri\u00e7\u00e3o, vai promover um ciclo de cinco semin\u00e1rios sobre a introdu\u00e7\u00e3o \u00e0 profiss\u00e3o de nutricionista, que contar\u00e1 com a participa\u00e7\u00e3o de diferentes profissionais nacionais e internacionais, que exercem fun\u00e7\u00f5es nas diversas \u00e1reas de atua\u00e7\u00e3o profissional e em institui\u00e7\u00f5es distintas. O primeiro semin\u00e1rio, subordinado ao tema \u201cDe estudante a nutricionista: a perspetiva de atuais e antigos estudantes\u201d, decorre amanh\u00e3, dia 11 de mar\u00e7o, entre as 11h00 e as 13h00, em formato online.<\/p>\n<p>Realizada no \u00e2mbito da unidade curricular \u201cIntrodu\u00e7\u00e3o \u00e0 Profiss\u00e3o\u201d, a iniciativa pretende que os estudantes compreendam a profiss\u00e3o do Nutricionista, nomeadamente atrav\u00e9s do reconhecimento das compet\u00eancias e \u00e1reas de atua\u00e7\u00e3o profissional.<\/p>\n<p>O primeiro semin\u00e1rio, a decorrer esta quinta-feira, conta com as interven\u00e7\u00f5es de Sara Condinho, estudante do 4.\u00ba ano da licenciatura em Diet\u00e9tica e Nutri\u00e7\u00e3o da ESSLei, da nutricionista estagi\u00e1ria In\u00eas Bruno, da nutricionista Bruna Silva, e do nutricionista Nuno Santos, investigador no ciTechCare, do Polit\u00e9cnico de Leiria, e docente na ESSLei.<\/p>\n<p>\u201cO papel do nutricionista na nutri\u00e7\u00e3o cl\u00ednica\u201d \u00e9 a tem\u00e1tica abordada no semin\u00e1rio que se realiza no dia 8 de abril, com as participa\u00e7\u00f5es das nutricionistas Juliana Laureano, do Hospital Santa Maria, Regina Santos, URAP (Unidade de Recursos Assistenciais Partilhados) ACeS Baixo Vouga, Daniela Canuto*, cl\u00ednicas privadas e parafarm\u00e1cias, e Beatriz Pedras, do gin\u00e1sio DINO\u2019S \u2013 Fitness, Sa\u00fade e Nutri\u00e7\u00e3o.<\/p>\n<p>Segue-se, no dia 15 de abril, o debate em torno do tema \u201cO papel do nutricionista na alimenta\u00e7\u00e3o coletiva e restaura\u00e7\u00e3o\u201d, onde v\u00e3o marcar presen\u00e7a os nutricionistas Manuel Cordeiro, da Gertal, Ana Rita Alter, da Toul &#8211; Sociedade Portuguesa de Desidrata\u00e7\u00e3o, D\u00e1lia Santos*, da Nutraqual, e a licenciada em Diet\u00e9tica e Nutri\u00e7\u00e3o Mariana Domingues, do Four Seasons Hotel Ritz.<\/p>\n<p>O quarto semin\u00e1rio, agendado para o dia 22 de abril, ser\u00e1 subordinado ao tema \u201cO nutricionista em novos contextos de trabalho\u201d, tendo como convidados os nutricionistas Patrick Soares*, do Sport Lisboa e Benfica, Raquel Cruz, Gaveta d\u2019Ingredientes, e Maria Gama*, influencer e autora do projeto \u201cpoetenalinha.pt\u201d.<\/p>\n<p>\u201cA realidade profissional em diferentes pa\u00edses\u201d \u00e9 a tem\u00e1tica que vai encerrar o ciclo de semin\u00e1rios, no dia 29 de abril, n\u00e3o estando ainda confirmados os intervenientes convidados. O programa do ciclo, e o link para as inscri\u00e7\u00f5es nos semin\u00e1rios, est\u00e3o dispon\u00edveis em <a href=\"https:\/\/www.ipleiria.pt\/esslei\/ciclo-de-seminarios-da-unidade-curricular-introducao-a-profissao\/\">https:\/\/www.ipleiria.pt\/esslei\/ciclo-de-seminarios-da-unidade-curricular-introducao-a-profissao\/<\/a>.<\/p>\n<p>*Participa\u00e7\u00f5es aguardam confirma\u00e7\u00e3o<\/p>\n<p><strong>\u00a0 \u00a0 Fonte: Midlandcom<\/strong><\/p>\n","protected":false},"excerpt":{"rendered":"<p>A Escola Superior de Sa\u00fade (ESSLei) do Polit\u00e9cnico de Leiria, atrav\u00e9s da licenciatura em Diet\u00e9tica e Nutri\u00e7\u00e3o, vai promover um ciclo de cinco semin\u00e1rios sobre a introdu\u00e7\u00e3o \u00e0 profiss\u00e3o de nutricionista, que contar\u00e1 com a participa\u00e7\u00e3o de diferentes profissionais nacionais e internacionais, que exercem fun\u00e7\u00f5es nas diversas \u00e1reas de atua\u00e7\u00e3o profissional e em institui\u00e7\u00f5es distintas. [&hellip;]<\/p>\n","protected":false},"author":2,"featured_media":2174,"comment_status":"open","ping_status":"open","sticky":false,"template":"","format":"standard","meta":{"footnotes":""},"categories":[14,6],"tags":[],"class_list":["post-2170","post","type-post","status-publish","format-standard","has-post-thumbnail","hentry","category-educacao","category-saude"],"_links":{"self":[{"href":"https:\/\/tintafresca.net\/index.php\/wp-json\/wp\/v2\/posts\/2170","targetHints":{"allow":["GET"]}}],"collection":[{"href":"https:\/\/tintafresca.net\/index.php\/wp-json\/wp\/v2\/posts"}],"about":[{"href":"https:\/\/tintafresca.net\/index.php\/wp-json\/wp\/v2\/types\/post"}],"author":[{"embeddable":true,"href":"https:\/\/tintafresca.net\/index.php\/wp-json\/wp\/v2\/users\/2"}],"replies":[{"embeddable":true,"href":"https:\/\/tintafresca.net\/index.php\/wp-json\/wp\/v2\/comments?post=2170"}],"version-history":[{"count":3,"href":"https:\/\/tintafresca.net\/index.php\/wp-json\/wp\/v2\/posts\/2170\/revisions"}],"predecessor-version":[{"id":2175,"href":"https:\/\/tintafresca.net\/index.php\/wp-json\/wp\/v2\/posts\/2170\/revisions\/2175"}],"wp:featuredmedia":[{"embeddable":true,"href":"https:\/\/tintafresca.net\/index.php\/wp-json\/wp\/v2\/media\/2174"}],"wp:attachment":[{"href":"https:\/\/tintafresca.net\/index.php\/wp-json\/wp\/v2\/media?parent=2170"}],"wp:term":[{"taxonomy":"category","embeddable":true,"href":"https:\/\/tintafresca.net\/index.php\/wp-json\/wp\/v2\/categories?post=2170"},{"taxonomy":"post_tag","embeddable":true,"href":"https:\/\/tintafresca.net\/index.php\/wp-json\/wp\/v2\/tags?post=2170"}],"curies":[{"name":"wp","href":"https:\/\/api.w.org\/{rel}","templated":true}]}}