{"id":21711,"date":"2022-10-31T23:10:18","date_gmt":"2022-10-31T23:10:18","guid":{"rendered":"https:\/\/tintafresca.net\/?p=21711"},"modified":"2022-10-31T23:11:58","modified_gmt":"2022-10-31T23:11:58","slug":"ourem-recebe-encontros-do-programa-nacional-de-apoio-aos-investidores-da-diaspora","status":"publish","type":"post","link":"https:\/\/tintafresca.net\/index.php\/2022\/10\/31\/ourem-recebe-encontros-do-programa-nacional-de-apoio-aos-investidores-da-diaspora\/","title":{"rendered":"Our\u00e9m recebe Encontros do Programa Nacional de Apoio aos Investidores da Di\u00e1spora"},"content":{"rendered":"<div id=\"attachment_21714\" style=\"width: 410px\" class=\"wp-caption alignleft\"><img loading=\"lazy\" decoding=\"async\" aria-describedby=\"caption-attachment-21714\" class=\"wp-image-21714\" src=\"https:\/\/tintafresca.net\/wp-content\/uploads\/2022\/10\/Batalha_Isabel_Ferreira.jpg\" alt=\"\" width=\"400\" height=\"710\" srcset=\"https:\/\/tintafresca.net\/wp-content\/uploads\/2022\/10\/Batalha_Isabel_Ferreira.jpg 500w, https:\/\/tintafresca.net\/wp-content\/uploads\/2022\/10\/Batalha_Isabel_Ferreira-169x300.jpg 169w\" sizes=\"auto, (max-width: 400px) 100vw, 400px\" \/><p id=\"caption-attachment-21714\" class=\"wp-caption-text\">Isabel Ferreira<\/p><\/div>\n<p>A secret\u00e1ria de Estado do Desenvolvimento Regional, Isabel Ferreira, participa em Our\u00e9m na apresenta\u00e7\u00e3o da edi\u00e7\u00e3o 2022 dos Encontros do Programa Nacional de Apoio aos Investidores da Di\u00e1spora (PNAID), com o secret\u00e1rio de Estado das Comunidades Portuguesas, Paulo Caf\u00f4fo. Esta apresenta\u00e7\u00e3o decorre em dois momentos. Pelas 14h, visita o investimento da di\u00e1spora: VIPREMI &#8211; Pr\u00e9-fabricados de bet\u00e3o, na Zona Industrial Casal dos Frades, em Sei\u00e7a, Our\u00e9m e, pelas 15h30, participa na sess\u00e3o de apresenta\u00e7\u00e3o do Programa dos Encontros PNAID, no Audit\u00f3rio Cultural dos Pa\u00e7os do Concelho em Our\u00e9m.<\/p>\n","protected":false},"excerpt":{"rendered":"<p>A secret\u00e1ria de Estado do Desenvolvimento Regional, Isabel Ferreira, participa em Our\u00e9m na apresenta\u00e7\u00e3o da edi\u00e7\u00e3o 2022 dos Encontros do Programa Nacional de Apoio aos Investidores da Di\u00e1spora (PNAID), com o secret\u00e1rio de Estado das Comunidades Portuguesas, Paulo Caf\u00f4fo. Esta apresenta\u00e7\u00e3o decorre em dois momentos. Pelas 14h, visita o investimento da di\u00e1spora: VIPREMI &#8211; Pr\u00e9-fabricados [&hellip;]<\/p>\n","protected":false},"author":2,"featured_media":21715,"comment_status":"open","ping_status":"open","sticky":false,"template":"","format":"standard","meta":{"footnotes":""},"categories":[7],"tags":[],"class_list":["post-21711","post","type-post","status-publish","format-standard","has-post-thumbnail","hentry","category-economia"],"_links":{"self":[{"href":"https:\/\/tintafresca.net\/index.php\/wp-json\/wp\/v2\/posts\/21711","targetHints":{"allow":["GET"]}}],"collection":[{"href":"https:\/\/tintafresca.net\/index.php\/wp-json\/wp\/v2\/posts"}],"about":[{"href":"https:\/\/tintafresca.net\/index.php\/wp-json\/wp\/v2\/types\/post"}],"author":[{"embeddable":true,"href":"https:\/\/tintafresca.net\/index.php\/wp-json\/wp\/v2\/users\/2"}],"replies":[{"embeddable":true,"href":"https:\/\/tintafresca.net\/index.php\/wp-json\/wp\/v2\/comments?post=21711"}],"version-history":[{"count":5,"href":"https:\/\/tintafresca.net\/index.php\/wp-json\/wp\/v2\/posts\/21711\/revisions"}],"predecessor-version":[{"id":21718,"href":"https:\/\/tintafresca.net\/index.php\/wp-json\/wp\/v2\/posts\/21711\/revisions\/21718"}],"wp:featuredmedia":[{"embeddable":true,"href":"https:\/\/tintafresca.net\/index.php\/wp-json\/wp\/v2\/media\/21715"}],"wp:attachment":[{"href":"https:\/\/tintafresca.net\/index.php\/wp-json\/wp\/v2\/media?parent=21711"}],"wp:term":[{"taxonomy":"category","embeddable":true,"href":"https:\/\/tintafresca.net\/index.php\/wp-json\/wp\/v2\/categories?post=21711"},{"taxonomy":"post_tag","embeddable":true,"href":"https:\/\/tintafresca.net\/index.php\/wp-json\/wp\/v2\/tags?post=21711"}],"curies":[{"name":"wp","href":"https:\/\/api.w.org\/{rel}","templated":true}]}}