{"id":21729,"date":"2022-11-01T14:20:04","date_gmt":"2022-11-01T14:20:04","guid":{"rendered":"https:\/\/tintafresca.net\/?p=21729"},"modified":"2022-11-01T23:18:19","modified_gmt":"2022-11-01T23:18:19","slug":"urgencia-pediatrica-da-unidade-de-torres-vedras-do-centro-hospitalar-do-oeste-encerra-no-feriado","status":"publish","type":"post","link":"https:\/\/tintafresca.net\/index.php\/2022\/11\/01\/urgencia-pediatrica-da-unidade-de-torres-vedras-do-centro-hospitalar-do-oeste-encerra-no-feriado\/","title":{"rendered":"Urg\u00eancia Pedi\u00e1trica da Unidade de Torres Vedras do Centro Hospitalar do Oeste encerra no feriado"},"content":{"rendered":"<div id=\"attachment_19408\" style=\"width: 380px\" class=\"wp-caption alignleft\"><img loading=\"lazy\" decoding=\"async\" aria-describedby=\"caption-attachment-19408\" class=\"wp-image-19408 size-full\" src=\"https:\/\/tintafresca.net\/wp-content\/uploads\/2022\/08\/Materninade_Torres_Vedras.jpg\" alt=\"\" width=\"370\" height=\"244\" srcset=\"https:\/\/tintafresca.net\/wp-content\/uploads\/2022\/08\/Materninade_Torres_Vedras.jpg 370w, https:\/\/tintafresca.net\/wp-content\/uploads\/2022\/08\/Materninade_Torres_Vedras-300x198.jpg 300w\" sizes=\"auto, (max-width: 370px) 100vw, 370px\" \/><p id=\"caption-attachment-19408\" class=\"wp-caption-text\">Urg\u00eancia Pedi\u00e1trica da Unidade de Torres Vedras do Centro Hospitalar do Oeste<\/p><\/div>\n<p>O Conselho de Administra\u00e7\u00e3o do Centro Hospitalar do Oeste informou esta ter\u00e7a-feira, dia 1 de novembro, que a Urg\u00eancia Pedi\u00e1trica da Unidade de Torres Vedras do Centro Hospitalar do Oeste n\u00e3o disp\u00f5e de recursos humanos suficientes para o preenchimento da escala respetiva entre as 09 horas de 01 de novembro e as 09 horas de 02 de novembro.\u00a0Por isso, recomenda aos utentes que n\u00e3o se desloquem \u00e0 Urg\u00eancia Pedi\u00e1trica da Unidade de Torres Vedras neste per\u00edodo, sem contacto pr\u00e9vio com a Linha SNS 24 \u2013 808 24 24 24, que disponibiliza aconselhamento e encaminhamento em situa\u00e7\u00e3o de doen\u00e7a e medica\u00e7\u00e3o.<\/p>\n<p>Foi solicitado ao Centro de Orienta\u00e7\u00e3o de Doentes Urgentes (CODU) o encaminhamento de todas as situa\u00e7\u00f5es graves e politraumatizados para a Unidade de Caldas da Rainha, outra unidade que faz parte deste Centro Hospitalar. Este procedimento, utilizado h\u00e1 anos na gest\u00e3o da procura pelo SNS, salvaguarda o atendimento com celeridade de doentes com situa\u00e7\u00e3o cl\u00ednica complexa ou exigente, assegurando que s\u00e3o encaminhados para outras unidades da Regi\u00e3o, as quais assegurar\u00e3o a resposta e o funcionamento em rede.<\/p>\n<p>Aconselha-se ainda aos utentes que nos dias \u00fateis recorram aos cuidados de sa\u00fade prim\u00e1rios, dirigindo-se ao seu centro de sa\u00fade para serem assistidos pelo seu m\u00e9dico de fam\u00edlia, ou pelo seu m\u00e9dico assistente. Caso seja necess\u00e1rio o recurso em dias n\u00e3o \u00fateis, encontra-se em funcionamento o SAP de Mafra.<\/p>\n<p>O Conselho de Administra\u00e7\u00e3o continua a envidar todos os esfor\u00e7os para contratar recursos humanos para assegurar o normal funcionamento dos v\u00e1rios Servi\u00e7os deste Centro Hospitalar.<\/p>\n<p>O Centro Hospitalar do Oeste agradece aos Profissionais da institui\u00e7\u00e3o o profissionalismo, o empenho, a dedica\u00e7\u00e3o e o esfor\u00e7o adicional na presta\u00e7\u00e3o de cuidados de sa\u00fade \u00e0 popula\u00e7\u00e3o, e apela \u00e0 compreens\u00e3o dos utentes, lamentando, desde j\u00e1, os constrangimentos que, apesar de todos os meios disponibilizados, n\u00e3o foi poss\u00edvel ultrapassar.<\/p>\n<p>O Centro Hospitalar do Oeste integra os hospitais de Caldas da Rainha, Peniche e Torres Vedras, tendo uma \u00e1rea de influ\u00eancia constitu\u00edda pelas popula\u00e7\u00f5es dos concelhos de Caldas da Rainha, \u00d3bidos, Peniche, Bombarral, Torres Vedras, Cadaval e Lourinh\u00e3 e de parte dos concelhos de Alcoba\u00e7a (freguesias de Alfeizer\u00e3o, Benedita e S\u00e3o Martinho do Porto) e de Mafra (com exce\u00e7\u00e3o das freguesias de Malveira, Milharado, Santo Est\u00eav\u00e3o das Gal\u00e9s e Venda do Pinheiro), abrangendo 292.5346 habitantes.<\/p>\n<p><strong>\u00a0 \u00a0Fonte: VN|GC|CHO<\/strong><\/p>\n","protected":false},"excerpt":{"rendered":"<p>O Conselho de Administra\u00e7\u00e3o do Centro Hospitalar do Oeste informou esta ter\u00e7a-feira, dia 1 de novembro, que a Urg\u00eancia Pedi\u00e1trica da Unidade de Torres Vedras do Centro Hospitalar do Oeste n\u00e3o disp\u00f5e de recursos humanos suficientes para o preenchimento da escala respetiva entre as 09 horas de 01 de novembro e as 09 horas de [&hellip;]<\/p>\n","protected":false},"author":2,"featured_media":21732,"comment_status":"open","ping_status":"open","sticky":false,"template":"","format":"standard","meta":{"footnotes":""},"categories":[6],"tags":[],"class_list":["post-21729","post","type-post","status-publish","format-standard","has-post-thumbnail","hentry","category-saude"],"_links":{"self":[{"href":"https:\/\/tintafresca.net\/index.php\/wp-json\/wp\/v2\/posts\/21729","targetHints":{"allow":["GET"]}}],"collection":[{"href":"https:\/\/tintafresca.net\/index.php\/wp-json\/wp\/v2\/posts"}],"about":[{"href":"https:\/\/tintafresca.net\/index.php\/wp-json\/wp\/v2\/types\/post"}],"author":[{"embeddable":true,"href":"https:\/\/tintafresca.net\/index.php\/wp-json\/wp\/v2\/users\/2"}],"replies":[{"embeddable":true,"href":"https:\/\/tintafresca.net\/index.php\/wp-json\/wp\/v2\/comments?post=21729"}],"version-history":[{"count":4,"href":"https:\/\/tintafresca.net\/index.php\/wp-json\/wp\/v2\/posts\/21729\/revisions"}],"predecessor-version":[{"id":21758,"href":"https:\/\/tintafresca.net\/index.php\/wp-json\/wp\/v2\/posts\/21729\/revisions\/21758"}],"wp:featuredmedia":[{"embeddable":true,"href":"https:\/\/tintafresca.net\/index.php\/wp-json\/wp\/v2\/media\/21732"}],"wp:attachment":[{"href":"https:\/\/tintafresca.net\/index.php\/wp-json\/wp\/v2\/media?parent=21729"}],"wp:term":[{"taxonomy":"category","embeddable":true,"href":"https:\/\/tintafresca.net\/index.php\/wp-json\/wp\/v2\/categories?post=21729"},{"taxonomy":"post_tag","embeddable":true,"href":"https:\/\/tintafresca.net\/index.php\/wp-json\/wp\/v2\/tags?post=21729"}],"curies":[{"name":"wp","href":"https:\/\/api.w.org\/{rel}","templated":true}]}}