{"id":21752,"date":"2022-11-01T23:12:29","date_gmt":"2022-11-01T23:12:29","guid":{"rendered":"https:\/\/tintafresca.net\/?p=21752"},"modified":"2022-11-01T23:19:23","modified_gmt":"2022-11-01T23:19:23","slug":"terras-de-sico-junta-autarcas-no-i-encontro-de-freguesias-do-territorio-de-intervencao","status":"publish","type":"post","link":"https:\/\/tintafresca.net\/index.php\/2022\/11\/01\/terras-de-sico-junta-autarcas-no-i-encontro-de-freguesias-do-territorio-de-intervencao\/","title":{"rendered":"Terras de Sic\u00f3 junta autarcas em Pombal no I Encontro de Freguesias do Territ\u00f3rio de Interven\u00e7\u00e3o"},"content":{"rendered":"<div id=\"attachment_21754\" style=\"width: 510px\" class=\"wp-caption alignleft\"><img loading=\"lazy\" decoding=\"async\" aria-describedby=\"caption-attachment-21754\" class=\"wp-image-21754 size-full\" src=\"https:\/\/tintafresca.net\/wp-content\/uploads\/2022\/11\/Terras_de_sico10.jpg\" alt=\"\" width=\"500\" height=\"333\" srcset=\"https:\/\/tintafresca.net\/wp-content\/uploads\/2022\/11\/Terras_de_sico10.jpg 500w, https:\/\/tintafresca.net\/wp-content\/uploads\/2022\/11\/Terras_de_sico10-300x200.jpg 300w\" sizes=\"auto, (max-width: 500px) 100vw, 500px\" \/><p id=\"caption-attachment-21754\" class=\"wp-caption-text\">Autarcas reunidos junto \u00e0 Igreja Matriz de Pombal<\/p><\/div>\n<p>A Terras de Sic\u00f3 &#8211; Associa\u00e7\u00e3o de Desenvolvimento, dando sequ\u00eancia \u00e0s orienta\u00e7\u00f5es assumidas recentemente nas suas Jornadas de Avalia\u00e7\u00e3o Interna, convidou todos os autarcas das Freguesias do territ\u00f3rio de interven\u00e7\u00e3o para um I\u00ba Encontro de Freguesias da Terras de Sic\u00f3, em Pombal, com agenda centrada na dinamiza\u00e7\u00e3o de uma nova plataforma de trabalho, envolvendo todas as Juntas de Freguesia onde sejam partilhadas experi\u00eancias e interesses comuns e o acompanhamento aos projetos de desenvolvimento local em curso, somando uma nova dimens\u00e3o pol\u00edtica para fortalecer a rede institucional de apoio aos desafios emergentes no horizonte 2030.<\/p>\n<p>Nesta sess\u00e3o de trabalho h\u00e1 a real\u00e7ar o primeiro momento em que todos se puderam conhecer, presidentes reeleitos e os novos eleitos ap\u00f3s as elei\u00e7\u00f5es aut\u00e1rquicas e para que todos pudessem ser informados das abordagens territoriais onde a Terras de Sic\u00f3 \u00e9 l\u00edder, tendo sido apresentados os projetos que unem o diret\u00f3rio SIC\u00d3: a candidatura da Arte dos Muros de Pedra Seca a Patrim\u00f3nio Cultural Imaterial da Humanidade | UNESCO, o processo relacionado com a \u201cA Dimens\u00e3o Cultural de uma Paisagem Protegida\u201d, a \u201cRede de Aldeias do Calc\u00e1rio\u201d &#8211; ARUS e PERUS e o \u201cLAB SIC\u00d3\u201d desenvolvido em parceria com o Departamento de Arquitetura da Universidade de Coimbra.<\/p>\n<p>Esta reuni\u00e3o de trabalho permitiu ainda partilhar informa\u00e7\u00e3o sobre a candidatura de reconhecimento do GAL TERRAS DE SIC\u00d3 \u00e0 gest\u00e3o do DLBC | per\u00edodo 2023-2029 e constitui\u00e7\u00e3o de parcerias, assim como foi lan\u00e7ado o desafio de acolher sugest\u00f5es e contributos para a organiza\u00e7\u00e3o da EXPOSIC\u00d3\u201923 que se vai realizar em Penela.<\/p>\n<p>Da sess\u00e3o ficou ainda o compromisso de dar continuidade a estas sess\u00f5es de trabalho e promover visitas de trabalho \u00e0s aldeias de Sic\u00f3, envolvendo as Juntas de Freguesia e as equipas t\u00e9cnicas dos grupos focais dos Munic\u00edpios para envolver as popula\u00e7\u00f5es nos v\u00e1rios projetos que temos em curso.<\/p>\n<p><strong>\u00a0 \u00a0 Fonte: GI|TS<\/strong><\/p>\n","protected":false},"excerpt":{"rendered":"<p>A Terras de Sic\u00f3 &#8211; Associa\u00e7\u00e3o de Desenvolvimento, dando sequ\u00eancia \u00e0s orienta\u00e7\u00f5es assumidas recentemente nas suas Jornadas de Avalia\u00e7\u00e3o Interna, convidou todos os autarcas das Freguesias do territ\u00f3rio de interven\u00e7\u00e3o para um I\u00ba Encontro de Freguesias da Terras de Sic\u00f3, em Pombal, com agenda centrada na dinamiza\u00e7\u00e3o de uma nova plataforma de trabalho, envolvendo todas [&hellip;]<\/p>\n","protected":false},"author":2,"featured_media":21757,"comment_status":"open","ping_status":"open","sticky":false,"template":"","format":"standard","meta":{"footnotes":""},"categories":[7],"tags":[],"class_list":["post-21752","post","type-post","status-publish","format-standard","has-post-thumbnail","hentry","category-economia"],"_links":{"self":[{"href":"https:\/\/tintafresca.net\/index.php\/wp-json\/wp\/v2\/posts\/21752","targetHints":{"allow":["GET"]}}],"collection":[{"href":"https:\/\/tintafresca.net\/index.php\/wp-json\/wp\/v2\/posts"}],"about":[{"href":"https:\/\/tintafresca.net\/index.php\/wp-json\/wp\/v2\/types\/post"}],"author":[{"embeddable":true,"href":"https:\/\/tintafresca.net\/index.php\/wp-json\/wp\/v2\/users\/2"}],"replies":[{"embeddable":true,"href":"https:\/\/tintafresca.net\/index.php\/wp-json\/wp\/v2\/comments?post=21752"}],"version-history":[{"count":4,"href":"https:\/\/tintafresca.net\/index.php\/wp-json\/wp\/v2\/posts\/21752\/revisions"}],"predecessor-version":[{"id":21759,"href":"https:\/\/tintafresca.net\/index.php\/wp-json\/wp\/v2\/posts\/21752\/revisions\/21759"}],"wp:featuredmedia":[{"embeddable":true,"href":"https:\/\/tintafresca.net\/index.php\/wp-json\/wp\/v2\/media\/21757"}],"wp:attachment":[{"href":"https:\/\/tintafresca.net\/index.php\/wp-json\/wp\/v2\/media?parent=21752"}],"wp:term":[{"taxonomy":"category","embeddable":true,"href":"https:\/\/tintafresca.net\/index.php\/wp-json\/wp\/v2\/categories?post=21752"},{"taxonomy":"post_tag","embeddable":true,"href":"https:\/\/tintafresca.net\/index.php\/wp-json\/wp\/v2\/tags?post=21752"}],"curies":[{"name":"wp","href":"https:\/\/api.w.org\/{rel}","templated":true}]}}