{"id":21776,"date":"2022-11-02T15:40:47","date_gmt":"2022-11-02T15:40:47","guid":{"rendered":"https:\/\/tintafresca.net\/?p=21776"},"modified":"2022-11-02T15:44:38","modified_gmt":"2022-11-02T15:44:38","slug":"aapi-organiza-jantar-conferencia-em-leiria-para-debater-a-importancia-dos-fundos-comunitarios-na-economia-nacional","status":"publish","type":"post","link":"https:\/\/tintafresca.net\/index.php\/2022\/11\/02\/aapi-organiza-jantar-conferencia-em-leiria-para-debater-a-importancia-dos-fundos-comunitarios-na-economia-nacional\/","title":{"rendered":"AAPI organiza Jantar-Confer\u00eancia em Leiria para debater a import\u00e2ncia dos fundos comunit\u00e1rios na economia nacional"},"content":{"rendered":"<div id=\"attachment_21778\" style=\"width: 410px\" class=\"wp-caption alignleft\"><img loading=\"lazy\" decoding=\"async\" aria-describedby=\"caption-attachment-21778\" class=\"wp-image-21778\" src=\"https:\/\/tintafresca.net\/wp-content\/uploads\/2022\/11\/joao_duque_ISEG.jpg\" alt=\"\" width=\"400\" height=\"400\" srcset=\"https:\/\/tintafresca.net\/wp-content\/uploads\/2022\/11\/joao_duque_ISEG.jpg 1080w, https:\/\/tintafresca.net\/wp-content\/uploads\/2022\/11\/joao_duque_ISEG-300x300.jpg 300w, https:\/\/tintafresca.net\/wp-content\/uploads\/2022\/11\/joao_duque_ISEG-1024x1024.jpg 1024w, https:\/\/tintafresca.net\/wp-content\/uploads\/2022\/11\/joao_duque_ISEG-150x150.jpg 150w, https:\/\/tintafresca.net\/wp-content\/uploads\/2022\/11\/joao_duque_ISEG-768x768.jpg 768w\" sizes=\"auto, (max-width: 400px) 100vw, 400px\" \/><p id=\"caption-attachment-21778\" class=\"wp-caption-text\">Jo\u00e3o Duque<\/p><\/div>\n<p>No ano em que faz dez anos, a AAPI \u2013 Associa\u00e7\u00e3o A\u00e7\u00e3o para a Internacionaliza\u00e7\u00e3o, organiza um Jantar-Confer\u00eancia para debater a import\u00e2ncia dos fundos comunit\u00e1rios na economia nacional, que conta com um distinto painel de oradores, tem lugar no dia 10 de novembro, pelas 19h numa unidade hoteleira de Leiria e tem lota\u00e7\u00e3o quase esgotada.<\/p>\n<p>Os Fundos Comunit\u00e1rios s\u00e3o um motor da economia, permitindo \u00e0s empresas crescerem e aos empreendedores criarem o seu neg\u00f3cio com o apoio de que precisam. Neste sentido, \u00e9 preciso debater o passado para melhorar no futuro. A Import\u00e2ncia dos Fundos Comunit\u00e1rios para as empresas \u00e9 ineg\u00e1vel, contudo num momento em que existem novos desafios para a Europa \u00e9 necess\u00e1rio debater os caminhos e as necessidades das empresas.<\/p>\n<p>\u00c9 neste contexto que a AAPI \u2013 Associa\u00e7\u00e3o A\u00e7\u00e3o Para a Internacionaliza\u00e7\u00e3o organiza o Jantar-Confer\u00eancia a \u201cImport\u00e2ncia dos Fundos Comunit\u00e1rios: 10 anos de mudan\u00e7as\u201d, que se ir\u00e1 realizar no pr\u00f3ximo dia 10 de novembro, em Leiria, a partir das 19h00.<\/p>\n<p>O programa contar\u00e1 com as interven\u00e7\u00f5es iniciais de Paulo Lopes, presidente da AAPI e Gon\u00e7alo Lopes, presidente da C\u00e2mara Municipal de Leiria, seguindo-se depois do Jantar um painel de debate que conta com a participa\u00e7\u00e3o de Jo\u00e3o Duque (Professor catedr\u00e1tico do ISEG e Colunista do Expresso), Ana Elisa Santos (Vogal do Conselho Diretivo do IEFP) e Pedro Moura Ferreira (Diretor na Corretora MDS Group).<\/p>\n<p>A presente confer\u00eancia \u00e9 igualmente organizada no ano em que a AAPI \u2013 Associa\u00e7\u00e3o A\u00e7\u00e3o Para a Internacionaliza\u00e7\u00e3o faz dez anos, sendo, portanto, tamb\u00e9m uma oportunidade para abordar a import\u00e2ncia das Associa\u00e7\u00f5es empresariais no contexto do apoio e no papel ve\u00edculos de dissemina\u00e7\u00e3o dos Fundos Comunit\u00e1rios junto das empresas.<\/p>\n<p>As inscri\u00e7\u00f5es est\u00e3o limitadas a 100 participantes, encontrando-se apenas algumas vagas dispon\u00edveis. Os interessados devem entrar em contacto com a AAPI \u2013 Associa\u00e7\u00e3o A\u00e7\u00e3o Para a Internacionaliza\u00e7\u00e3o. Esta a\u00e7\u00e3o \u00e9 cofinanciada pelo POAT, Portugal2020 e FEDER.<\/p>\n","protected":false},"excerpt":{"rendered":"<p>No ano em que faz dez anos, a AAPI \u2013 Associa\u00e7\u00e3o A\u00e7\u00e3o para a Internacionaliza\u00e7\u00e3o, organiza um Jantar-Confer\u00eancia para debater a import\u00e2ncia dos fundos comunit\u00e1rios na economia nacional, que conta com um distinto painel de oradores, tem lugar no dia 10 de novembro, pelas 19h numa unidade hoteleira de Leiria e tem lota\u00e7\u00e3o quase esgotada. [&hellip;]<\/p>\n","protected":false},"author":2,"featured_media":21779,"comment_status":"open","ping_status":"open","sticky":false,"template":"","format":"standard","meta":{"footnotes":""},"categories":[7],"tags":[],"class_list":["post-21776","post","type-post","status-publish","format-standard","has-post-thumbnail","hentry","category-economia"],"_links":{"self":[{"href":"https:\/\/tintafresca.net\/index.php\/wp-json\/wp\/v2\/posts\/21776","targetHints":{"allow":["GET"]}}],"collection":[{"href":"https:\/\/tintafresca.net\/index.php\/wp-json\/wp\/v2\/posts"}],"about":[{"href":"https:\/\/tintafresca.net\/index.php\/wp-json\/wp\/v2\/types\/post"}],"author":[{"embeddable":true,"href":"https:\/\/tintafresca.net\/index.php\/wp-json\/wp\/v2\/users\/2"}],"replies":[{"embeddable":true,"href":"https:\/\/tintafresca.net\/index.php\/wp-json\/wp\/v2\/comments?post=21776"}],"version-history":[{"count":2,"href":"https:\/\/tintafresca.net\/index.php\/wp-json\/wp\/v2\/posts\/21776\/revisions"}],"predecessor-version":[{"id":21780,"href":"https:\/\/tintafresca.net\/index.php\/wp-json\/wp\/v2\/posts\/21776\/revisions\/21780"}],"wp:featuredmedia":[{"embeddable":true,"href":"https:\/\/tintafresca.net\/index.php\/wp-json\/wp\/v2\/media\/21779"}],"wp:attachment":[{"href":"https:\/\/tintafresca.net\/index.php\/wp-json\/wp\/v2\/media?parent=21776"}],"wp:term":[{"taxonomy":"category","embeddable":true,"href":"https:\/\/tintafresca.net\/index.php\/wp-json\/wp\/v2\/categories?post=21776"},{"taxonomy":"post_tag","embeddable":true,"href":"https:\/\/tintafresca.net\/index.php\/wp-json\/wp\/v2\/tags?post=21776"}],"curies":[{"name":"wp","href":"https:\/\/api.w.org\/{rel}","templated":true}]}}