{"id":21851,"date":"2022-11-05T17:55:53","date_gmt":"2022-11-05T17:55:53","guid":{"rendered":"https:\/\/tintafresca.net\/?p=21851"},"modified":"2022-11-05T17:58:46","modified_gmt":"2022-11-05T17:58:46","slug":"na-entrega-dos-premios-dos-concursos-o-vinho-tinto-e-o-vinho-branco-de-torres-vedras-2022-e-pastel-de-feijao-de-torres-vedras-2022","status":"publish","type":"post","link":"https:\/\/tintafresca.net\/index.php\/2022\/11\/05\/na-entrega-dos-premios-dos-concursos-o-vinho-tinto-e-o-vinho-branco-de-torres-vedras-2022-e-pastel-de-feijao-de-torres-vedras-2022\/","title":{"rendered":"Ministra da Agricultura e da Alimenta\u00e7\u00e3o participa este domingo nas Festas de Torres Vedras"},"content":{"rendered":"<div id=\"attachment_11592\" style=\"width: 510px\" class=\"wp-caption alignleft\"><img loading=\"lazy\" decoding=\"async\" aria-describedby=\"caption-attachment-11592\" class=\"wp-image-11592 size-full\" src=\"https:\/\/tintafresca.net\/wp-content\/uploads\/2021\/12\/Cadaval_Ministra-Maria-do-Ceu-Antunes10.jpg\" alt=\"\" width=\"500\" height=\"333\" srcset=\"https:\/\/tintafresca.net\/wp-content\/uploads\/2021\/12\/Cadaval_Ministra-Maria-do-Ceu-Antunes10.jpg 500w, https:\/\/tintafresca.net\/wp-content\/uploads\/2021\/12\/Cadaval_Ministra-Maria-do-Ceu-Antunes10-300x200.jpg 300w\" sizes=\"auto, (max-width: 500px) 100vw, 500px\" \/><p id=\"caption-attachment-11592\" class=\"wp-caption-text\">Maria do C\u00e9u Antunes<\/p><\/div>\n<p>A ministra da Agricultura e da Alimenta\u00e7\u00e3o, Maria do C\u00e9u Antunes, participa este domingo, dia 6 de novembro, \u00e0s 21h30, no Audit\u00f3rio dos Pa\u00e7os do Concelho, na cerim\u00f3nia de entrega dos Pr\u00e9mios dos Concursos \u201cO Vinho Tinto e o Vinho Branco de Torres Vedras 2022\u201d e \u201cPastel de Feij\u00e3o de Torres Vedras 2022\u201d, no \u00e2mbito das Festas de Torres Vedras.<\/p>\n<p>Esta edi\u00e7\u00e3o do certame,\u00a0organizada\u00a0pelo Munic\u00edpio de Torres Vedras,\u00a0d\u00e1 a conhecer os principais produtos da regi\u00e3o, em harmonia com a gastronomia local, assumindo um papel relevante na dinamiza\u00e7\u00e3o da economia local.<\/p>\n<p>Maria do C\u00e9u Antunes, participa tamb\u00e9m neste dia, ao meio-dia, no 9\u00ba Congresso da Confedera\u00e7\u00e3o Nacional da Agricultura e da Agricultura Familiar, no Pavilh\u00e3o Multiusos de Viseu.<\/p>\n<p>Este congresso tem como tema principal \u201cConcretizar o Estatuto, defender a agricultura familiar, lutar pela soberania alimentar\u201d e procura apresentar propostas para melhores pol\u00edticas para a agricultura, em particular para a Agricultura Familiar, para defender a produ\u00e7\u00e3o nacional e os rendimentos dos agricultores.<\/p>\n<p><strong>\u00a0 \u00a0Fonte: ACM|CMTV\u00a0<\/strong><\/p>\n","protected":false},"excerpt":{"rendered":"<p>A ministra da Agricultura e da Alimenta\u00e7\u00e3o, Maria do C\u00e9u Antunes, participa este domingo, dia 6 de novembro, \u00e0s 21h30, no Audit\u00f3rio dos Pa\u00e7os do Concelho, na cerim\u00f3nia de entrega dos Pr\u00e9mios dos Concursos \u201cO Vinho Tinto e o Vinho Branco de Torres Vedras 2022\u201d e \u201cPastel de Feij\u00e3o de Torres Vedras 2022\u201d, no \u00e2mbito [&hellip;]<\/p>\n","protected":false},"author":2,"featured_media":11593,"comment_status":"open","ping_status":"open","sticky":false,"template":"","format":"standard","meta":{"footnotes":""},"categories":[7],"tags":[],"class_list":["post-21851","post","type-post","status-publish","format-standard","has-post-thumbnail","hentry","category-economia"],"_links":{"self":[{"href":"https:\/\/tintafresca.net\/index.php\/wp-json\/wp\/v2\/posts\/21851","targetHints":{"allow":["GET"]}}],"collection":[{"href":"https:\/\/tintafresca.net\/index.php\/wp-json\/wp\/v2\/posts"}],"about":[{"href":"https:\/\/tintafresca.net\/index.php\/wp-json\/wp\/v2\/types\/post"}],"author":[{"embeddable":true,"href":"https:\/\/tintafresca.net\/index.php\/wp-json\/wp\/v2\/users\/2"}],"replies":[{"embeddable":true,"href":"https:\/\/tintafresca.net\/index.php\/wp-json\/wp\/v2\/comments?post=21851"}],"version-history":[{"count":5,"href":"https:\/\/tintafresca.net\/index.php\/wp-json\/wp\/v2\/posts\/21851\/revisions"}],"predecessor-version":[{"id":21856,"href":"https:\/\/tintafresca.net\/index.php\/wp-json\/wp\/v2\/posts\/21851\/revisions\/21856"}],"wp:featuredmedia":[{"embeddable":true,"href":"https:\/\/tintafresca.net\/index.php\/wp-json\/wp\/v2\/media\/11593"}],"wp:attachment":[{"href":"https:\/\/tintafresca.net\/index.php\/wp-json\/wp\/v2\/media?parent=21851"}],"wp:term":[{"taxonomy":"category","embeddable":true,"href":"https:\/\/tintafresca.net\/index.php\/wp-json\/wp\/v2\/categories?post=21851"},{"taxonomy":"post_tag","embeddable":true,"href":"https:\/\/tintafresca.net\/index.php\/wp-json\/wp\/v2\/tags?post=21851"}],"curies":[{"name":"wp","href":"https:\/\/api.w.org\/{rel}","templated":true}]}}