{"id":21928,"date":"2022-11-08T13:27:27","date_gmt":"2022-11-08T13:27:27","guid":{"rendered":"https:\/\/tintafresca.net\/?p=21928"},"modified":"2022-11-09T12:24:48","modified_gmt":"2022-11-09T12:24:48","slug":"empresarios-da-batalha-reclamam-medidas-urgentes-do-governo-para-fazer-face-a-2023","status":"publish","type":"post","link":"https:\/\/tintafresca.net\/index.php\/2022\/11\/08\/empresarios-da-batalha-reclamam-medidas-urgentes-do-governo-para-fazer-face-a-2023\/","title":{"rendered":"Empres\u00e1rios da Batalha reclamam medidas urgentes do Governo para fazer face a 2023"},"content":{"rendered":"<div id=\"attachment_21930\" style=\"width: 510px\" class=\"wp-caption alignleft\"><img loading=\"lazy\" decoding=\"async\" aria-describedby=\"caption-attachment-21930\" class=\"wp-image-21930 size-full\" src=\"https:\/\/tintafresca.net\/wp-content\/uploads\/2022\/11\/Batalha_empresarios10.jpg\" alt=\"\" width=\"500\" height=\"313\" srcset=\"https:\/\/tintafresca.net\/wp-content\/uploads\/2022\/11\/Batalha_empresarios10.jpg 500w, https:\/\/tintafresca.net\/wp-content\/uploads\/2022\/11\/Batalha_empresarios10-300x188.jpg 300w\" sizes=\"auto, (max-width: 500px) 100vw, 500px\" \/><p id=\"caption-attachment-21930\" class=\"wp-caption-text\">Reuni\u00e3o de empres\u00e1rios na Batalha<\/p><\/div>\n<p>Mais de sessenta empres\u00e1rios do Concelho da Batalha participaram nas sess\u00f5es setoriais realizadas pela Autarquia nas duas \u00faltimas semanas, com o intuito de analisar as perspetivas econ\u00f3micas para o pr\u00f3ximo ano.<\/p>\n<p>Nas referidas sess\u00f5es, que contaram com o apoio da Nerlei &#8211; Associa\u00e7\u00e3o Empresarial da Regi\u00e3o de Leiria e da ARICOP &#8211; Associa\u00e7\u00e3o Regional dos Industriais de Constru\u00e7\u00e3o e Obras P\u00fablicas de Leiria e Our\u00e9m, os empres\u00e1rios ouvidos expressaram a sua forte preocupa\u00e7\u00e3o quanto \u00e0 grave crise energ\u00e9tica com que a Europa se depara, mas tamb\u00e9m a instabilidade que se sente nos mercados, a elevada infla\u00e7\u00e3o e a dificuldade em contratar recursos humanos.<\/p>\n<p>Faian\u00e7a, pl\u00e1sticos, moldes, metalomec\u00e2nica e constru\u00e7\u00e3o civil s\u00e3o os setores de atividade em que, de acordo com os empres\u00e1rios ouvidos, \u00e9 fundamental o Governo intervir atrav\u00e9s da concretiza\u00e7\u00e3o de medidas de apoio efetivas capazes de atenuar os custos de produ\u00e7\u00e3o, mas tamb\u00e9m a distribui\u00e7\u00e3o desses mesmos produtos.<\/p>\n<p>Atendendo ao cen\u00e1rio macroecon\u00f3mico perspetivado pelo Governo e que serviu de base \u00e0 constru\u00e7\u00e3o da proposta de Or\u00e7amento para o pr\u00f3ximo exerc\u00edcio, a C\u00e2mara da Batalha procedeu \u00e0 realiza\u00e7\u00e3o destes encontros cujas propostas e ideias lan\u00e7adas ser\u00e3o agora remetidas ao ministro da Economia.<\/p>\n<p>\u201cOuvir os empres\u00e1rios num momento t\u00e3o dif\u00edcil como o que nos encontramos \u00e9 uma das fun\u00e7\u00f5es da C\u00e2mara Municipal. As propostas que nos foram lan\u00e7adas, em \u00e1reas t\u00e3o distintas como as dificuldades de contratar recursos humanos, os elevados custos com a energia e a tributa\u00e7\u00e3o fiscal, entre outras, ser\u00e3o remetidas para o membro do Governo com o intuito de demonstrar a urg\u00eancia na implementa\u00e7\u00e3o de medidas urgentes destinadas a apoiar o setor produtivo\u201d, defende Raul Castro, presidente da C\u00e2mara da Batalha.<\/p>\n<p><strong>Fonte: MB<\/strong><\/p>\n","protected":false},"excerpt":{"rendered":"<p>Mais de sessenta empres\u00e1rios do Concelho da Batalha participaram nas sess\u00f5es setoriais realizadas pela Autarquia nas duas \u00faltimas semanas, com o intuito de analisar as perspetivas econ\u00f3micas para o pr\u00f3ximo ano. Nas referidas sess\u00f5es, que contaram com o apoio da Nerlei &#8211; Associa\u00e7\u00e3o Empresarial da Regi\u00e3o de Leiria e da ARICOP &#8211; Associa\u00e7\u00e3o Regional dos [&hellip;]<\/p>\n","protected":false},"author":2,"featured_media":21932,"comment_status":"open","ping_status":"open","sticky":false,"template":"","format":"standard","meta":{"footnotes":""},"categories":[7],"tags":[],"class_list":["post-21928","post","type-post","status-publish","format-standard","has-post-thumbnail","hentry","category-economia"],"_links":{"self":[{"href":"https:\/\/tintafresca.net\/index.php\/wp-json\/wp\/v2\/posts\/21928","targetHints":{"allow":["GET"]}}],"collection":[{"href":"https:\/\/tintafresca.net\/index.php\/wp-json\/wp\/v2\/posts"}],"about":[{"href":"https:\/\/tintafresca.net\/index.php\/wp-json\/wp\/v2\/types\/post"}],"author":[{"embeddable":true,"href":"https:\/\/tintafresca.net\/index.php\/wp-json\/wp\/v2\/users\/2"}],"replies":[{"embeddable":true,"href":"https:\/\/tintafresca.net\/index.php\/wp-json\/wp\/v2\/comments?post=21928"}],"version-history":[{"count":5,"href":"https:\/\/tintafresca.net\/index.php\/wp-json\/wp\/v2\/posts\/21928\/revisions"}],"predecessor-version":[{"id":21935,"href":"https:\/\/tintafresca.net\/index.php\/wp-json\/wp\/v2\/posts\/21928\/revisions\/21935"}],"wp:featuredmedia":[{"embeddable":true,"href":"https:\/\/tintafresca.net\/index.php\/wp-json\/wp\/v2\/media\/21932"}],"wp:attachment":[{"href":"https:\/\/tintafresca.net\/index.php\/wp-json\/wp\/v2\/media?parent=21928"}],"wp:term":[{"taxonomy":"category","embeddable":true,"href":"https:\/\/tintafresca.net\/index.php\/wp-json\/wp\/v2\/categories?post=21928"},{"taxonomy":"post_tag","embeddable":true,"href":"https:\/\/tintafresca.net\/index.php\/wp-json\/wp\/v2\/tags?post=21928"}],"curies":[{"name":"wp","href":"https:\/\/api.w.org\/{rel}","templated":true}]}}