{"id":21949,"date":"2022-11-08T23:03:20","date_gmt":"2022-11-08T23:03:20","guid":{"rendered":"https:\/\/tintafresca.net\/?p=21949"},"modified":"2022-11-08T23:15:13","modified_gmt":"2022-11-08T23:15:13","slug":"21949","status":"publish","type":"post","link":"https:\/\/tintafresca.net\/index.php\/2022\/11\/08\/21949\/","title":{"rendered":"Biblioteca Municipal de Alcoba\u00e7a celebra 21\u00ba anivers\u00e1rio com apresenta\u00e7\u00e3o de oito livros"},"content":{"rendered":"<p><img loading=\"lazy\" decoding=\"async\" class=\"alignleft wp-image-21957 size-full\" src=\"https:\/\/tintafresca.net\/wp-content\/uploads\/2022\/11\/Alcobaca_Biblioteca_21anos.png\" alt=\"\" width=\"480\" height=\"676\" srcset=\"https:\/\/tintafresca.net\/wp-content\/uploads\/2022\/11\/Alcobaca_Biblioteca_21anos.png 480w, https:\/\/tintafresca.net\/wp-content\/uploads\/2022\/11\/Alcobaca_Biblioteca_21anos-213x300.png 213w\" sizes=\"auto, (max-width: 480px) 100vw, 480px\" \/>Para assinalar a data festiva, a BMA prop\u00f5e uma programa\u00e7\u00e3o inclusiva, com op\u00e7\u00f5es para todos os gostos e idades.<\/p>\n<p>Destaques da programa\u00e7\u00e3o do m\u00eas de novembro da BMA:<\/p>\n<p>19 NOV . 15H00<br \/>\nAlcoba\u00e7a a Programar<br \/>\nWorkshop 8: Minecraft III<br \/>\nM\/5 | inscri\u00e7\u00e3o pr\u00e9via obrigat\u00f3ria atrav\u00e9s do email bma.inscricoes@cm-alcobaca.pt | 262 580 880<\/p>\n<p>19 NOV . 15H30<br \/>\nApresenta\u00e7\u00e3o do livro <a href=\"https:\/\/www.cm-alcobaca.pt\/pt\/agenda\/28452\/apresentacao-de-livro---um-caminho-para-a-cura.aspx\">\u201cUm caminho para a cura: realidades e propostas para o sistema de sa\u00fade em Portugal\u201d<\/a>, de Ricardo Baptista Leite<br \/>\nP\u00fablico-alvo: comunidade m\u00e9dica e respons\u00e1veis pol\u00edticos pela \u00e1rea da sa\u00fade e todos os interessados por esta \u00e1rea | Entrada livre | Audit\u00f3rio<\/p>\n<p><strong>\u00a0 \u00a0 \u00a0Fonte: GAP|CMA<\/strong><\/p>\n","protected":false},"excerpt":{"rendered":"<p>Para assinalar a data festiva, a BMA prop\u00f5e uma programa\u00e7\u00e3o inclusiva, com op\u00e7\u00f5es para todos os gostos e idades. Destaques da programa\u00e7\u00e3o do m\u00eas de novembro da BMA: 19 NOV . 15H00 Alcoba\u00e7a a Programar Workshop 8: Minecraft III M\/5 | inscri\u00e7\u00e3o pr\u00e9via obrigat\u00f3ria atrav\u00e9s do email bma.inscricoes@cm-alcobaca.pt | 262 580 880 19 NOV . [&hellip;]<\/p>\n","protected":false},"author":2,"featured_media":21959,"comment_status":"open","ping_status":"open","sticky":false,"template":"","format":"standard","meta":{"footnotes":""},"categories":[6,11],"tags":[],"class_list":["post-21949","post","type-post","status-publish","format-standard","has-post-thumbnail","hentry","category-saude","category-sociedade"],"_links":{"self":[{"href":"https:\/\/tintafresca.net\/index.php\/wp-json\/wp\/v2\/posts\/21949","targetHints":{"allow":["GET"]}}],"collection":[{"href":"https:\/\/tintafresca.net\/index.php\/wp-json\/wp\/v2\/posts"}],"about":[{"href":"https:\/\/tintafresca.net\/index.php\/wp-json\/wp\/v2\/types\/post"}],"author":[{"embeddable":true,"href":"https:\/\/tintafresca.net\/index.php\/wp-json\/wp\/v2\/users\/2"}],"replies":[{"embeddable":true,"href":"https:\/\/tintafresca.net\/index.php\/wp-json\/wp\/v2\/comments?post=21949"}],"version-history":[{"count":5,"href":"https:\/\/tintafresca.net\/index.php\/wp-json\/wp\/v2\/posts\/21949\/revisions"}],"predecessor-version":[{"id":21962,"href":"https:\/\/tintafresca.net\/index.php\/wp-json\/wp\/v2\/posts\/21949\/revisions\/21962"}],"wp:featuredmedia":[{"embeddable":true,"href":"https:\/\/tintafresca.net\/index.php\/wp-json\/wp\/v2\/media\/21959"}],"wp:attachment":[{"href":"https:\/\/tintafresca.net\/index.php\/wp-json\/wp\/v2\/media?parent=21949"}],"wp:term":[{"taxonomy":"category","embeddable":true,"href":"https:\/\/tintafresca.net\/index.php\/wp-json\/wp\/v2\/categories?post=21949"},{"taxonomy":"post_tag","embeddable":true,"href":"https:\/\/tintafresca.net\/index.php\/wp-json\/wp\/v2\/tags?post=21949"}],"curies":[{"name":"wp","href":"https:\/\/api.w.org\/{rel}","templated":true}]}}