{"id":21965,"date":"2022-11-09T11:46:11","date_gmt":"2022-11-09T11:46:11","guid":{"rendered":"https:\/\/tintafresca.net\/?p=21965"},"modified":"2022-11-09T12:12:53","modified_gmt":"2022-11-09T12:12:53","slug":"direcao-nacional-do-psd-debate-orcamento-de-estado-2023-em-leiria-santarem-e-oeste","status":"publish","type":"post","link":"https:\/\/tintafresca.net\/index.php\/2022\/11\/09\/direcao-nacional-do-psd-debate-orcamento-de-estado-2023-em-leiria-santarem-e-oeste\/","title":{"rendered":"Dire\u00e7\u00e3o Nacional do PSD debate Or\u00e7amento de Estado 2023 em Leiria, Santar\u00e9m e Oeste"},"content":{"rendered":"<div id=\"attachment_21967\" style=\"width: 410px\" class=\"wp-caption alignleft\"><img loading=\"lazy\" decoding=\"async\" aria-describedby=\"caption-attachment-21967\" class=\"wp-image-21967\" src=\"https:\/\/tintafresca.net\/wp-content\/uploads\/2022\/11\/Antonio_Leitao_amaro.jpg\" alt=\"\" width=\"400\" height=\"533\" srcset=\"https:\/\/tintafresca.net\/wp-content\/uploads\/2022\/11\/Antonio_Leitao_amaro.jpg 480w, https:\/\/tintafresca.net\/wp-content\/uploads\/2022\/11\/Antonio_Leitao_amaro-225x300.jpg 225w\" sizes=\"auto, (max-width: 400px) 100vw, 400px\" \/><p id=\"caption-attachment-21967\" class=\"wp-caption-text\">Ant\u00f3nio Leit\u00e3o Amaro<\/p><\/div>\n<p>O presidente do PSD, Lu\u00eds Montenegro, o secret\u00e1rio-geral, Hugo Soares, os vice-presidentes e o l\u00edder parlamentar iniciam na sexta-feira, dia 11 de novembro, uma desloca\u00e7\u00e3o a todos os distritos do Pa\u00eds que termina no dia 16 de novembro.<\/p>\n<p>A iniciativa \u201cConstruir a Alternativa\u201d, que conta tamb\u00e9m com a participa\u00e7\u00e3o dos dirigentes distritais, insere-se no \u00e2mbito da discuss\u00e3o do Or\u00e7amento de Estado para 2023 e tem como objetivo debater com os militantes as falhas deste or\u00e7amento e as propostas alternativas do PSD.<\/p>\n<p>No dia 12 de novembro, s\u00e1bado, \u00e0s 16h, o vice-presidente Miguel Pinto Luz estar\u00e1 no Edif\u00edcio dos Antigos Pa\u00e7os do Concelho, em Torres Novas.<\/p>\n<p>No dia 15 de novembro, ter\u00e7a-feira, \u00e0s 21h, o vice-presidente Ant\u00f3nio Leit\u00e3o Amaro estar\u00e1 na Sede Distrital &#8211; Rua Jos\u00e9 Jardim, 32, em Leiria.<\/p>\n<p>No dia 16 de novembro, quarta-feira, \u00e0s 21h30, Ant\u00f3nio Leit\u00e3o Amaro estar\u00e1 tamb\u00e9m na Sede Distrital da \u00c1rea Oeste, em Torres Vedras.<\/p>\n<p><strong>\u00a0 \u00a0Fonte: GI|PSD<\/strong><\/p>\n","protected":false},"excerpt":{"rendered":"<p>O presidente do PSD, Lu\u00eds Montenegro, o secret\u00e1rio-geral, Hugo Soares, os vice-presidentes e o l\u00edder parlamentar iniciam na sexta-feira, dia 11 de novembro, uma desloca\u00e7\u00e3o a todos os distritos do Pa\u00eds que termina no dia 16 de novembro. A iniciativa \u201cConstruir a Alternativa\u201d, que conta tamb\u00e9m com a participa\u00e7\u00e3o dos dirigentes distritais, insere-se no \u00e2mbito [&hellip;]<\/p>\n","protected":false},"author":2,"featured_media":21969,"comment_status":"open","ping_status":"open","sticky":false,"template":"","format":"standard","meta":{"footnotes":""},"categories":[7,11],"tags":[],"class_list":["post-21965","post","type-post","status-publish","format-standard","has-post-thumbnail","hentry","category-economia","category-sociedade"],"_links":{"self":[{"href":"https:\/\/tintafresca.net\/index.php\/wp-json\/wp\/v2\/posts\/21965","targetHints":{"allow":["GET"]}}],"collection":[{"href":"https:\/\/tintafresca.net\/index.php\/wp-json\/wp\/v2\/posts"}],"about":[{"href":"https:\/\/tintafresca.net\/index.php\/wp-json\/wp\/v2\/types\/post"}],"author":[{"embeddable":true,"href":"https:\/\/tintafresca.net\/index.php\/wp-json\/wp\/v2\/users\/2"}],"replies":[{"embeddable":true,"href":"https:\/\/tintafresca.net\/index.php\/wp-json\/wp\/v2\/comments?post=21965"}],"version-history":[{"count":2,"href":"https:\/\/tintafresca.net\/index.php\/wp-json\/wp\/v2\/posts\/21965\/revisions"}],"predecessor-version":[{"id":21968,"href":"https:\/\/tintafresca.net\/index.php\/wp-json\/wp\/v2\/posts\/21965\/revisions\/21968"}],"wp:featuredmedia":[{"embeddable":true,"href":"https:\/\/tintafresca.net\/index.php\/wp-json\/wp\/v2\/media\/21969"}],"wp:attachment":[{"href":"https:\/\/tintafresca.net\/index.php\/wp-json\/wp\/v2\/media?parent=21965"}],"wp:term":[{"taxonomy":"category","embeddable":true,"href":"https:\/\/tintafresca.net\/index.php\/wp-json\/wp\/v2\/categories?post=21965"},{"taxonomy":"post_tag","embeddable":true,"href":"https:\/\/tintafresca.net\/index.php\/wp-json\/wp\/v2\/tags?post=21965"}],"curies":[{"name":"wp","href":"https:\/\/api.w.org\/{rel}","templated":true}]}}