{"id":21971,"date":"2022-11-09T12:33:43","date_gmt":"2022-11-09T12:33:43","guid":{"rendered":"https:\/\/tintafresca.net\/?p=21971"},"modified":"2022-11-09T12:43:15","modified_gmt":"2022-11-09T12:43:15","slug":"regioes-centro-alentejo-e-extremadura-renovam-protocolo-de-cooperacao","status":"publish","type":"post","link":"https:\/\/tintafresca.net\/index.php\/2022\/11\/09\/regioes-centro-alentejo-e-extremadura-renovam-protocolo-de-cooperacao\/","title":{"rendered":"Regi\u00f5es Centro, Alentejo e Extremadura renovam Protocolo de Coopera\u00e7\u00e3o"},"content":{"rendered":"<div id=\"attachment_18751\" style=\"width: 460px\" class=\"wp-caption alignleft\"><img loading=\"lazy\" decoding=\"async\" aria-describedby=\"caption-attachment-18751\" class=\"wp-image-18751 size-full\" src=\"https:\/\/tintafresca.net\/wp-content\/uploads\/2022\/07\/PM_Isabel_Damasceno.jpg\" alt=\"\" width=\"450\" height=\"600\" srcset=\"https:\/\/tintafresca.net\/wp-content\/uploads\/2022\/07\/PM_Isabel_Damasceno.jpg 450w, https:\/\/tintafresca.net\/wp-content\/uploads\/2022\/07\/PM_Isabel_Damasceno-225x300.jpg 225w\" sizes=\"auto, (max-width: 450px) 100vw, 450px\" \/><p id=\"caption-attachment-18751\" class=\"wp-caption-text\">Isabel Damasceno ser\u00e1 uma das oradoras<\/p><\/div>\n<p>A regi\u00e3o Centro recebe esta quinta-feira, dia 10 de novembro, em Proen\u00e7a-a-Nova, o IV Plen\u00e1rio da Comunidade de Trabalho Transfronteiri\u00e7a da EUROACE \u2013 Eurorregi\u00e3o Alentejo, Centro e Extremadura. Este encontro, que ser\u00e1 marcado pela assinatura de um novo Protocolo de coopera\u00e7\u00e3o e pela apresenta\u00e7\u00e3o da Estrat\u00e9gia de Coopera\u00e7\u00e3o Territorial Transfronteiri\u00e7a para o per\u00edodo 2021-2027, conta com a participa\u00e7\u00e3o da Secret\u00e1ria de Estado do Desenvolvimento Regional, Isabel Ferreira.<\/p>\n<p>A Estrat\u00e9gia de Coopera\u00e7\u00e3o Territorial Transfronteiri\u00e7a para o per\u00edodo 2021-2027, EUROACE2030, servir\u00e1 de enquadramento \u00e0s atividades de coopera\u00e7\u00e3o, n\u00e3o s\u00f3 da Comunidade de Trabalho, mas do conjunto das entidades p\u00fablicas e privadas do territ\u00f3rio, procurando deste modo conduzir a a\u00e7\u00f5es concertadas que produzam resultados mais significativos no seu conjunto.<\/p>\n<p>O novo Protocolo de Coopera\u00e7\u00e3o Transfronteiri\u00e7a da Comunidade de Trabalho da Eurorregi\u00e3o EUROACE, que atualiza o Protocolo assinado a 21 de setembro 2009, em Vila Velha de Rod\u00e3o, reafirma a vontade das tr\u00eas regi\u00f5es presentes de continuar a trabalhar em prol do desenvolvimento do territ\u00f3rio partilhado que constitui a EUROACE.<\/p>\n<p>&nbsp;<\/p>\n<p>Nesta sess\u00e3o proceder-se-\u00e1 \u00e0 transfer\u00eancia da presid\u00eancia desta Comunidade de Trabalho da regi\u00e3o Centro, que assume a lideran\u00e7a desde o Plen\u00e1rio de 2018, para a regi\u00e3o da Extremadura.<\/p>\n<p><strong><u>Programa<\/u><\/strong><\/p>\n<p><strong>10h30 Sess\u00e3o de abertura<\/strong><\/p>\n<p>Jo\u00e3o Lobo, Presidente da C\u00e2mara Municipal de Proen\u00e7a-a-Nova<\/p>\n<p>Isabel Ferreira, Secret\u00e1ria de Estado do Desenvolvimento Regional<\/p>\n<p><strong>10h45 Apresenta\u00e7\u00e3o da Estrat\u00e9gia EUROACE2030 <\/strong><\/p>\n<p>Ana Cirera, CONSIDERA<\/p>\n<p>Rosa Balas, Diretora Geral da A\u00e7\u00e3o Exterior da Junta da Extremadura<\/p>\n<p><strong>11h00 Interven\u00e7\u00f5es oficiais dos Presidentes das regi\u00f5es EUROACE e Transfer\u00eancia da Presid\u00eancia da EUROACE do Centro para a Extremadura \u00a0\u00a0\u00a0\u00a0\u00a0\u00a0 <\/strong><\/p>\n<p>Ant\u00f3nio Ceia da Silva, Presidente CCDR Alentejo<\/p>\n<p>Isabel Damasceno, Presidente CCDR Centro<\/p>\n<p>Guillermo Fern\u00e1ndez Vara, Presidente Junta da Extremadura<\/p>\n<p><strong>11h30 Assinatura do novo Protocolo de Coopera\u00e7\u00e3o Transfronteiri\u00e7a da Comunidade de Trabalho da Eurorregi\u00e3o EUROACE<\/strong><\/p>\n<p><strong>11.h45 Mesa Redonda \u201cAldeias Bauhaus EUROACE\u201d<\/strong><\/p>\n<p>Rui Sim\u00e3o, Vereador da C\u00e2mara Municipal da Pampilhosa da Serra<\/p>\n<p>Eulalia Moreno, Diretora Geral Urbanismo e Ordenamento do Territ\u00f3rio da Junta da Extremadura<\/p>\n<p>Alexandra Lib\u00e2nio, Esta\u00e7\u00e3o Cooperativa CRL<\/p>\n<p>Moderador: Eduardo Anselmo Castro<\/p>\n<p><strong>12h40 Programa Interreg VI Espanha-Portugal (POCTEP) 2021-2027 <\/strong><\/p>\n<p>Raquel Rocha, Coordenadora do N\u00facleo de Coopera\u00e7\u00e3o Territorial &#8211; AD&amp;C<\/p>\n<p>Jo\u00e3o Bule, N\u00facleo de Coopera\u00e7\u00e3o Territorial &#8211; AD&amp;C<\/p>\n<p>*Local: Centro Ci\u00eancia Viva de Proen\u00e7a-a-Nova (39\u00b0 43&#8242; 59.23&#8221; N |7\u00b0 52&#8242; 33,85&#8221; W)<\/p>\n<p><strong>\u00a0 \u00a0 Fonte: CCDR|Centro<\/strong><\/p>\n","protected":false},"excerpt":{"rendered":"<p>A regi\u00e3o Centro recebe esta quinta-feira, dia 10 de novembro, em Proen\u00e7a-a-Nova, o IV Plen\u00e1rio da Comunidade de Trabalho Transfronteiri\u00e7a da EUROACE \u2013 Eurorregi\u00e3o Alentejo, Centro e Extremadura. Este encontro, que ser\u00e1 marcado pela assinatura de um novo Protocolo de coopera\u00e7\u00e3o e pela apresenta\u00e7\u00e3o da Estrat\u00e9gia de Coopera\u00e7\u00e3o Territorial Transfronteiri\u00e7a para o per\u00edodo 2021-2027, conta [&hellip;]<\/p>\n","protected":false},"author":2,"featured_media":18752,"comment_status":"open","ping_status":"open","sticky":false,"template":"","format":"standard","meta":{"footnotes":""},"categories":[7],"tags":[],"class_list":["post-21971","post","type-post","status-publish","format-standard","has-post-thumbnail","hentry","category-economia"],"_links":{"self":[{"href":"https:\/\/tintafresca.net\/index.php\/wp-json\/wp\/v2\/posts\/21971","targetHints":{"allow":["GET"]}}],"collection":[{"href":"https:\/\/tintafresca.net\/index.php\/wp-json\/wp\/v2\/posts"}],"about":[{"href":"https:\/\/tintafresca.net\/index.php\/wp-json\/wp\/v2\/types\/post"}],"author":[{"embeddable":true,"href":"https:\/\/tintafresca.net\/index.php\/wp-json\/wp\/v2\/users\/2"}],"replies":[{"embeddable":true,"href":"https:\/\/tintafresca.net\/index.php\/wp-json\/wp\/v2\/comments?post=21971"}],"version-history":[{"count":2,"href":"https:\/\/tintafresca.net\/index.php\/wp-json\/wp\/v2\/posts\/21971\/revisions"}],"predecessor-version":[{"id":21973,"href":"https:\/\/tintafresca.net\/index.php\/wp-json\/wp\/v2\/posts\/21971\/revisions\/21973"}],"wp:featuredmedia":[{"embeddable":true,"href":"https:\/\/tintafresca.net\/index.php\/wp-json\/wp\/v2\/media\/18752"}],"wp:attachment":[{"href":"https:\/\/tintafresca.net\/index.php\/wp-json\/wp\/v2\/media?parent=21971"}],"wp:term":[{"taxonomy":"category","embeddable":true,"href":"https:\/\/tintafresca.net\/index.php\/wp-json\/wp\/v2\/categories?post=21971"},{"taxonomy":"post_tag","embeddable":true,"href":"https:\/\/tintafresca.net\/index.php\/wp-json\/wp\/v2\/tags?post=21971"}],"curies":[{"name":"wp","href":"https:\/\/api.w.org\/{rel}","templated":true}]}}