{"id":2200,"date":"2021-03-12T12:05:09","date_gmt":"2021-03-12T12:05:09","guid":{"rendered":"https:\/\/tintafresca.net\/?p=2200"},"modified":"2021-03-12T12:16:21","modified_gmt":"2021-03-12T12:16:21","slug":"universidade-de-aveiro-e-politecnico-de-leiria-criam-projeto-de-participacao-para-o-ordenamento-das-florestas","status":"publish","type":"post","link":"https:\/\/tintafresca.net\/index.php\/2021\/03\/12\/universidade-de-aveiro-e-politecnico-de-leiria-criam-projeto-de-participacao-para-o-ordenamento-das-florestas\/","title":{"rendered":"Polit\u00e9cnico de Leiria colidera projeto de participa\u00e7\u00e3o no ordenamento das florestas"},"content":{"rendered":"<div id=\"attachment_2188\" style=\"width: 510px\" class=\"wp-caption alignleft\"><img loading=\"lazy\" decoding=\"async\" aria-describedby=\"caption-attachment-2188\" class=\"wp-image-2188 size-full\" src=\"https:\/\/tintafresca.net\/wp-content\/uploads\/2021\/03\/Pinhal_Leiria10.jpg\" alt=\"\" width=\"500\" height=\"281\" \/><p id=\"caption-attachment-2188\" class=\"wp-caption-text\">Projeto financiado pela Funda\u00e7\u00e3o para a Ci\u00eancia e a Tecnologia (FCT) foi iniciado no dia 1 de mar\u00e7o de 2021<\/p><\/div>\n<p>Desenvolver e operacionalizar uma metodologia e agenda de participa\u00e7\u00e3o p\u00fablica para as Matas do Litoral, devastadas pelos inc\u00eandios de outubro de 2017, \u00e9 o principal objetivo do projeto \u201cShareFOREST\u201d, liderado por Elisabete Figueiredo, docente da Universidade de Aveiro e colaboradora do Centro de Estudos do Ambiente e do Mar (CESAM), e coliderado por Eduarda Fernandes, docente do Polit\u00e9cnico de Leiria e investigadora do Centro de Investiga\u00e7\u00e3o Aplicada em Gest\u00e3o e Economia (CARME).<\/p>\n<p>Financiado pela Funda\u00e7\u00e3o para a Ci\u00eancia e a Tecnologia (FCT), o projeto foi iniciado no dia 1 de mar\u00e7o de 2021 e conta ainda com a participa\u00e7\u00e3o da organiza\u00e7\u00e3o n\u00e3o-governamental ambiental OIKOS. O projeto ser\u00e1 acompanhado por um conselho consultivo, que envolver\u00e1 representantes de entidades governamentais e n\u00e3o-governamentais nacionais e especialistas na \u00e1rea das florestas e do fogo.<\/p>\n<p>A ideia do \u201cShareFOREST\u201d surgiu na sequ\u00eancia dos inc\u00eandios rurais de 2017 e do debate alargado na sociedade civil e na agenda pol\u00edtica sobre as futuras decis\u00f5es e a\u00e7\u00f5es de recupera\u00e7\u00e3o e valoriza\u00e7\u00e3o das florestas portuguesas, evidenciando uma excelente oportunidade para desenvolver modelos de governa\u00e7\u00e3o para as florestas que promovam um envolvimento ativo do p\u00fablico e dos atores sociais nos processos de tomada de decis\u00e3o, que reforcem a governan\u00e7a territorial e que estimulem uma mudan\u00e7a nos valores, atitudes e comportamentos face \u00e0 prote\u00e7\u00e3o e valoriza\u00e7\u00e3o das florestas.<\/p>\n<p>\u201cShareFOREST\u201d assume como principal hip\u00f3tese de investiga\u00e7\u00e3o que a participa\u00e7\u00e3o do p\u00fablico e dos atores sociais nas decis\u00f5es que afetam as florestas pode contribuir para melhores decis\u00f5es, reduzir conflitos, aumentar a confian\u00e7a e facilitar a aprendizagem entre os diversos atores envolvidos. O objetivo central do projeto \u00e9 o desenvolvimento e operacionaliza\u00e7\u00e3o de uma metodologia participativa para promover a codecis\u00e3o na gest\u00e3o e ordenamento das florestas, refor\u00e7ando os princ\u00edpios de governan\u00e7a territorial, com a miss\u00e3o \u00faltima de prevenir futuros fogos.<\/p>\n<p>O projeto usar\u00e1 casos de estudo das Matas do Litoral por dois motivos principais: a necessidade de defini\u00e7\u00e3o de um modelo de participa\u00e7\u00e3o para a gest\u00e3o das florestas p\u00fablicas, identificada no Programa de Recupera\u00e7\u00e3o das Matas do Litoral, solicitado pelo Governo Portugu\u00eas a diversas institui\u00e7\u00f5es de I&amp;D; a aten\u00e7\u00e3o dedicada aos fogos rurais e \u00e0s matas pelos meios de comunica\u00e7\u00e3o social e pela sociedade, no p\u00f3s-fogo de 2017.<\/p>\n<p>Ainda que o foco sejam as Matas do Litoral, o desenvolvimento desta metodologia e a sua avalia\u00e7\u00e3o ser\u00e3o \u00fateis para a gest\u00e3o participada em outras \u00e1reas p\u00fablicas, bem como em \u00e1reas privadas geridas de forma agrupada, como as Zonas de Interven\u00e7\u00e3o Florestal, Entidades de Gest\u00e3o Florestal e Unidades de Gest\u00e3o Florestal.<\/p>\n<p>A primeira fase do projeto \u201cShareFOREST\u201d passar\u00e1 pela identifica\u00e7\u00e3o e mapeamento do p\u00fablico e dos atores sociais que interv\u00eam e\/ou beneficiam das Matas do Litoral, analisando redes de colabora\u00e7\u00e3o e intera\u00e7\u00e3o, bem como a an\u00e1lise das representa\u00e7\u00f5es e perce\u00e7\u00f5es sociais associadas \u00e0 floresta e aos inc\u00eandios, ap\u00f3s 2017. Numa segunda fase, as investigadoras v\u00e3o desenvolver uma metodologia participativa para promover a codecis\u00e3o na gest\u00e3o e ordenamento das florestas e sua operacionaliza\u00e7\u00e3o em casos de estudo nas Matas do Litoral. Por fim, decorrer\u00e1 a avalia\u00e7\u00e3o do impacto do processo participativo nos casos de estudo, com base no desenho do processo, nos resultados imediatos e no potencial impacto na gest\u00e3o florestal.<\/p>\n<p>O estudo pretende sistematizar a abordagem, os m\u00e9todos e as t\u00e9cnicas de participa\u00e7\u00e3o, e as li\u00e7\u00f5es aprendidas nos casos de estudo. O principal resultado do projeto \u00e9 o desenvolvimento da metodologia participativa \u201cShareFOREST\u201d, que integra uma an\u00e1lise sistem\u00e1tica dos p\u00fablicos e atores sociais a envolver, bem como dos seus interesses e necessidades, e promove a aprendizagem e a confian\u00e7a entre os diversos atores, durante e para al\u00e9m da investiga\u00e7\u00e3o.<\/p>\n<p>A avalia\u00e7\u00e3o do impacto do processo participativo ir\u00e1 identificar li\u00e7\u00f5es sobre os principais fatores de sucesso e as limita\u00e7\u00f5es dos processos de participa\u00e7\u00e3o p\u00fablica para lidar com desafios e problemas ambientais. Adicionalmente, a implementa\u00e7\u00e3o da metodologia no territ\u00f3rio das Matas do Litoral poder\u00e1 refor\u00e7ar a mobiliza\u00e7\u00e3o dos atores sociais na prote\u00e7\u00e3o e dinamiza\u00e7\u00e3o das matas e promover o desenvolvimento de uma agenda para o debate p\u00fablico sobre florestas e fogos rurais em Portugal.<\/p>\n<p><strong>\u00a0 \u00a0 Fonte: Midlandcom<\/strong><\/p>\n","protected":false},"excerpt":{"rendered":"<p>Desenvolver e operacionalizar uma metodologia e agenda de participa\u00e7\u00e3o p\u00fablica para as Matas do Litoral, devastadas pelos inc\u00eandios de outubro de 2017, \u00e9 o principal objetivo do projeto \u201cShareFOREST\u201d, liderado por Elisabete Figueiredo, docente da Universidade de Aveiro e colaboradora do Centro de Estudos do Ambiente e do Mar (CESAM), e coliderado por Eduarda Fernandes, [&hellip;]<\/p>\n","protected":false},"author":2,"featured_media":2205,"comment_status":"open","ping_status":"open","sticky":false,"template":"","format":"standard","meta":{"footnotes":""},"categories":[9,7],"tags":[],"class_list":["post-2200","post","type-post","status-publish","format-standard","has-post-thumbnail","hentry","category-ambiente","category-economia"],"_links":{"self":[{"href":"https:\/\/tintafresca.net\/index.php\/wp-json\/wp\/v2\/posts\/2200","targetHints":{"allow":["GET"]}}],"collection":[{"href":"https:\/\/tintafresca.net\/index.php\/wp-json\/wp\/v2\/posts"}],"about":[{"href":"https:\/\/tintafresca.net\/index.php\/wp-json\/wp\/v2\/types\/post"}],"author":[{"embeddable":true,"href":"https:\/\/tintafresca.net\/index.php\/wp-json\/wp\/v2\/users\/2"}],"replies":[{"embeddable":true,"href":"https:\/\/tintafresca.net\/index.php\/wp-json\/wp\/v2\/comments?post=2200"}],"version-history":[{"count":3,"href":"https:\/\/tintafresca.net\/index.php\/wp-json\/wp\/v2\/posts\/2200\/revisions"}],"predecessor-version":[{"id":2203,"href":"https:\/\/tintafresca.net\/index.php\/wp-json\/wp\/v2\/posts\/2200\/revisions\/2203"}],"wp:featuredmedia":[{"embeddable":true,"href":"https:\/\/tintafresca.net\/index.php\/wp-json\/wp\/v2\/media\/2205"}],"wp:attachment":[{"href":"https:\/\/tintafresca.net\/index.php\/wp-json\/wp\/v2\/media?parent=2200"}],"wp:term":[{"taxonomy":"category","embeddable":true,"href":"https:\/\/tintafresca.net\/index.php\/wp-json\/wp\/v2\/categories?post=2200"},{"taxonomy":"post_tag","embeddable":true,"href":"https:\/\/tintafresca.net\/index.php\/wp-json\/wp\/v2\/tags?post=2200"}],"curies":[{"name":"wp","href":"https:\/\/api.w.org\/{rel}","templated":true}]}}