{"id":22064,"date":"2022-11-12T19:38:05","date_gmt":"2022-11-12T19:38:05","guid":{"rendered":"https:\/\/tintafresca.net\/?p=22064"},"modified":"2022-11-12T19:53:57","modified_gmt":"2022-11-12T19:53:57","slug":"atelier-do-doce-adota-nova-solucao-que-permite-personalizar-o-cafe-e-torra-lo-na-hora-na-cafetaria-recem-aberta","status":"publish","type":"post","link":"https:\/\/tintafresca.net\/index.php\/2022\/11\/12\/atelier-do-doce-adota-nova-solucao-que-permite-personalizar-o-cafe-e-torra-lo-na-hora-na-cafetaria-recem-aberta\/","title":{"rendered":"Atelier do Doce adota nova solu\u00e7\u00e3o que permite personalizar o caf\u00e9 e torr\u00e1-lo na hora na sua rec\u00e9m-aberta cafetaria"},"content":{"rendered":"<div id=\"attachment_22066\" style=\"width: 420px\" class=\"wp-caption alignleft\"><img loading=\"lazy\" decoding=\"async\" aria-describedby=\"caption-attachment-22066\" class=\"wp-image-22066 size-full\" src=\"https:\/\/tintafresca.net\/wp-content\/uploads\/2022\/11\/Alcobaca_atelier-do_Doce_Roastelier.png\" alt=\"\" width=\"410\" height=\"512\" srcset=\"https:\/\/tintafresca.net\/wp-content\/uploads\/2022\/11\/Alcobaca_atelier-do_Doce_Roastelier.png 410w, https:\/\/tintafresca.net\/wp-content\/uploads\/2022\/11\/Alcobaca_atelier-do_Doce_Roastelier-240x300.png 240w\" sizes=\"auto, (max-width: 410px) 100vw, 410px\" \/><p id=\"caption-attachment-22066\" class=\"wp-caption-text\">M\u00e1quina de caf\u00e9 Roastelier<\/p><\/div>\n<p>A Nestl\u00e9 Professional anuncia uma nova expans\u00e3o do seu mais recente projeto Roastelier\u00ae, desta vez em Alcoba\u00e7a. A solu\u00e7\u00e3o que permite torrar o caf\u00e9 em loja e na hora, pode agora ser encontrada na \u00a0pastelaria Atelier do Doce, c\u00e9lebre por produzir doces conventuais e pastelaria tradicional, que fica a dois minutos de carro da A8 e perto do centro de Alcoba\u00e7a.<\/p>\n<p>A pastelaria abriu recentemente uma nova \u00e1rea, onde \u00e9 poss\u00edvel ter uma experi\u00eancia de loja e cafetaria, e onde \u00e9 poss\u00edvel provar, finalmente, os doces do Atelier, na hora, mas tamb\u00e9m experienciar Roastelier\u00ae, onde o consumidor pode escolher o tipo e origem de caf\u00e9 que mais gosta e o n\u00edvel de torra. Uma experi\u00eancia que se estende ao <em>takeaway<\/em>, uma vez que \u00e9 poss\u00edvel levar para casa, n\u00e3o s\u00f3 os doces e os bolos mais famosos de Alcoba\u00e7a, mas tamb\u00e9m o caf\u00e9 Roastelier\u00ae.<\/p>\n<p>O espa\u00e7o de cafetaria do Atelier do Doce oferece uma vasta carta de sobremesas e pastelaria, a pensar nos v\u00e1rios momentos. Para come\u00e7ar o dia, o Atelier apresenta o \u201cGalo das Nove\u201d, com v\u00e1rias op\u00e7\u00f5es de pequeno-almo\u00e7o, por menos de 3\u20ac. H\u00e1, ainda, os menus \u201cDoce como N\u00f3s\u201d e \u201cDoce como Tu\u201d, com op\u00e7\u00f5es para refei\u00e7\u00f5es de quatro ou oito pessoas. \u00c9 poss\u00edvel consultar o menu e outras informa\u00e7\u00f5es no <a href=\"https:\/\/atelierdodoce.pt\/?gclid=Cj0KCQjw39uYBhCLARIsAD_SzMTHFDojEOICyTv6aPnZ_T5V7Q-s-cIvC-drseTa06uJ5x9RVfOvfbEaAk7rEALw_wcB\">site da pastelaria<\/a>.<\/p>\n<p>\u201cEste \u00e9 um projeto que j\u00e1 ambicion\u00e1vamos e para o qual procur\u00e1vamos que fosse um espa\u00e7o que marcasse pela diferen\u00e7a e que, acima de tudo, proporcionasse uma experi\u00eancia \u00e0 altura da qualidade que depositamos nos nossos produtos. Encontr\u00e1mos na solu\u00e7\u00e3o Roastelier\u00ae isso mesmo, e que permitir\u00e1 aos nossos clientes poder experienciar o caf\u00e9 de uma forma mais personalizada, tendo em conta as suas prefer\u00eancias, mas tamb\u00e9m que melhor combine com a escolha gastron\u00f3mica\u201d, refere Catarina Saraiva e Rui Marques, fundadores do Atelier do Doce.<\/p>\n<p>\u201c\u00c9 com enorme gosto que Roastelier\u00ae anuncia a parceria com o Atelier do Doce, uma marca de refer\u00eancia nesta \u00e1rea da pastelaria em Portugal, que valoriza a experi\u00eancia de quem por l\u00e1 passa, e que tamb\u00e9m aposta na personaliza\u00e7\u00e3o. E essa \u00e9 uma m\u00e1xima com a qual nos identificamos. Ambicionamos proporcionar esta experi\u00eancia do caf\u00e9 a cada vez mais consumidores e, atrav\u00e9s desta parceria, sentimos que estamos a caminhar nesse sentido\u201d, refere Ana Leit\u00e3o, gestora do projeto Roastelier\u00ae em Portugal.<\/p>\n<p>Roastelier\u00ae foi desenvolvido com o intuito de elevar os padr\u00f5es de consumo de caf\u00e9 em loja: a partir de agora, os apaixonados por caf\u00e9 podem usufruir de um caf\u00e9 de especialidade, 100% ar\u00e1bica, acabado de torrar. Com Roastelier\u00ae, os <em>baristas<\/em> t\u00eam a oportunidade de proporcionar uma experi\u00eancia completa em loja, desde a torrefa\u00e7\u00e3o at\u00e9 \u00e0 ch\u00e1vena, tudo personalizado no seu estabelecimento. Existem tr\u00eas diferentes origens \u2013 Col\u00f4mbia, Brasil e Eti\u00f3pia. O caf\u00e9 \u00e9 avaliado de acordo com os mais elevados par\u00e2metros de qualidade dentro das f\u00e1bricas da Nestl\u00e9.<\/p>\n<p>Atualmente, este projeto est\u00e1 implementado no restaurante #SeaTheFuture (Ocean\u00e1rio), no Grab Me, no \u00danico e na Manjerica, todos em Lisboa; no I Portuguesa em Almada; no Chelsea Coffee Brunch e no Esquina da Baixa, ambos no Algarve; no Niquita Coffee Shop, na Madeira; e na cafetaria do Hotel M.Ou.Co, no Porto.<\/p>\n<p><strong><u>Sobre a Nestl\u00e9 Professional<\/u><\/strong><\/p>\n<p>A Nestl\u00e9 Professional \u00e9 a empresa l\u00edder global em bebidas e alimentos quentes e frios. Somos apaixonados em servir o setor de consumo fora de casa atrav\u00e9s do conceito <em>\u201cMaking More Possible\u201d<\/em>, para todos os nossos parceiros de servi\u00e7o em alimenta\u00e7\u00e3o. Aproveitamos a nossa escala global para trazer conhecimento e solu\u00e7\u00f5es customizadas por forma a ajudar os nossos clientes a encantar os seus consumidores.<\/p>\n<p><strong><u>Sobre a Nestl\u00e9<\/u><\/strong><\/p>\n<p>A Nestl\u00e9 \u00e9 a maior empresa de alimentos e bebidas do mundo e est\u00e1 sediada na vila su\u00ed\u00e7a de Vevey, onde foi fundada h\u00e1 mais de 150 anos. Est\u00e1 presente em 186 pa\u00edses em todo o mundo e os seus 276.000 colaboradores est\u00e3o comprometidos com o prop\u00f3sito da Nestl\u00e9 de desenvolver o poder da alimenta\u00e7\u00e3o para melhorar a qualidade de vida de todos, hoje e para as gera\u00e7\u00f5es futuras.<\/p>\n<p>Em Portugal, a Nestl\u00e9 est\u00e1 presente desde 1923 e tem atualmente 2347 Colaboradores, tendo gerado em 2021 um volume de neg\u00f3cios de 625 milh\u00f5es de euros. Conta atualmente com duas f\u00e1bricas (Porto e Avanca), um centro de distribui\u00e7\u00e3o (Avanca) e cinco delega\u00e7\u00f5es comerciais espalhadas pelo Continente e pelas ilhas.<\/p>\n<p>Para mais informa\u00e7\u00f5es, consulte: <a href=\"http:\/\/www.nestle.pt\">www.nestle.pt<\/a><\/p>\n<p><strong>\u00a0 \u00a0 \u00a0Fonte: SG|HKstrategies<\/strong><\/p>\n","protected":false},"excerpt":{"rendered":"<p>A Nestl\u00e9 Professional anuncia uma nova expans\u00e3o do seu mais recente projeto Roastelier\u00ae, desta vez em Alcoba\u00e7a. A solu\u00e7\u00e3o que permite torrar o caf\u00e9 em loja e na hora, pode agora ser encontrada na \u00a0pastelaria Atelier do Doce, c\u00e9lebre por produzir doces conventuais e pastelaria tradicional, que fica a dois minutos de carro da A8 [&hellip;]<\/p>\n","protected":false},"author":2,"featured_media":22067,"comment_status":"open","ping_status":"open","sticky":false,"template":"","format":"standard","meta":{"footnotes":""},"categories":[7],"tags":[],"class_list":["post-22064","post","type-post","status-publish","format-standard","has-post-thumbnail","hentry","category-economia"],"_links":{"self":[{"href":"https:\/\/tintafresca.net\/index.php\/wp-json\/wp\/v2\/posts\/22064","targetHints":{"allow":["GET"]}}],"collection":[{"href":"https:\/\/tintafresca.net\/index.php\/wp-json\/wp\/v2\/posts"}],"about":[{"href":"https:\/\/tintafresca.net\/index.php\/wp-json\/wp\/v2\/types\/post"}],"author":[{"embeddable":true,"href":"https:\/\/tintafresca.net\/index.php\/wp-json\/wp\/v2\/users\/2"}],"replies":[{"embeddable":true,"href":"https:\/\/tintafresca.net\/index.php\/wp-json\/wp\/v2\/comments?post=22064"}],"version-history":[{"count":5,"href":"https:\/\/tintafresca.net\/index.php\/wp-json\/wp\/v2\/posts\/22064\/revisions"}],"predecessor-version":[{"id":22071,"href":"https:\/\/tintafresca.net\/index.php\/wp-json\/wp\/v2\/posts\/22064\/revisions\/22071"}],"wp:featuredmedia":[{"embeddable":true,"href":"https:\/\/tintafresca.net\/index.php\/wp-json\/wp\/v2\/media\/22067"}],"wp:attachment":[{"href":"https:\/\/tintafresca.net\/index.php\/wp-json\/wp\/v2\/media?parent=22064"}],"wp:term":[{"taxonomy":"category","embeddable":true,"href":"https:\/\/tintafresca.net\/index.php\/wp-json\/wp\/v2\/categories?post=22064"},{"taxonomy":"post_tag","embeddable":true,"href":"https:\/\/tintafresca.net\/index.php\/wp-json\/wp\/v2\/tags?post=22064"}],"curies":[{"name":"wp","href":"https:\/\/api.w.org\/{rel}","templated":true}]}}