{"id":22085,"date":"2022-11-13T12:52:06","date_gmt":"2022-11-13T12:52:06","guid":{"rendered":"https:\/\/tintafresca.net\/?p=22085"},"modified":"2022-11-13T12:52:06","modified_gmt":"2022-11-13T12:52:06","slug":"municipio-de-porto-de-mos-apoia-medida-de-compromisso-de-emprego-sustentavel","status":"publish","type":"post","link":"https:\/\/tintafresca.net\/index.php\/2022\/11\/13\/municipio-de-porto-de-mos-apoia-medida-de-compromisso-de-emprego-sustentavel\/","title":{"rendered":"Munic\u00edpio de Porto de M\u00f3s apoia Medida de Compromisso de Emprego Sustent\u00e1vel"},"content":{"rendered":"<div id=\"attachment_22087\" style=\"width: 510px\" class=\"wp-caption alignleft\"><img loading=\"lazy\" decoding=\"async\" aria-describedby=\"caption-attachment-22087\" class=\"wp-image-22087\" src=\"https:\/\/tintafresca.net\/wp-content\/uploads\/2022\/11\/PM_emprego.jpg\" alt=\"\" width=\"500\" height=\"375\" srcset=\"https:\/\/tintafresca.net\/wp-content\/uploads\/2022\/11\/PM_emprego.jpg 605w, https:\/\/tintafresca.net\/wp-content\/uploads\/2022\/11\/PM_emprego-300x225.jpg 300w\" sizes=\"auto, (max-width: 500px) 100vw, 500px\" \/><p id=\"caption-attachment-22087\" class=\"wp-caption-text\">Sess\u00e3o informativa sobre as candidaturas para as empresas, no \u00e2mbito da Medida de Compromisso de Emprego Sustent\u00e1vel<\/p><\/div>\n<p>O Centro de Emprego e Forma\u00e7\u00e3o Profissional de Leiria e o Munic\u00edpio de Porto de M\u00f3s promoveram, no dia 11 de novembro, uma sess\u00e3o informativa sobre as candidaturas para as empresas, no \u00e2mbito da Medida de Compromisso de Emprego Sustent\u00e1vel.<\/p>\n<p>A sess\u00e3o contou com a abertura de Jorge Vala, presidente da C\u00e2mara Municipal de Porto de M\u00f3s e de Paula Vaz, diretora do Centro de Emprego e Forma\u00e7\u00e3o Profissional de Leiria.<\/p>\n<p>De referir que o munic\u00edpio tem um servi\u00e7o especializado de apoio \u00e0 inser\u00e7\u00e3o profissional \u2013 GIP \u2013 que funciona na autarquia com a parceria do IEFP.<\/p>\n<p>O Centro de Emprego e Forma\u00e7\u00e3o Profissional de Leiria tem desenvolvido um trabalho de ausculta\u00e7\u00e3o das necessidades de (des) empregados e empregadores, e procura dar respostas \u00e0s necessidades do mercado de trabalho.<\/p>\n<p>De acordo com Paula Vaz, neste momento, para al\u00e9m do encaminhamento e acompanhamento que \u00e9 necess\u00e1rio dar aos refugiados ucranianos, come\u00e7am a registar-se outro tipo de nacionalidades que procuram ajuda, sendo que 20% dos casos sinalizados j\u00e1 s\u00e3o de outros pa\u00edses.<\/p>\n<p>Quanto \u00e0 medida Compromisso Emprego Sustent\u00e1vel, \u00e9 um incentivo \u00e0 contrata\u00e7\u00e3o permanente de p\u00fablicos mais vulner\u00e1veis perante o mercado de trabalho e \u00e0 entrada dos jovens no mercado de trabalho com maior valoriza\u00e7\u00e3o de sal\u00e1rios.<\/p>\n<p>Esta medida prev\u00ea um conjunto de majora\u00e7\u00f5es do apoio financeiro \u00e0 contrata\u00e7\u00e3o permanente, que podem mais do que duplicar o valor base do apoio \u00e0s empresas (5.318,40\u20ac) e chegar aos 11.434,56 euros por trabalhador.<\/p>\n<p>As empresas que contratem sem termo podem ver o valor base do apoio majorado por diversas vias: pela contrata\u00e7\u00e3o de jovens com idade at\u00e9 aos 35 anos (25%) ou de pessoas com defici\u00eancia e incapacidade (35%); se o sal\u00e1rio for igual ou superior a 1.410 euros (majora\u00e7\u00e3o de 25%); no caso de a empresa ter instrumentos de regulamenta\u00e7\u00e3o coletiva de trabalho (25%); ou se o posto de trabalho apoiado se localizar no interior do pa\u00eds (25%). J\u00e1 em caso de contrata\u00e7\u00e3o permanente de desempregados do sexo sub-representado em determinada profiss\u00e3o, a majora\u00e7\u00e3o ser\u00e1 de 30%.<\/p>\n<p>As empresas ter\u00e3o, ainda, direito a um reembolso de 50% da contribui\u00e7\u00e3o para a Seguran\u00e7a Social a cargo do empregador, nos contratos apoiados ao abrigo desta medida (at\u00e9 um m\u00e1ximo de 3.102,40\u20ac).<\/p>\n<p>Ao promover nomeadamente a fixa\u00e7\u00e3o de trabalhadores no interior do pa\u00eds, esta medida acompanha outros instrumentos de pol\u00edtica p\u00fablica de refor\u00e7o da coes\u00e3o territorial e de apoio \u00e0 mobilidade geogr\u00e1fica no mercado de trabalho e de promo\u00e7\u00e3o de um maior dinamismo demogr\u00e1fico do interior.<\/p>\n<p>O Programa Compromisso Emprego Sustent\u00e1vel tem o valor de 230 milh\u00f5es para apoio \u00e0 cria\u00e7\u00e3o de emprego permanente, com uma aposta forte no emprego jovem e numa melhoria generalizada dos sal\u00e1rios. Prev\u00ea criar 30 mil postos de trabalho com contratos permanentes.<\/p>\n<p>Para al\u00e9m desta tem\u00e1tica, a sess\u00e3o abordou tamb\u00e9m a quest\u00e3o do apoio aos emigrantes portugueses que queiram regressar, no sentido de elucidar as entidades empregadoras sobre os benef\u00edcios que t\u00eam os candidatos nesta condi\u00e7\u00e3o.<\/p>\n<p>Em suma, o IEFP e o Munic\u00edpio de Porto de M\u00f3s desenvolvem diversas medidas de apoio que vale a pensa conhecer. Em caso de d\u00favida, pode contactar o Munic\u00edpio.<\/p>\n<p><strong>\u00a0 \u00a0 Fonte: PA|GC|CMPM<\/strong><\/p>\n","protected":false},"excerpt":{"rendered":"<p>O Centro de Emprego e Forma\u00e7\u00e3o Profissional de Leiria e o Munic\u00edpio de Porto de M\u00f3s promoveram, no dia 11 de novembro, uma sess\u00e3o informativa sobre as candidaturas para as empresas, no \u00e2mbito da Medida de Compromisso de Emprego Sustent\u00e1vel. A sess\u00e3o contou com a abertura de Jorge Vala, presidente da C\u00e2mara Municipal de Porto [&hellip;]<\/p>\n","protected":false},"author":2,"featured_media":22089,"comment_status":"open","ping_status":"open","sticky":false,"template":"","format":"standard","meta":{"footnotes":""},"categories":[7],"tags":[],"class_list":["post-22085","post","type-post","status-publish","format-standard","has-post-thumbnail","hentry","category-economia"],"_links":{"self":[{"href":"https:\/\/tintafresca.net\/index.php\/wp-json\/wp\/v2\/posts\/22085","targetHints":{"allow":["GET"]}}],"collection":[{"href":"https:\/\/tintafresca.net\/index.php\/wp-json\/wp\/v2\/posts"}],"about":[{"href":"https:\/\/tintafresca.net\/index.php\/wp-json\/wp\/v2\/types\/post"}],"author":[{"embeddable":true,"href":"https:\/\/tintafresca.net\/index.php\/wp-json\/wp\/v2\/users\/2"}],"replies":[{"embeddable":true,"href":"https:\/\/tintafresca.net\/index.php\/wp-json\/wp\/v2\/comments?post=22085"}],"version-history":[{"count":2,"href":"https:\/\/tintafresca.net\/index.php\/wp-json\/wp\/v2\/posts\/22085\/revisions"}],"predecessor-version":[{"id":22088,"href":"https:\/\/tintafresca.net\/index.php\/wp-json\/wp\/v2\/posts\/22085\/revisions\/22088"}],"wp:featuredmedia":[{"embeddable":true,"href":"https:\/\/tintafresca.net\/index.php\/wp-json\/wp\/v2\/media\/22089"}],"wp:attachment":[{"href":"https:\/\/tintafresca.net\/index.php\/wp-json\/wp\/v2\/media?parent=22085"}],"wp:term":[{"taxonomy":"category","embeddable":true,"href":"https:\/\/tintafresca.net\/index.php\/wp-json\/wp\/v2\/categories?post=22085"},{"taxonomy":"post_tag","embeddable":true,"href":"https:\/\/tintafresca.net\/index.php\/wp-json\/wp\/v2\/tags?post=22085"}],"curies":[{"name":"wp","href":"https:\/\/api.w.org\/{rel}","templated":true}]}}