{"id":22104,"date":"2022-11-14T14:13:37","date_gmt":"2022-11-14T14:13:37","guid":{"rendered":"https:\/\/tintafresca.net\/?p=22104"},"modified":"2022-11-15T12:29:01","modified_gmt":"2022-11-15T12:29:01","slug":"politecnico-de-leiria-recebe-elvira-fortunato-no-lancamento-de-mecanismo-de-monitorizacao-de-empregabilidade","status":"publish","type":"post","link":"https:\/\/tintafresca.net\/index.php\/2022\/11\/14\/politecnico-de-leiria-recebe-elvira-fortunato-no-lancamento-de-mecanismo-de-monitorizacao-de-empregabilidade\/","title":{"rendered":"Polit\u00e9cnico de Leiria recebe lan\u00e7amento de mecanismo de monitoriza\u00e7\u00e3o de empregabilidade"},"content":{"rendered":"<div id=\"attachment_22106\" style=\"width: 510px\" class=\"wp-caption alignleft\"><img loading=\"lazy\" decoding=\"async\" aria-describedby=\"caption-attachment-22106\" class=\"wp-image-22106 size-full\" src=\"https:\/\/tintafresca.net\/wp-content\/uploads\/2022\/11\/Elvira_Fortunato10.jpg\" alt=\"\" width=\"500\" height=\"333\" srcset=\"https:\/\/tintafresca.net\/wp-content\/uploads\/2022\/11\/Elvira_Fortunato10.jpg 500w, https:\/\/tintafresca.net\/wp-content\/uploads\/2022\/11\/Elvira_Fortunato10-300x200.jpg 300w\" sizes=\"auto, (max-width: 500px) 100vw, 500px\" \/><p id=\"caption-attachment-22106\" class=\"wp-caption-text\">Elvira Fortunato<\/p><\/div>\n<p>O Minist\u00e9rio da Ci\u00eancia, Tecnologia e Ensino Superior lan\u00e7a esta ter\u00e7a-feira, dia 15 de novembro, pelas 14h30, no Audit\u00f3rio dos Servi\u00e7os Centrais do Polit\u00e9cnico de Leiria, o Graduate Tracking Portugal 2022. O evento de lan\u00e7amento, conta com a presen\u00e7a de Elvira Fortunato, ministra da Ci\u00eancia, Tecnologia e Ensino Superior, e tem transmiss\u00e3o em direto, em <a href=\"https:\/\/bit.ly\/3UN4PfL\">https:\/\/bit.ly\/3UN4PfL.<\/a><\/p>\n<p>O Graduate Tracking Portugal 2022 \u00e9 um mecanismo de monitoriza\u00e7\u00e3o de empregabilidade desenvolvido no \u00e2mbito da iniciativa Eurograduate, lan\u00e7ada pela Comiss\u00e3o Europeia, que desde 2013 re\u00fane informa\u00e7\u00e3o acerca dos diplomados pelos sistemas educativos europeus, os seus percursos no ensino superior e o impacto da forma\u00e7\u00e3o inicial e ao longo da vida nas carreiras profissionais e na resposta \u00e0s necessidades do mercado de trabalho.<\/p>\n<p>Empenhado numa rela\u00e7\u00e3o pr\u00f3xima entre o sistema de ensino superior e o mercado de trabalho, o Governo pretende que a forma\u00e7\u00e3o superior tenha em aten\u00e7\u00e3o as din\u00e2micas de mudan\u00e7a do mercado de trabalho e contribua para a cria\u00e7\u00e3o de melhores oportunidades profissionais para os diplomados.<\/p>\n<p>\u00c9 neste enquadramento que o Minist\u00e9rio da Ci\u00eancia, Tecnologia e Ensino Superior lan\u00e7a amanh\u00e3 o Graduate Tracking Portugal, visando a obten\u00e7\u00e3o de dados compar\u00e1veis a n\u00edvel europeu sobre o perfil dos diplomados, aferir a posi\u00e7\u00e3o de Portugal em termos de empregabilidade dos seus diplomados e apoiar as institui\u00e7\u00f5es nas suas decis\u00f5es de oferta formativa.<\/p>\n<p><strong>\u00a0 \u00a0 \u00a0Programa<\/strong><\/p>\n<p>Instituto Polit\u00e9cnico de Leiria &#8211; Audit\u00f3rio dos Servi\u00e7os Centrais<br \/>\n15 de novembro de 2022<\/p>\n<p>14h30 \u2013 Sess\u00e3o de abertura<\/p>\n<p>Carlos Rabad\u00e3o \u2013 Presidente do Instituto Polit\u00e9cnico de Leiria<br \/>\nNuno Rodrigues \u2013 Diretor-Geral da Dire\u00e7\u00e3o-Geral de Estat\u00edsticas da Educa\u00e7\u00e3o e Ci\u00eancia<br \/>\nPedro Nuno Teixeira \u2013 Secret\u00e1rio de Estado do Ensino Superior<br \/>\n14h45 \u2013 Apresenta\u00e7\u00e3o dos projetos Eurograduate 2022 e Graduate Tracking Portugal 2022<br \/>\nKai M\u00fchleck \u2013 Coordenador do projeto Eurograduate 2022 (participa\u00e7\u00e3o remota)<br \/>\nRicardo Biscaia &#8211; Coordenador do Projeto Graduate Tracking Portugal 2022<\/p>\n<p>15h30 \u2013 Debate sobre a import\u00e2ncia de monitorizar a transi\u00e7\u00e3o dos diplomados do Ensino Superior para o mercado de trabalho<\/p>\n<p>F\u00e1tima Suleman \u2013 ISCTE\/Observat\u00f3rio do Emprego Jovem<br \/>\nHugo Figueiredo \u2013 Universidade de Aveiro\/CIPES<br \/>\nSandra Carvalho \u2013 Diretora de Recrutamento e Sele\u00e7\u00e3o da Regi\u00e3o Norte &#8211; EGOR<\/p>\n<p>16h30 \u2013 Sess\u00e3o de encerramento<\/p>\n<p>Jos\u00e9 Manuel Silva \u2013 Associa\u00e7\u00e3o Portuguesa do Ensino Superior Privado (APESP)<br \/>\nRepresentante do Conselho Coordenador dos Institutos Superiores Polit\u00e9cnicos<br \/>\nRepresentante do Conselho de Reitores das Universidades Portuguesas<br \/>\nElvira Fortunato \u2013 Ministra da Ci\u00eancia, Tecnologia e Ensino Superior<\/p>\n<p><strong>\u00a0 \u00a0 \u00a0 Fonte: Midlandcom<\/strong><\/p>\n","protected":false},"excerpt":{"rendered":"<p>O Minist\u00e9rio da Ci\u00eancia, Tecnologia e Ensino Superior lan\u00e7a esta ter\u00e7a-feira, dia 15 de novembro, pelas 14h30, no Audit\u00f3rio dos Servi\u00e7os Centrais do Polit\u00e9cnico de Leiria, o Graduate Tracking Portugal 2022. O evento de lan\u00e7amento, conta com a presen\u00e7a de Elvira Fortunato, ministra da Ci\u00eancia, Tecnologia e Ensino Superior, e tem transmiss\u00e3o em direto, em [&hellip;]<\/p>\n","protected":false},"author":2,"featured_media":22107,"comment_status":"open","ping_status":"open","sticky":false,"template":"","format":"standard","meta":{"footnotes":""},"categories":[7,14],"tags":[],"class_list":["post-22104","post","type-post","status-publish","format-standard","has-post-thumbnail","hentry","category-economia","category-educacao"],"_links":{"self":[{"href":"https:\/\/tintafresca.net\/index.php\/wp-json\/wp\/v2\/posts\/22104","targetHints":{"allow":["GET"]}}],"collection":[{"href":"https:\/\/tintafresca.net\/index.php\/wp-json\/wp\/v2\/posts"}],"about":[{"href":"https:\/\/tintafresca.net\/index.php\/wp-json\/wp\/v2\/types\/post"}],"author":[{"embeddable":true,"href":"https:\/\/tintafresca.net\/index.php\/wp-json\/wp\/v2\/users\/2"}],"replies":[{"embeddable":true,"href":"https:\/\/tintafresca.net\/index.php\/wp-json\/wp\/v2\/comments?post=22104"}],"version-history":[{"count":3,"href":"https:\/\/tintafresca.net\/index.php\/wp-json\/wp\/v2\/posts\/22104\/revisions"}],"predecessor-version":[{"id":22109,"href":"https:\/\/tintafresca.net\/index.php\/wp-json\/wp\/v2\/posts\/22104\/revisions\/22109"}],"wp:featuredmedia":[{"embeddable":true,"href":"https:\/\/tintafresca.net\/index.php\/wp-json\/wp\/v2\/media\/22107"}],"wp:attachment":[{"href":"https:\/\/tintafresca.net\/index.php\/wp-json\/wp\/v2\/media?parent=22104"}],"wp:term":[{"taxonomy":"category","embeddable":true,"href":"https:\/\/tintafresca.net\/index.php\/wp-json\/wp\/v2\/categories?post=22104"},{"taxonomy":"post_tag","embeddable":true,"href":"https:\/\/tintafresca.net\/index.php\/wp-json\/wp\/v2\/tags?post=22104"}],"curies":[{"name":"wp","href":"https:\/\/api.w.org\/{rel}","templated":true}]}}