{"id":22117,"date":"2022-11-14T19:15:45","date_gmt":"2022-11-14T19:15:45","guid":{"rendered":"https:\/\/tintafresca.net\/?p=22117"},"modified":"2022-11-14T19:17:06","modified_gmt":"2022-11-14T19:17:06","slug":"comunidade-intermunicipal-do-oeste-estara-presente-no-smart-cities-world-congress-em-barcelona","status":"publish","type":"post","link":"https:\/\/tintafresca.net\/index.php\/2022\/11\/14\/comunidade-intermunicipal-do-oeste-estara-presente-no-smart-cities-world-congress-em-barcelona\/","title":{"rendered":"Comunidade Intermunicipal do Oeste estar\u00e1 presente no Smart Cities World Congress em Barcelona"},"content":{"rendered":"<p><img loading=\"lazy\" decoding=\"async\" class=\"alignleft wp-image-22119 size-full\" src=\"https:\/\/tintafresca.net\/wp-content\/uploads\/2022\/11\/Oeste_Nova-IMS-e-AICEP-Smart-Cities-Barcelona10.jpg\" alt=\"\" width=\"500\" height=\"281\" srcset=\"https:\/\/tintafresca.net\/wp-content\/uploads\/2022\/11\/Oeste_Nova-IMS-e-AICEP-Smart-Cities-Barcelona10.jpg 500w, https:\/\/tintafresca.net\/wp-content\/uploads\/2022\/11\/Oeste_Nova-IMS-e-AICEP-Smart-Cities-Barcelona10-300x169.jpg 300w\" sizes=\"auto, (max-width: 500px) 100vw, 500px\" \/>De 15 a 17 de novembro, a Comunidade Intermunicipal do Oeste estar\u00e1 presente no Smart Cities World Congress, em Barcelona. No dia 16 de novembro ser\u00e1 a apresenta\u00e7\u00e3o p\u00fablica do Projeto Oeste Smart Region, presidida pela ministra da Coes\u00e3o Territorial, Ana Abrunhosa, e pelo presidente da Comunidade Intermunicipal do Oeste, Pedro Folgado.<\/p>\n<p>O NOVA Cidade &#8211; Urban Analytics Lab da NOVA Information Management School (NOVA IMS), da Universidade Nova de Lisboa (UNL), est\u00e1 a organizar a representa\u00e7\u00e3o de Portugal na Smart Cities Expo World Congress (SCEWC), em Barcelona, nos dias 15, 16 e 17 de novembro. A inaugura\u00e7\u00e3o do Stand de Portugal na feira ser\u00e1 feita pelo secret\u00e1rio de Estado da Internacionaliza\u00e7\u00e3o, Bernardo Ivo Cruz, e o segundo dia do evento, dedicado \u00e0 apresenta\u00e7\u00e3o do Projeto Smart Region, contar\u00e1 com a presen\u00e7a da ministra da Coes\u00e3o Territorial, Ana Abrunhosa.<\/p>\n<p>Esta iniciativa, que conta com o apoio da Ag\u00eancia para o Investimento e Com\u00e9rcio Externo de Portugal (AICEP) e do Consulado Geral de Portugal em Barcelona, ir\u00e1 permitir que Portugal tenha, pela primeira vez, um espa\u00e7o pr\u00f3prio na Smart Cities Expo World Congress, em Barcelona, no qual munic\u00edpios e empresas portuguesas poder\u00e3o mostrar e partilhar boas pr\u00e1ticas e casos de sucesso de projetos e solu\u00e7\u00f5es de intelig\u00eancia urbana implementadas no nosso pa\u00eds.<\/p>\n<p>A representa\u00e7\u00e3o portuguesa no espa\u00e7o \u201cSMART Portugal\u201d contar\u00e1 com cerca de 50 participantes, entre eles representantes dos Munic\u00edpios de Braga, Famalic\u00e3o, Guimar\u00e3es, Lisboa e Porto, bem como, as Comunidades Intermunicipais do Oeste e Viseu D\u00e3o Laf\u00f5es, assim como das empresas Altice, AV Pro, CEiiA, Focus BC e Wavecom, e a NOVA Information Management School da UNL atrav\u00e9s do NOVA Cidade-Urban Analytics Lab.<\/p>\n<p>Fora do stand \u201cSMART Portugal\u201d, mas inclu\u00eddo na iniciativa, v\u00e1rios representantes nacionais ter\u00e3o ainda a possibilidade de participar numa mesa-redonda de 45 minutos a ter lugar no espa\u00e7o \u201c\u00c0gora\u201d do SCEWC, numa a\u00e7\u00e3o patrocinada pela AICEP.<\/p>\n<p>Paralelamente, uma comitiva de autarcas junta-se \u00e0 iniciativa, com destaque para as representa\u00e7\u00f5es da CM de Santar\u00e9m e das Comunidades Intermunicipais do Oeste, de Viseu D\u00e3o Laf\u00f5es, do M\u00e9dio Tejo e da Lez\u00edria do Tejo, num total de mais de 100 representantes, incluindo 17 Presidentes de C\u00e2mara, 3 Vice-presidentes de CM e 7 Vereadores.<\/p>\n<p>\u201cEste \u00e9 o ano de concretiza\u00e7\u00e3o de um sonho que tive com Ant\u00f3nio Almeida Henriques &#8211; ter um pavilh\u00e3o de Portugal na feira mundial das cidades em Barcelona. A ambi\u00e7\u00e3o, agora cumprida, era mostrar como no nosso pa\u00eds constru\u00edmos cidades e vilas inteligentes e sustent\u00e1veis. Levar munic\u00edpios e empresas portuguesas a este verdadeiro palco do que melhor se faz \u00e0 escala global nesta \u00e1rea.\u201d explica Miguel de Castro Neto, Diretor da NOVA IMS da UNL e Coordenador do NOVA Cidade \u2013 Urban Analytics Lab.<\/p>\n<p>Miguel de Castro Neto acrescenta que \u201cPortugal \u00e9 hoje, inevitavelmente, um \u2018player\u2019 mundial ao n\u00edvel da inova\u00e7\u00e3o, investimento e atra\u00e7\u00e3o de talentos tecnol\u00f3gicos. Acresce o facto de, num cen\u00e1rio de empreendedorismo em expans\u00e3o, continuarmos a apostar fortemente na pesquisa e na inova\u00e7\u00e3o, em torno da constru\u00e7\u00e3o de cidades mais inteligentes e sustent\u00e1veis. Neste sentido, o NOVA Cidade decidiu avan\u00e7ar com esta iniciativa na expectativa que a presen\u00e7a de Portugal num evento desta dimens\u00e3o seja um passo estrat\u00e9gico para o fortalecimento do pa\u00eds neste espa\u00e7o de oportunidades\u201d.<\/p>\n<p>\u201cA promo\u00e7\u00e3o de Portugal no SMART CITIES WORLD CONGRESS vai permitir potenciar o papel do Pa\u00eds enquanto \u2018hub\u2019 tecnol\u00f3gico e de inova\u00e7\u00e3o, em especial ao n\u00edvel do desenvolvimento das cidades inteligentes. Para al\u00e9m da exposi\u00e7\u00e3o no Pavilh\u00e3o de Portugal, esta ser\u00e1 uma \u00f3tima oportunidade para as empresas portuguesas, e tamb\u00e9m os munic\u00edpios, exporem os seus projetos de sucesso. Ser\u00e1 um excelente momento de capta\u00e7\u00e3o de interesse com vista \u00e0 atra\u00e7\u00e3o de novo investimento na \u00e1rea das Smart Cities para Portugal\u201d, refere Lu\u00eds Castro Henriques, Presidente da AICEP.<\/p>\n<p>Localizado numa zona central da feira, com 230 metros quadrados de \u00e1rea, o stand portugu\u00eas vai disponibilizar ainda um espa\u00e7o para cada um dos expositores e uma zona comum na qual os participantes ir\u00e3o, ao longo dos tr\u00eas dias, fazer breves apresenta\u00e7\u00f5es multim\u00e9dia e pitchs sobre as suas iniciativas e projetos.<\/p>\n<p>A Smart Cities Expo World Congress \u00e9 um dos eventos internacionais mais relevantes no sector das cidades inteligentes, reunindo centenas de especialistas, decisores pol\u00edticos e representantes de empresas e organiza\u00e7\u00f5es empenhados em melhorar as suas cidades. Originalmente de Barcelona, desde 2013 que o evento tem sido expandido para outras cidades globais, adaptando as edi\u00e7\u00f5es locais \u00e0s necessidades e interesses espec\u00edficos das regi\u00f5es que acolhem o evento.<\/p>\n<p><strong>Sobre a NOVA IMS<\/strong><\/p>\n<p>A NOVA Information Management School (NOVA IMS) \u00e9 a escola de Gest\u00e3o de Informa\u00e7\u00e3o e Ci\u00eancia de Dados da Universidade Nova de Lisboa. Dedica-se \u00e0 convers\u00e3o de dados em valor, sob o mote \u201cData with Purpose\u201d, atrav\u00e9s de um vasto conjunto de atividades de ensino, investiga\u00e7\u00e3o e projetos com empresas ou em parceria com outras institui\u00e7\u00f5es. A qualidade da sua forma\u00e7\u00e3o \u00e9 reconhecida globalmente, atrav\u00e9s de diferentes acredita\u00e7\u00f5es, nacionais e internacionais, e posi\u00e7\u00f5es de destaque alcan\u00e7adas em v\u00e1rios dom\u00ednios, nomeadamente, no ranking Eduniversal (sete dos seus mestrados e p\u00f3s-gradua\u00e7\u00f5es reconhecidos entre os melhores do mundo nas respetivas \u00e1reas).<\/p>\n<p>A NOVA IMS possui mais de 30 anos de experi\u00eancia acumulada no tratamento e an\u00e1lise de dados, que agora coloca ao servi\u00e7o da transforma\u00e7\u00e3o digital e dos ambientes de \u201cBig Data\u201d em que vivemos, nomeadamente atrav\u00e9s de um amplo conjunto de laborat\u00f3rios (NOVA ANALYTICS LABS powered by NOVA IMS).<\/p>\n<p>Conta hoje com mais de 3.000 alunos, provenientes de 81 pa\u00edses diferentes, e elevados n\u00edveis de internacionaliza\u00e7\u00e3o em todas as atividades que desenvolve a partir de Lisboa para o mundo.<\/p>\n<p><strong>Sobre a AICEP<\/strong><\/p>\n<p>A Ag\u00eancia para o Investimento e Com\u00e9rcio Externo de Portugal, E.P.E. \u00e9 uma entidade p\u00fablica de natureza empresarial vocacionada para o desenvolvimento de um ambiente de neg\u00f3cios competitivo que contribua para a globaliza\u00e7\u00e3o da economia portuguesa. As suas principais atribui\u00e7\u00f5es s\u00e3o promover a internacionaliza\u00e7\u00e3o das empresas portuguesas e apoiar a sua atividade exportadora, captar investimento estruturante e promover a imagem de Portugal com iniciativas criadoras de valor para o pa\u00eds. A AICEP \u00e9 uma ag\u00eancia de refer\u00eancia que conta com profissionais especializados e Lojas da Exporta\u00e7\u00e3o, em Portugal, e uma Rede Externa em mais de 50 pa\u00edses.<\/p>\n<p><strong>\u00a0 \u00a0 \u00a0 \u00a0Fonte: OesteCIM<\/strong><\/p>\n","protected":false},"excerpt":{"rendered":"<p>De 15 a 17 de novembro, a Comunidade Intermunicipal do Oeste estar\u00e1 presente no Smart Cities World Congress, em Barcelona. No dia 16 de novembro ser\u00e1 a apresenta\u00e7\u00e3o p\u00fablica do Projeto Oeste Smart Region, presidida pela ministra da Coes\u00e3o Territorial, Ana Abrunhosa, e pelo presidente da Comunidade Intermunicipal do Oeste, Pedro Folgado. O NOVA Cidade [&hellip;]<\/p>\n","protected":false},"author":2,"featured_media":22120,"comment_status":"open","ping_status":"open","sticky":false,"template":"","format":"standard","meta":{"footnotes":""},"categories":[7],"tags":[],"class_list":["post-22117","post","type-post","status-publish","format-standard","has-post-thumbnail","hentry","category-economia"],"_links":{"self":[{"href":"https:\/\/tintafresca.net\/index.php\/wp-json\/wp\/v2\/posts\/22117","targetHints":{"allow":["GET"]}}],"collection":[{"href":"https:\/\/tintafresca.net\/index.php\/wp-json\/wp\/v2\/posts"}],"about":[{"href":"https:\/\/tintafresca.net\/index.php\/wp-json\/wp\/v2\/types\/post"}],"author":[{"embeddable":true,"href":"https:\/\/tintafresca.net\/index.php\/wp-json\/wp\/v2\/users\/2"}],"replies":[{"embeddable":true,"href":"https:\/\/tintafresca.net\/index.php\/wp-json\/wp\/v2\/comments?post=22117"}],"version-history":[{"count":2,"href":"https:\/\/tintafresca.net\/index.php\/wp-json\/wp\/v2\/posts\/22117\/revisions"}],"predecessor-version":[{"id":22121,"href":"https:\/\/tintafresca.net\/index.php\/wp-json\/wp\/v2\/posts\/22117\/revisions\/22121"}],"wp:featuredmedia":[{"embeddable":true,"href":"https:\/\/tintafresca.net\/index.php\/wp-json\/wp\/v2\/media\/22120"}],"wp:attachment":[{"href":"https:\/\/tintafresca.net\/index.php\/wp-json\/wp\/v2\/media?parent=22117"}],"wp:term":[{"taxonomy":"category","embeddable":true,"href":"https:\/\/tintafresca.net\/index.php\/wp-json\/wp\/v2\/categories?post=22117"},{"taxonomy":"post_tag","embeddable":true,"href":"https:\/\/tintafresca.net\/index.php\/wp-json\/wp\/v2\/tags?post=22117"}],"curies":[{"name":"wp","href":"https:\/\/api.w.org\/{rel}","templated":true}]}}