{"id":22151,"date":"2022-11-15T23:55:05","date_gmt":"2022-11-15T23:55:05","guid":{"rendered":"https:\/\/tintafresca.net\/?p=22151"},"modified":"2022-11-16T00:13:34","modified_gmt":"2022-11-16T00:13:34","slug":"presidente-da-republica-inaugura-em-torres-vedras-a-sede-da-associacao-mundial-de-enoturismo","status":"publish","type":"post","link":"https:\/\/tintafresca.net\/index.php\/2022\/11\/15\/presidente-da-republica-inaugura-em-torres-vedras-a-sede-da-associacao-mundial-de-enoturismo\/","title":{"rendered":"Presidente da Rep\u00fablica inaugura em Torres Vedras a sede da Associa\u00e7\u00e3o Mundial de Enoturismo"},"content":{"rendered":"<div id=\"attachment_22153\" style=\"width: 510px\" class=\"wp-caption alignleft\"><img loading=\"lazy\" decoding=\"async\" aria-describedby=\"caption-attachment-22153\" class=\"wp-image-22153 size-full\" src=\"https:\/\/tintafresca.net\/wp-content\/uploads\/2022\/11\/TV_Marcelo_enoturismo10.jpg\" alt=\"\" width=\"500\" height=\"333\" srcset=\"https:\/\/tintafresca.net\/wp-content\/uploads\/2022\/11\/TV_Marcelo_enoturismo10.jpg 500w, https:\/\/tintafresca.net\/wp-content\/uploads\/2022\/11\/TV_Marcelo_enoturismo10-300x200.jpg 300w\" sizes=\"auto, (max-width: 500px) 100vw, 500px\" \/><p id=\"caption-attachment-22153\" class=\"wp-caption-text\">Marcelo Rebelo de Sousa descerrou a placa alusiva \u00e0 inaugura\u00e7\u00e3o<\/p><\/div>\n<p>A sede da AMETUR \u2013 Associa\u00e7\u00e3o Mundial de Enoturismo, situada no Mercado Municipal de Torres Vedras, foi inaugurada no dia 11 de novembro, pelo Presidente da Rep\u00fablica, Marcelo Rebelo de Sousa.<\/p>\n<p>Na sua interven\u00e7\u00e3o, Marcelo Rebelo de Sousa referiu-se a Torres Vedras como uma realidade urbana forte, que \u201cnunca perdeu a sua identidade e a sua liga\u00e7\u00e3o \u00e0s suas ra\u00edzes rurais\u201d. Para o Presidente da Rep\u00fablica, a sede da AMETUR \u201c\u00e9 mais do que aquele espa\u00e7o f\u00edsico [\u2026] \u00e9 a presen\u00e7a de Portugal no mundo atrav\u00e9s do vinho\u201d, que se assume como um dos fatores de identidade do pa\u00eds.<\/p>\n<p>\u201cPoucos produtos agr\u00edcolas marcam a identidade de Torres Vedras como o vinho\u201d, sublinhou a presidente da C\u00e2mara Municipal de Torres Vedras, Laura Rodrigues, acrescentando que \u201co enoturismo assume a diversifica\u00e7\u00e3o do setor vitivin\u00edcola no Concelho e encerra em si um elevado potencial de crescimento\u201d. Laura Rodrigues destacou a import\u00e2ncia do Munic\u00edpio integrar redes colaborativas como a AMPV e a AMETUR neste caminho de afirma\u00e7\u00e3o do territ\u00f3rio, \u201caproximando o que era distante, partilhando diferentes saberes e diferentes maneiras de fazer\u201d.<\/p>\n<p>O presidente da AMETUR, Jos\u00e9 Arruda, explicou que a associa\u00e7\u00e3o foi oficialmente constitu\u00edda no dia 21 de novembro de 2020, em Torres Vedras, vindo substituir AENOTUR \u2013 Associa\u00e7\u00e3o Internacional de Enoturismo, criada em 2014. Jos\u00e9 Arruda destacou o simbolismo da sede se encontrar no Mercado Municipal, porque \u201cassocia \u00e0quilo que \u00e9 o mundo rural que \u00e9 o que n\u00f3s defendemos, e muito, na oferta enotur\u00edstica\u201d. Esta associa\u00e7\u00e3o mundial pretende criar uma rede de trabalho alargada aos diferentes continentes, que re\u00fana especialistas de enoturismo e entidades que trabalhem esta \u00e1rea, promovendo a discuss\u00e3o, a troca experi\u00eancias, a partilha de casos de sucesso e a divulga\u00e7\u00e3o e reprodu\u00e7\u00e3o do que de melhor se faz nesta \u00e1rea.<\/p>\n<p>\u201cEste \u00e9 um projeto de enorme import\u00e2ncia e que a AMPV &#8211; Associa\u00e7\u00e3o de Munic\u00edpios Portugueses do Vinho tem um enorme orgulho em apadrinhar\u201d, afirmou o presidente da AMPV, Lu\u00eds Encarna\u00e7\u00e3o. Na sua interven\u00e7\u00e3o, sublinhou, ainda, a capacidade que o enoturismo tem para atrair visitantes para o interior do pa\u00eds e para mitigar a sazonalidade do turismo no litoral.<\/p>\n<p>A AMETUR est\u00e1 representada em 24 pa\u00edses da Am\u00e9rica do Sul, da Europa, da \u00c1sia e de \u00c1frica.<\/p>\n<p>No \u00e2mbito da inaugura\u00e7\u00e3o, o Presidente da Rep\u00fablica visitou o Mercado Municipal de Torres Vedras e conversou com os operadores presentes.<\/p>\n<p><strong>\u00a0Fonte: ACM|CMTV<\/strong><\/p>\n","protected":false},"excerpt":{"rendered":"<p>A sede da AMETUR \u2013 Associa\u00e7\u00e3o Mundial de Enoturismo, situada no Mercado Municipal de Torres Vedras, foi inaugurada no dia 11 de novembro, pelo Presidente da Rep\u00fablica, Marcelo Rebelo de Sousa. Na sua interven\u00e7\u00e3o, Marcelo Rebelo de Sousa referiu-se a Torres Vedras como uma realidade urbana forte, que \u201cnunca perdeu a sua identidade e a [&hellip;]<\/p>\n","protected":false},"author":2,"featured_media":22154,"comment_status":"open","ping_status":"open","sticky":false,"template":"","format":"standard","meta":{"footnotes":""},"categories":[7,10],"tags":[],"class_list":["post-22151","post","type-post","status-publish","format-standard","has-post-thumbnail","hentry","category-economia","category-patrimonio"],"_links":{"self":[{"href":"https:\/\/tintafresca.net\/index.php\/wp-json\/wp\/v2\/posts\/22151","targetHints":{"allow":["GET"]}}],"collection":[{"href":"https:\/\/tintafresca.net\/index.php\/wp-json\/wp\/v2\/posts"}],"about":[{"href":"https:\/\/tintafresca.net\/index.php\/wp-json\/wp\/v2\/types\/post"}],"author":[{"embeddable":true,"href":"https:\/\/tintafresca.net\/index.php\/wp-json\/wp\/v2\/users\/2"}],"replies":[{"embeddable":true,"href":"https:\/\/tintafresca.net\/index.php\/wp-json\/wp\/v2\/comments?post=22151"}],"version-history":[{"count":2,"href":"https:\/\/tintafresca.net\/index.php\/wp-json\/wp\/v2\/posts\/22151\/revisions"}],"predecessor-version":[{"id":22155,"href":"https:\/\/tintafresca.net\/index.php\/wp-json\/wp\/v2\/posts\/22151\/revisions\/22155"}],"wp:featuredmedia":[{"embeddable":true,"href":"https:\/\/tintafresca.net\/index.php\/wp-json\/wp\/v2\/media\/22154"}],"wp:attachment":[{"href":"https:\/\/tintafresca.net\/index.php\/wp-json\/wp\/v2\/media?parent=22151"}],"wp:term":[{"taxonomy":"category","embeddable":true,"href":"https:\/\/tintafresca.net\/index.php\/wp-json\/wp\/v2\/categories?post=22151"},{"taxonomy":"post_tag","embeddable":true,"href":"https:\/\/tintafresca.net\/index.php\/wp-json\/wp\/v2\/tags?post=22151"}],"curies":[{"name":"wp","href":"https:\/\/api.w.org\/{rel}","templated":true}]}}