{"id":22192,"date":"2022-11-17T19:36:13","date_gmt":"2022-11-17T19:36:13","guid":{"rendered":"https:\/\/tintafresca.net\/?p=22192"},"modified":"2022-11-17T19:37:43","modified_gmt":"2022-11-17T19:37:43","slug":"ministra-da-agricultura-e-da-alimentacao-visita-mostra-de-pescas-e-aquicultura-na-exposalao","status":"publish","type":"post","link":"https:\/\/tintafresca.net\/index.php\/2022\/11\/17\/ministra-da-agricultura-e-da-alimentacao-visita-mostra-de-pescas-e-aquicultura-na-exposalao\/","title":{"rendered":"Ministra da Agricultura e da Alimenta\u00e7\u00e3o visita mostra de pescas e aquicultura na Exposal\u00e3o"},"content":{"rendered":"<div id=\"attachment_11592\" style=\"width: 410px\" class=\"wp-caption alignleft\"><img loading=\"lazy\" decoding=\"async\" aria-describedby=\"caption-attachment-11592\" class=\"wp-image-11592\" src=\"https:\/\/tintafresca.net\/wp-content\/uploads\/2021\/12\/Cadaval_Ministra-Maria-do-Ceu-Antunes10.jpg\" alt=\"\" width=\"400\" height=\"266\" srcset=\"https:\/\/tintafresca.net\/wp-content\/uploads\/2021\/12\/Cadaval_Ministra-Maria-do-Ceu-Antunes10.jpg 500w, https:\/\/tintafresca.net\/wp-content\/uploads\/2021\/12\/Cadaval_Ministra-Maria-do-Ceu-Antunes10-300x200.jpg 300w\" sizes=\"auto, (max-width: 400px) 100vw, 400px\" \/><p id=\"caption-attachment-11592\" class=\"wp-caption-text\">Maria do C\u00e9u Antunes<\/p><\/div>\n<p>A ministra da Agricultura e da Alimenta\u00e7\u00e3o, Maria do C\u00e9u Antunes, e a secret\u00e1ria de Estado das Pescas, Teresa Coelho, visitam sexta-feira, dia 18 de novembro, \u00e0s 16h30, na Exposal\u00e3o, na Batalha, uma mostra, promovida pelo Programa Operacional MAR 2020, no \u00e2mbito da comemora\u00e7\u00e3o do Dia da Inova\u00e7\u00e3o nas Pescas e Aquicultura.<\/p>\n<p>Esta mostra conta com 16 stands, com uma \u00e1rea expositiva com prot\u00f3tipos e outros produtos de divulga\u00e7\u00e3o e uma \u00e1rea para reuni\u00f5es com interessados, visando aproximar as empresas do sector da pesca e da aquicultura \u00e0s entidades do sistema cient\u00edfico nacional para potenciar a inova\u00e7\u00e3o nos seus produtos, processos e organiza\u00e7\u00e3o das empresas, e, desta forma, capitalizar os resultados dos projetos de investiga\u00e7\u00e3o apoiados pelo Mar 2020.<\/p>\n","protected":false},"excerpt":{"rendered":"<p>A ministra da Agricultura e da Alimenta\u00e7\u00e3o, Maria do C\u00e9u Antunes, e a secret\u00e1ria de Estado das Pescas, Teresa Coelho, visitam sexta-feira, dia 18 de novembro, \u00e0s 16h30, na Exposal\u00e3o, na Batalha, uma mostra, promovida pelo Programa Operacional MAR 2020, no \u00e2mbito da comemora\u00e7\u00e3o do Dia da Inova\u00e7\u00e3o nas Pescas e Aquicultura. Esta mostra conta [&hellip;]<\/p>\n","protected":false},"author":2,"featured_media":11593,"comment_status":"open","ping_status":"open","sticky":false,"template":"","format":"standard","meta":{"footnotes":""},"categories":[7],"tags":[],"class_list":["post-22192","post","type-post","status-publish","format-standard","has-post-thumbnail","hentry","category-economia"],"_links":{"self":[{"href":"https:\/\/tintafresca.net\/index.php\/wp-json\/wp\/v2\/posts\/22192","targetHints":{"allow":["GET"]}}],"collection":[{"href":"https:\/\/tintafresca.net\/index.php\/wp-json\/wp\/v2\/posts"}],"about":[{"href":"https:\/\/tintafresca.net\/index.php\/wp-json\/wp\/v2\/types\/post"}],"author":[{"embeddable":true,"href":"https:\/\/tintafresca.net\/index.php\/wp-json\/wp\/v2\/users\/2"}],"replies":[{"embeddable":true,"href":"https:\/\/tintafresca.net\/index.php\/wp-json\/wp\/v2\/comments?post=22192"}],"version-history":[{"count":2,"href":"https:\/\/tintafresca.net\/index.php\/wp-json\/wp\/v2\/posts\/22192\/revisions"}],"predecessor-version":[{"id":22194,"href":"https:\/\/tintafresca.net\/index.php\/wp-json\/wp\/v2\/posts\/22192\/revisions\/22194"}],"wp:featuredmedia":[{"embeddable":true,"href":"https:\/\/tintafresca.net\/index.php\/wp-json\/wp\/v2\/media\/11593"}],"wp:attachment":[{"href":"https:\/\/tintafresca.net\/index.php\/wp-json\/wp\/v2\/media?parent=22192"}],"wp:term":[{"taxonomy":"category","embeddable":true,"href":"https:\/\/tintafresca.net\/index.php\/wp-json\/wp\/v2\/categories?post=22192"},{"taxonomy":"post_tag","embeddable":true,"href":"https:\/\/tintafresca.net\/index.php\/wp-json\/wp\/v2\/tags?post=22192"}],"curies":[{"name":"wp","href":"https:\/\/api.w.org\/{rel}","templated":true}]}}