{"id":22214,"date":"2022-11-18T17:36:53","date_gmt":"2022-11-18T17:36:53","guid":{"rendered":"https:\/\/tintafresca.net\/?p=22214"},"modified":"2022-11-18T17:38:33","modified_gmt":"2022-11-18T17:38:33","slug":"regantes-debatem-na-cela-a-eficiencia-dos-perimetros-hidroagricolas-nas-xiii-jornadas-da-fenareg","status":"publish","type":"post","link":"https:\/\/tintafresca.net\/index.php\/2022\/11\/18\/regantes-debatem-na-cela-a-eficiencia-dos-perimetros-hidroagricolas-nas-xiii-jornadas-da-fenareg\/","title":{"rendered":"Regantes debatem na Cela a efici\u00eancia dos per\u00edmetros hidroagr\u00edcolas nas XIII Jornadas da FENAREG"},"content":{"rendered":"<p><img loading=\"lazy\" decoding=\"async\" class=\"alignleft wp-image-22218\" src=\"https:\/\/tintafresca.net\/wp-content\/uploads\/2022\/11\/Alcobaca_Jornadas_Fenareg_2022_programa10.jpg\" alt=\"\" width=\"400\" height=\"566\" srcset=\"https:\/\/tintafresca.net\/wp-content\/uploads\/2022\/11\/Alcobaca_Jornadas_Fenareg_2022_programa10.jpg 500w, https:\/\/tintafresca.net\/wp-content\/uploads\/2022\/11\/Alcobaca_Jornadas_Fenareg_2022_programa10-212x300.jpg 212w\" sizes=\"auto, (max-width: 400px) 100vw, 400px\" \/>As XIII Jornadas da FENAREG &#8211; Encontro do Regadio 2022 realizam-se a 28 e 29 de novembro, na nova sede da Associa\u00e7\u00e3o de Benefici\u00e1rios da Cela, em Alcoba\u00e7a, com a Efici\u00eancia a marcar a agenda do debate que reunir\u00e1 entidades que tutelam o regadio e associa\u00e7\u00f5es de regantes de todo o pa\u00eds, gestoras dos per\u00edmetros hidroagr\u00edcolas.<\/p>\n<p>\u2018A efici\u00eancia e os desafios do mercado da energia\u2019, tema do primeiro painel das jornadas, conta com o testemunho do presidente da Associa\u00e7\u00e3o de Produtores de Ma\u00e7\u00e3 de Alcoba\u00e7a, Jorge Soares, no cap\u00edtulo da efici\u00eancia h\u00eddrica, e do consultor Alexandre Cruz, especialista no mercado da energia.<\/p>\n<p>O segundo painel, sobre \u2018Revis\u00e3o dos per\u00edmetros dos aproveitamentos hidroagr\u00edcolas\u2019, inicia-se com a apresenta\u00e7\u00e3o do caso de estudo da ABROXO &#8211; Associa\u00e7\u00e3o de Benefici\u00e1rios do Roxo, seguida de uma mesa-redonda onde participam o Diretor-Geral da DGADR (Autoridade Nacional do Regadio), Rog\u00e9rio Ferreira, o presidente da FENAREG, Jos\u00e9 N\u00fancio, o presidente da ABROXO, Ant\u00f3nio Parreira, e a Associa\u00e7\u00e3o de Regantes e Benefici\u00e1rios de Idanha, a qual tem igualmente em curso um projeto de revis\u00e3o do per\u00edmetro.<\/p>\n<p>O GPP tamb\u00e9m presente nas Jornadas, dar\u00e1 a conhecer as medidas e instrumentos de apoio ao regadio, entre outras, previstas no \u00e2mbito PEPAC &#8211; Programa Estrat\u00e9gico da Pol\u00edtica Agr\u00edcola Comum, que entra em vigor a 1 de janeiro de 2023.<\/p>\n<p>A sess\u00e3o de abertura conta com a presen\u00e7a da ministra da Agricultura e da Alimenta\u00e7\u00e3o, Maria do C\u00e9u Antunes e a de encerramento com os autarcas de Alcoba\u00e7a e da Nazar\u00e9, Herm\u00ednio Rodrigues e Walter Chicharro, respetivamente.<\/p>\n<p>O encontro ser\u00e1 tamb\u00e9m uma oportunidade para comemorar os 82 anos do Aproveitamento Hidroagr\u00edcola da Cela, durante o jantar de gala, e para dar a conhecer as infraestruturas de rega deste per\u00edmetro que beneficia uma \u00e1rea de 454 hectares de regadio, nos concelhos de Alcoba\u00e7a e da Nazar\u00e9.<\/p>\n<p>Para inscri\u00e7\u00f5es nas XIII Jornadas FENAREG aceda a este <a href=\"https:\/\/docs.google.com\/forms\/d\/e\/1FAIpQLSey4szdOdOGwx8tuW2quVfO4uKTfdKr-dU1Jl3hS7xCo04s7Q\/viewform\">link<\/a><\/p>\n<p><strong>Sobre a FENAREG<\/strong><\/p>\n<p>A FENAREG \u00e9 uma associa\u00e7\u00e3o de utilidade p\u00fablica, sem fins lucrativos, de \u00e2mbito nacional, fundada em 2005, que agrupa entidades dedicadas \u00e0 gest\u00e3o da \u00e1gua para rega, tanto superficial como subterr\u00e2nea, com o objetivo de unir esfor\u00e7os e vontades na defesa dos seus leg\u00edtimos interesses e na promo\u00e7\u00e3o do desenvolvimento sustent\u00e1vel e da competitividade do regadio. Atualmente conta com 30 associados que representam mais de 27 mil agricultores regantes, que significa mais de 95% do regadio organizado nacional.<\/p>\n<p><strong>Mais informa\u00e7\u00f5es em <\/strong>\u00a0<a href=\"http:\/\/www.fenareg.pt\/\">http:\/\/www.fenareg.pt\/<\/a><\/p>\n","protected":false},"excerpt":{"rendered":"<p>As XIII Jornadas da FENAREG &#8211; Encontro do Regadio 2022 realizam-se a 28 e 29 de novembro, na nova sede da Associa\u00e7\u00e3o de Benefici\u00e1rios da Cela, em Alcoba\u00e7a, com a Efici\u00eancia a marcar a agenda do debate que reunir\u00e1 entidades que tutelam o regadio e associa\u00e7\u00f5es de regantes de todo o pa\u00eds, gestoras dos per\u00edmetros [&hellip;]<\/p>\n","protected":false},"author":2,"featured_media":22219,"comment_status":"open","ping_status":"open","sticky":false,"template":"","format":"standard","meta":{"footnotes":""},"categories":[9,7],"tags":[],"class_list":["post-22214","post","type-post","status-publish","format-standard","has-post-thumbnail","hentry","category-ambiente","category-economia"],"_links":{"self":[{"href":"https:\/\/tintafresca.net\/index.php\/wp-json\/wp\/v2\/posts\/22214","targetHints":{"allow":["GET"]}}],"collection":[{"href":"https:\/\/tintafresca.net\/index.php\/wp-json\/wp\/v2\/posts"}],"about":[{"href":"https:\/\/tintafresca.net\/index.php\/wp-json\/wp\/v2\/types\/post"}],"author":[{"embeddable":true,"href":"https:\/\/tintafresca.net\/index.php\/wp-json\/wp\/v2\/users\/2"}],"replies":[{"embeddable":true,"href":"https:\/\/tintafresca.net\/index.php\/wp-json\/wp\/v2\/comments?post=22214"}],"version-history":[{"count":2,"href":"https:\/\/tintafresca.net\/index.php\/wp-json\/wp\/v2\/posts\/22214\/revisions"}],"predecessor-version":[{"id":22220,"href":"https:\/\/tintafresca.net\/index.php\/wp-json\/wp\/v2\/posts\/22214\/revisions\/22220"}],"wp:featuredmedia":[{"embeddable":true,"href":"https:\/\/tintafresca.net\/index.php\/wp-json\/wp\/v2\/media\/22219"}],"wp:attachment":[{"href":"https:\/\/tintafresca.net\/index.php\/wp-json\/wp\/v2\/media?parent=22214"}],"wp:term":[{"taxonomy":"category","embeddable":true,"href":"https:\/\/tintafresca.net\/index.php\/wp-json\/wp\/v2\/categories?post=22214"},{"taxonomy":"post_tag","embeddable":true,"href":"https:\/\/tintafresca.net\/index.php\/wp-json\/wp\/v2\/tags?post=22214"}],"curies":[{"name":"wp","href":"https:\/\/api.w.org\/{rel}","templated":true}]}}