{"id":22222,"date":"2022-11-18T19:18:50","date_gmt":"2022-11-18T19:18:50","guid":{"rendered":"https:\/\/tintafresca.net\/?p=22222"},"modified":"2022-11-19T11:50:55","modified_gmt":"2022-11-19T11:50:55","slug":"grupo-visabeira-investe-245-milhoes-de-euros-em-hotel-de-5-estrelas-num-projeto-do-arquiteto-souto-moura","status":"publish","type":"post","link":"https:\/\/tintafresca.net\/index.php\/2022\/11\/18\/grupo-visabeira-investe-245-milhoes-de-euros-em-hotel-de-5-estrelas-num-projeto-do-arquiteto-souto-moura\/","title":{"rendered":"Grupo Visabeira investe 24,5 milh\u00f5es em hotel de 5 estrelas num projeto do arquiteto Souto Moura"},"content":{"rendered":"<div id=\"attachment_22225\" style=\"width: 510px\" class=\"wp-caption alignleft\"><img loading=\"lazy\" decoding=\"async\" aria-describedby=\"caption-attachment-22225\" class=\"wp-image-22225 size-full\" src=\"https:\/\/tintafresca.net\/wp-content\/uploads\/2022\/11\/Alcobaca_Montebelo_Hotel10.jpg\" alt=\"\" width=\"500\" height=\"375\" srcset=\"https:\/\/tintafresca.net\/wp-content\/uploads\/2022\/11\/Alcobaca_Montebelo_Hotel10.jpg 500w, https:\/\/tintafresca.net\/wp-content\/uploads\/2022\/11\/Alcobaca_Montebelo_Hotel10-300x225.jpg 300w\" sizes=\"auto, (max-width: 500px) 100vw, 500px\" \/><p id=\"caption-attachment-22225\" class=\"wp-caption-text\">Montebelo Mosteiro de Alcoba\u00e7a Historic Hotel<\/p><\/div>\n<p>O Presidente da Rep\u00fablica Portuguesa Marcelo Rebelo de Sousa e o Presidente da Rep\u00fablica de Mo\u00e7ambique Filipe Jacinto Nyusi, presidem este s\u00e1bado, dia 19 de novembro, \u00e0 inaugura\u00e7\u00e3o do Montebelo Mosteiro de Alcoba\u00e7a Historic Hotel.<\/p>\n<p>No ato inaugural, que ter\u00e1 in\u00edcio \u00e0s 18 horas, estar\u00e1 presente o ministro da Economia e do Mar, Ant\u00f3nio Costa Silva, em representa\u00e7\u00e3o do primeiro-ministro e v\u00e1rios ministros dos governos de Portugal e de Mo\u00e7ambique, para al\u00e9m de in\u00fameras outras entidades oficiais. O Bispo Auxiliar de Lisboa, D. Am\u00e9rico de Aguiar, proceder\u00e1 \u00e0 b\u00ean\u00e7\u00e3o do edif\u00edcio.<\/p>\n<p>O Montebelo Alcoba\u00e7a Historic Hotel resulta de um investimento de 24,5 milh\u00f5es de euros por parte do Grupo Visabeira, que desta forma amplia a sua oferta hoteleira em Portugal.<\/p>\n<p>O novo hotel, edificado no Claustro do Rachadouro, do Mosteiro de Alcoba\u00e7a, datado do s\u00e9culo XII, classificado como Monumento Nacional desde 1910 e integrante da Lista do Patrim\u00f3nio Mundial da Unesco desde dezembro de 1989, tem a assinatura do prestigiado Arquiteto Eduardo Souto Moura, cuja obra \u00e9 reconhecida e valorizada \u00e0 escala global como atesta a atribui\u00e7\u00e3o do Pr\u00e9mio Pritzker, o mais relevante pr\u00e9mio internacional no universo da arquitetura.<\/p>\n<div id=\"attachment_22226\" style=\"width: 510px\" class=\"wp-caption alignleft\"><img loading=\"lazy\" decoding=\"async\" aria-describedby=\"caption-attachment-22226\" class=\"wp-image-22226 size-full\" src=\"https:\/\/tintafresca.net\/wp-content\/uploads\/2022\/11\/Alcobaca_Montebelo_Hotel20.jpg\" alt=\"\" width=\"500\" height=\"375\" srcset=\"https:\/\/tintafresca.net\/wp-content\/uploads\/2022\/11\/Alcobaca_Montebelo_Hotel20.jpg 500w, https:\/\/tintafresca.net\/wp-content\/uploads\/2022\/11\/Alcobaca_Montebelo_Hotel20-300x225.jpg 300w\" sizes=\"auto, (max-width: 500px) 100vw, 500px\" \/><p id=\"caption-attachment-22226\" class=\"wp-caption-text\">Fachada Nascente do Mosteiro de Alcoba\u00e7a \u00e9 agora um hotel de 5 estrelas<\/p><\/div>\n<p>O conceito do Arquiteto Eduardo Souto Moura para ressuscitar o vetusto edif\u00edcio foi inspirado no minimalismo e desapego da vida conventual, limpando o mesmo das in\u00fameras interven\u00e7\u00f5es mais recentes e recuperando o esp\u00edrito que marcou o im\u00f3vel ao longo dos s\u00e9culos.<\/p>\n<p>Esta vis\u00e3o de arquitetura conseguiu destacar o virtuosismo e qualidade de materiais nobres como a pedra, a madeira, as peles, o a\u00e7o, o bet\u00e3o e o vidro, em perfeito uni\u00e3o com as seculares ra\u00edzes do edif\u00edcio e o irrepreens\u00edvel respeito pelas pr\u00e9-exist\u00eancias e pela hist\u00f3ria do Mosteiro.<\/p>\n<p>Para al\u00e9m do projeto, o Arquiteto Eduardo Souto Moura \u00e9, tamb\u00e9m, o respons\u00e1vel pelo design do mobili\u00e1rio, especialmente desenvolvido para o hotel e pela decora\u00e7\u00e3o do espa\u00e7o.<\/p>\n<p>Este projeto \u00e9 um exemplo de como a articula\u00e7\u00e3o entre a atividade privada e o patrim\u00f3nio p\u00fablico d\u00e1 respostas \u00e0 recupera\u00e7\u00e3o e manuten\u00e7\u00e3o de espa\u00e7os, tendo a interven\u00e7\u00e3o constitu\u00eddo uma responsabilidade incomensur\u00e1vel, dadas as condi\u00e7\u00f5es de degrada\u00e7\u00e3o em que se encontrava aquela ala do monumento.<\/p>\n<p>Ao mesmo tempo, foi um enorme desafio \u00e0 capacidade de engenharia e de adapta\u00e7\u00e3o do espa\u00e7o ao conforto e seguran\u00e7a que contemplam a experi\u00eancia hoteleira contempor\u00e2nea, numa interven\u00e7\u00e3o que valorizasse a exist\u00eancia social e cultural do patrim\u00f3nio, integrando-o harmonicamente nas necessidades funcionais da unidade hoteleira, sem perder o esp\u00edrito do edificado.<\/p>\n<div id=\"attachment_22227\" style=\"width: 460px\" class=\"wp-caption alignleft\"><img loading=\"lazy\" decoding=\"async\" aria-describedby=\"caption-attachment-22227\" class=\"wp-image-22227 size-full\" src=\"https:\/\/tintafresca.net\/wp-content\/uploads\/2022\/11\/Alcobaca_Mosteiro_Hotel3.jpg\" alt=\"\" width=\"450\" height=\"600\" srcset=\"https:\/\/tintafresca.net\/wp-content\/uploads\/2022\/11\/Alcobaca_Mosteiro_Hotel3.jpg 450w, https:\/\/tintafresca.net\/wp-content\/uploads\/2022\/11\/Alcobaca_Mosteiro_Hotel3-225x300.jpg 225w\" sizes=\"auto, (max-width: 450px) 100vw, 450px\" \/><p id=\"caption-attachment-22227\" class=\"wp-caption-text\">Entrada principal do novo hotel do Grupo Visabeira<\/p><\/div>\n<p>Desta simbiose, resultou um hotel de categoria 5 estrelas, dotado com 91 unidades de alojamento, distribu\u00eddas por quartos singles e duplos; quartos familiares; suites e uma <em>master<\/em> su\u00edte.<\/p>\n<p>O Montebelo Alcoba\u00e7a Historic Hotel tem capacidade e apet\u00eancia para atrair m\u00faltiplos eventos, uma vez que disp\u00f5e de todas as condi\u00e7\u00f5es t\u00e9cnicas e espa\u00e7os \u00fanicos para congressos, banquetes e reuni\u00f5es, existindo j\u00e1 in\u00fameras solicita\u00e7\u00f5es de reservas nesse sentido.<\/p>\n<p>O Montebelo Mosteiro de Alcoba\u00e7a Historic Hotel passa a ser, para j\u00e1, o s\u00e9timo hotel da cadeia Montebelo Hotels &amp; Resorts, que em janeiro de 2023 inaugurar\u00e1, em Lisboa, no Chiado, a oitava unidade em Portugal. A cadeia det\u00e9m, ainda, seis hot\u00e9is e resorts no territ\u00f3rio mo\u00e7ambicano.<\/p>\n<p><strong>\u00a0 \u00a0 \u00a0 Fonte: DRPCI|GV<\/strong><\/p>\n","protected":false},"excerpt":{"rendered":"<p>O Presidente da Rep\u00fablica Portuguesa Marcelo Rebelo de Sousa e o Presidente da Rep\u00fablica de Mo\u00e7ambique Filipe Jacinto Nyusi, presidem este s\u00e1bado, dia 19 de novembro, \u00e0 inaugura\u00e7\u00e3o do Montebelo Mosteiro de Alcoba\u00e7a Historic Hotel. No ato inaugural, que ter\u00e1 in\u00edcio \u00e0s 18 horas, estar\u00e1 presente o ministro da Economia e do Mar, Ant\u00f3nio Costa [&hellip;]<\/p>\n","protected":false},"author":2,"featured_media":22228,"comment_status":"open","ping_status":"open","sticky":false,"template":"","format":"standard","meta":{"footnotes":""},"categories":[7,10],"tags":[],"class_list":["post-22222","post","type-post","status-publish","format-standard","has-post-thumbnail","hentry","category-economia","category-patrimonio"],"_links":{"self":[{"href":"https:\/\/tintafresca.net\/index.php\/wp-json\/wp\/v2\/posts\/22222","targetHints":{"allow":["GET"]}}],"collection":[{"href":"https:\/\/tintafresca.net\/index.php\/wp-json\/wp\/v2\/posts"}],"about":[{"href":"https:\/\/tintafresca.net\/index.php\/wp-json\/wp\/v2\/types\/post"}],"author":[{"embeddable":true,"href":"https:\/\/tintafresca.net\/index.php\/wp-json\/wp\/v2\/users\/2"}],"replies":[{"embeddable":true,"href":"https:\/\/tintafresca.net\/index.php\/wp-json\/wp\/v2\/comments?post=22222"}],"version-history":[{"count":3,"href":"https:\/\/tintafresca.net\/index.php\/wp-json\/wp\/v2\/posts\/22222\/revisions"}],"predecessor-version":[{"id":22230,"href":"https:\/\/tintafresca.net\/index.php\/wp-json\/wp\/v2\/posts\/22222\/revisions\/22230"}],"wp:featuredmedia":[{"embeddable":true,"href":"https:\/\/tintafresca.net\/index.php\/wp-json\/wp\/v2\/media\/22228"}],"wp:attachment":[{"href":"https:\/\/tintafresca.net\/index.php\/wp-json\/wp\/v2\/media?parent=22222"}],"wp:term":[{"taxonomy":"category","embeddable":true,"href":"https:\/\/tintafresca.net\/index.php\/wp-json\/wp\/v2\/categories?post=22222"},{"taxonomy":"post_tag","embeddable":true,"href":"https:\/\/tintafresca.net\/index.php\/wp-json\/wp\/v2\/tags?post=22222"}],"curies":[{"name":"wp","href":"https:\/\/api.w.org\/{rel}","templated":true}]}}