{"id":22277,"date":"2022-11-21T13:53:07","date_gmt":"2022-11-21T13:53:07","guid":{"rendered":"https:\/\/tintafresca.net\/?p=22277"},"modified":"2022-11-22T13:51:36","modified_gmt":"2022-11-22T13:51:36","slug":"montebelo-mosteiro-de-alcobaca-historic-hotel-mantem-sobriedade-do-patrimonio-mundial","status":"publish","type":"post","link":"https:\/\/tintafresca.net\/index.php\/2022\/11\/21\/montebelo-mosteiro-de-alcobaca-historic-hotel-mantem-sobriedade-do-patrimonio-mundial\/","title":{"rendered":"Montebelo Mosteiro de Alcoba\u00e7a Historic Hotel mant\u00e9m sobriedade do Patrim\u00f3nio Mundial"},"content":{"rendered":"<div id=\"attachment_22280\" style=\"width: 510px\" class=\"wp-caption alignleft\"><img loading=\"lazy\" decoding=\"async\" aria-describedby=\"caption-attachment-22280\" class=\"wp-image-22280\" src=\"https:\/\/tintafresca.net\/wp-content\/uploads\/2022\/11\/Alcobaca_Hotel_Montebelo.jpg\" alt=\"\" width=\"500\" height=\"375\" srcset=\"https:\/\/tintafresca.net\/wp-content\/uploads\/2022\/11\/Alcobaca_Hotel_Montebelo.jpg 800w, https:\/\/tintafresca.net\/wp-content\/uploads\/2022\/11\/Alcobaca_Hotel_Montebelo-300x225.jpg 300w, https:\/\/tintafresca.net\/wp-content\/uploads\/2022\/11\/Alcobaca_Hotel_Montebelo-768x576.jpg 768w\" sizes=\"auto, (max-width: 500px) 100vw, 500px\" \/><p id=\"caption-attachment-22280\" class=\"wp-caption-text\">Presidentes da Rep\u00fablica assinaram o livro de honra do Hotel<\/p><\/div>\n<p>O Presidente da Rep\u00fablica de Portugal Marcelo Rebelo de Sousa e o Presidente da Rep\u00fablica de Mo\u00e7ambique Filipe Jacinto Nyusi, presidiram este s\u00e1bado, dia 19 de novembro, \u00e0 inaugura\u00e7\u00e3o do Montebelo Mosteiro de Alcoba\u00e7a Historic Hotel, que teve lugar durante a Mostra Internacional de Doces e Licores Conventuais de Alcoba\u00e7a. O primeiro-ministro fez-se representar por Ant\u00f3nio Costa e Silva, ministro da Economia, que veio acompanhado por outros tr\u00eas ministros: Pedro Ad\u00e3o e Silva, ministro da cultura, Maria do C\u00e9u Antunes, ministra da Agricultura e Alimenta\u00e7\u00e3o, e Ana Abrunhosa, ministra da Coes\u00e3o Territorial. O Grupo Visabeira investiu nesta unidade hoteleira 19,7 milh\u00f5es de euros, a que somaram 8,8 milh\u00f5es de euros de fundos europeus (Programa COMPETE).<\/p>\n<p>Am\u00e9rico Aguiar, bispo auxiliar de lisboa, procedeu \u00e0 b\u00ean\u00e7\u00e3o da 7\u00aa unidade hoteleira do Grupo Visabeira em Portugal. Estiveram presentes ainda o presidente do Conselho Geral do Grupo Visabeira, Fernando Campos Nunes, o diretor-geral do Patrim\u00f3nio Cultural, Jo\u00e3o Carlos dos Santos, o reitor da Universidade de Coimbra, Am\u00edlcar Falc\u00e3o, o presidente do Turismo de Portugal, Lu\u00eds Ara\u00fajo, o presidente do Turismo do Centro, Pedro Machado, a diretora do Mosteiro de Alcoba\u00e7a, Ana Pagar\u00e1, as presidentes das CCDR de Lisboa e Vale do Tejo e do Centro, Teresa Almeida e Isabel Damasceno, o presidente do INIAV, Nuno Canada e o presidente da Assembleia Municipal de Alcoba\u00e7a, Carlos Marques, entre muitas outras personalidades.<\/p>\n<p>Durante o jantar de honra, usaram da palavra Fernando Gabriel Nunes, Administrador do Grupo\u00a0 Visabeira, Nuno Terras Marques, presidente do Conselho Executivo do Grupo Visabeira, Eduardo Souto Moura, arquiteto respons\u00e1vel pelo projeto do hotel, Herm\u00ednio Rodrigues, presidente da C\u00e2mara Municipal de Alcoba\u00e7a, Ant\u00f3nio Costa e Silva, ministro da Economia e do Mar, Filipe Nyusi, Presidente de Mo\u00e7ambique e Marcelo Rebelo de Sousa, presidente de Portugal.<\/p>\n<div id=\"attachment_22279\" style=\"width: 460px\" class=\"wp-caption alignleft\"><img loading=\"lazy\" decoding=\"async\" aria-describedby=\"caption-attachment-22279\" class=\"wp-image-22279 size-full\" src=\"https:\/\/tintafresca.net\/wp-content\/uploads\/2022\/11\/Alcobaca_Montebelo_Hotel3.jpg\" alt=\"\" width=\"450\" height=\"600\" srcset=\"https:\/\/tintafresca.net\/wp-content\/uploads\/2022\/11\/Alcobaca_Montebelo_Hotel3.jpg 450w, https:\/\/tintafresca.net\/wp-content\/uploads\/2022\/11\/Alcobaca_Montebelo_Hotel3-225x300.jpg 225w\" sizes=\"auto, (max-width: 450px) 100vw, 450px\" \/><p id=\"caption-attachment-22279\" class=\"wp-caption-text\">Filipe Nyusi, Fernando Campos Nunes, D. Am\u00e9rico Aguiar e Marcelo Rebelo de Sousa<\/p><\/div>\n<p>Fernando Gabriel Nunes recordou que o Grupo Visabeira convidou Eduardo Souto Moura para desenvolver o projeto de arquitetura do novo hotel pela sua ineg\u00e1vel qualidade, de que \u00e9 prova a conquista do pr\u00e9mio Pritker \u2013 o maior da arquitetura a n\u00edvel mundial &#8211; em 201. O arquiteto portuense foi ainda respons\u00e1vel pelo design de mobili\u00e1rio e decora\u00e7\u00e3o do hotel de 5 estrelas. O Montebelo Mosteiro de Alcoba\u00e7a Historic Hotel tem 91 quartos e possui todas as condi\u00e7\u00f5es para receber congressos, banquetes e reuni\u00f5es.<\/p>\n<p>O administrador recordou ainda que o Grupo Visabeira disp\u00f5e agora de 7 hot\u00e9is em Portugal e 6 hot\u00e9is em Mo\u00e7ambique e que a Visabeira Mo\u00e7ambique tem em atividade 22 empresas empregando cerca de 2500 pessoas<\/p>\n<p>Por sua vez, o presidente do Conselho Executivo do Grupo Visabeira lembrou que o grupo empresarial nasceu h\u00e1 42 anos e vive uma fase de grande fulgor, estimando atingir em 2022 um volume de neg\u00f3cios consolidado de 20,5 milh\u00f5es de euros, cerca do dobro do valor de 2017, o que traduz um crescimento anual de 20% ao longo dos \u00faltimos 5 anos. De real\u00e7ar que 80% deste volume de neg\u00f3cio foi obtido fora de Portugal.<\/p>\n<p>O Grupo Visabeira tem atualmente cerca de 4,5 mil milh\u00f5es de euros de contratos em carteira. Est\u00e1 presente em Fran\u00e7a, Reino Unido, B\u00e9lgica, Alemanha, It\u00e1lia, Su\u00e9cia, Irlanda, Espanha, EUA, \u00cdndia, Mo\u00e7ambique, Angola, S. Tom\u00e9 e Marrocos, em \u00e1reas que v\u00e3o das telecomunica\u00e7\u00f5es \u00e0 energia, constru\u00e7\u00e3o, ind\u00fastria e turismo.<\/p>\n<p>J\u00e1 Eduardo Souto Moura come\u00e7ou por agradecer a dois oper\u00e1rios especializados (M\u00e1rio e Jos\u00e9 Pinto), ao arquiteto Jo\u00e3o Carlos, por ter discutido as solu\u00e7\u00f5es como colega, vindo muitas vezes \u00e0 obra, interessando-se e resolvendo os problemas. Ao embaixador Morais Cabral, representante da Unesco em Portugal, que visitou a obra duas ou 3 vezes. Do di\u00e1logo\u00a0 com colegas, &#8220;tudo gente bem-educada&#8221;, a obra foi fechada.<\/p>\n<p>Veio a Alcoba\u00e7a todas as semanas durante 7 anos, exceto nas \u00faltimas semanas, em que foi preciso vir duas vezes, mas devido ao agravamento do seu estado de sa\u00fade, foi substitu\u00eddo pelo seu bra\u00e7o direito, o arquiteto Lu\u00eds Pacheco<\/p>\n<div id=\"attachment_22281\" style=\"width: 510px\" class=\"wp-caption alignleft\"><img loading=\"lazy\" decoding=\"async\" aria-describedby=\"caption-attachment-22281\" class=\"wp-image-22281\" src=\"https:\/\/tintafresca.net\/wp-content\/uploads\/2022\/11\/Alcobaca_Montebelo_Hotel4.jpg\" alt=\"\" width=\"500\" height=\"375\" srcset=\"https:\/\/tintafresca.net\/wp-content\/uploads\/2022\/11\/Alcobaca_Montebelo_Hotel4.jpg 800w, https:\/\/tintafresca.net\/wp-content\/uploads\/2022\/11\/Alcobaca_Montebelo_Hotel4-300x225.jpg 300w, https:\/\/tintafresca.net\/wp-content\/uploads\/2022\/11\/Alcobaca_Montebelo_Hotel4-768x576.jpg 768w\" sizes=\"auto, (max-width: 500px) 100vw, 500px\" \/><p id=\"caption-attachment-22281\" class=\"wp-caption-text\">Jantar decorreu na antiga Livraria do Mosteiro<\/p><\/div>\n<p>&#8220;N\u00e3o h\u00e1 boas obras sem bons clientes&#8221;, admitiu, e isso aconteceu tamb\u00e9m aqui. Agradeceu \u00e1 Arquiteta Margarida, que fez a ponte com o dono da obra, que &#8220;estava a ficar cansado e preocupado&#8221;, e ao eng\u00ba Fernando Nunes, pela compreens\u00e3o at\u00e9 ao fim para tudo aquilo que pediu, para a qualidade que considerou necess\u00e1ria e foi feita.<\/p>\n<p>Por sua vez, Herm\u00ednio Rodrigues agradeceu aos seus antecessores Gon\u00e7alves Sapinho e Paulo In\u00e1cio e aproveitou a oportunidade evocar a necessidade de requalificar o Mosteiro de Santa Maria de Coz e a rua D. Pedro V. Em carteira est\u00e3o investimentos de 4,2 milh\u00f5es de euros para a requalifica\u00e7\u00e3o do Jardim do Obelisco e para o Claustro do Cardeal. O edil considerou este novo hotel uma \u00e2ncora de desenvolvimento do concelho, permitindo estimular \u201ca cria\u00e7\u00e3o de novos servi\u00e7os, neg\u00f3cios e valor acrescentado que beneficiar\u00e3o as gera\u00e7\u00f5es vindouras.\u201d<\/p>\n<p>Ant\u00f3nio Costa e Silva, ministro da Economia e do Mar enalteceu o m\u00e9rito de um grupo empresarial que exporta para 33 pa\u00edses. Real\u00e7ou a arquitetura l\u00edmpida e austera do Mosteiro, que o arquiteto conseguiu manter. Pediu aos empres\u00e1rios portugueses para investirem em Mo\u00e7ambique porque \u00e9 um grande importador de tecnologia, nas \u00e1reas agroindustrial, turismo, energias renov\u00e1veis e economia do mar.<\/p>\n<div id=\"attachment_22282\" style=\"width: 460px\" class=\"wp-caption alignleft\"><img loading=\"lazy\" decoding=\"async\" aria-describedby=\"caption-attachment-22282\" class=\"wp-image-22282 size-full\" src=\"https:\/\/tintafresca.net\/wp-content\/uploads\/2022\/11\/Alcobaca_Montebelo_Hotel5.jpg\" alt=\"\" width=\"450\" height=\"600\" srcset=\"https:\/\/tintafresca.net\/wp-content\/uploads\/2022\/11\/Alcobaca_Montebelo_Hotel5.jpg 450w, https:\/\/tintafresca.net\/wp-content\/uploads\/2022\/11\/Alcobaca_Montebelo_Hotel5-225x300.jpg 225w\" sizes=\"auto, (max-width: 450px) 100vw, 450px\" \/><p id=\"caption-attachment-22282\" class=\"wp-caption-text\">Corredor do Montebelo Mosteiro de Alcoba\u00e7a Historic Hotel<\/p><\/div>\n<p>Filipe Ngusy, que se fez acompanhar nesta visita, pela ministra dos Neg\u00f3cios Estrangeiros e Coopera\u00e7\u00e3o, o ministro da Agricultura e Desenvolvimento Rural, a ministra da Justi\u00e7a e Assuntos Constitucionais e Religiosos e a ministra da Cultura e Turismo, al\u00e9m do embaixador de Mo\u00e7ambique em Portugal, agradeceu o convite do presidente Marcelo Rebelo de Sousa e apelou ao investimento no mercado mo\u00e7ambicano, que garantiu ser atrativo e seguro. O Presidente de Mo\u00e7ambique enalteceu o grupo Visabeira, por ser resiliente no mercado mo\u00e7ambicano, ao contr\u00e1rio de outros grupos internacionais, que investem, mas se retiram alguns anos depois.<\/p>\n<p>A finalizar, Marcelo Rebelo de Sousa apelou \u00e0 fraternidade entre os povos, nomeadamente, entre Portugal e Mo\u00e7ambique, mais do que desenvolver rela\u00e7\u00f5es bilaterais ou neg\u00f3cios e parabenizou o Grupo Visabeira por dar prioridade ao investimento na conserva\u00e7\u00e3o do Patrim\u00f3nio Hist\u00f3rico em Portugal.<\/p>\n<p>De referir que o jantar contou com cerca de 500 convidados e teve lugar no final do terceiro e pen\u00faltimo dia da 24\u00aa Mostra Internacional de Doces e Licores Conventuais, que os dois Presidentes da Rep\u00fablica e comitiva tiveram tamb\u00e9m oportunidade de visitar.<\/p>\n<p><strong>\u00a0 \u00a0 \u00a0M\u00e1rio Lopes<\/strong><\/p>\n","protected":false},"excerpt":{"rendered":"<p>O Presidente da Rep\u00fablica de Portugal Marcelo Rebelo de Sousa e o Presidente da Rep\u00fablica de Mo\u00e7ambique Filipe Jacinto Nyusi, presidiram este s\u00e1bado, dia 19 de novembro, \u00e0 inaugura\u00e7\u00e3o do Montebelo Mosteiro de Alcoba\u00e7a Historic Hotel, que teve lugar durante a Mostra Internacional de Doces e Licores Conventuais de Alcoba\u00e7a. O primeiro-ministro fez-se representar por [&hellip;]<\/p>\n","protected":false},"author":2,"featured_media":22284,"comment_status":"open","ping_status":"open","sticky":false,"template":"","format":"standard","meta":{"footnotes":""},"categories":[7,10],"tags":[],"class_list":["post-22277","post","type-post","status-publish","format-standard","has-post-thumbnail","hentry","category-economia","category-patrimonio"],"_links":{"self":[{"href":"https:\/\/tintafresca.net\/index.php\/wp-json\/wp\/v2\/posts\/22277","targetHints":{"allow":["GET"]}}],"collection":[{"href":"https:\/\/tintafresca.net\/index.php\/wp-json\/wp\/v2\/posts"}],"about":[{"href":"https:\/\/tintafresca.net\/index.php\/wp-json\/wp\/v2\/types\/post"}],"author":[{"embeddable":true,"href":"https:\/\/tintafresca.net\/index.php\/wp-json\/wp\/v2\/users\/2"}],"replies":[{"embeddable":true,"href":"https:\/\/tintafresca.net\/index.php\/wp-json\/wp\/v2\/comments?post=22277"}],"version-history":[{"count":11,"href":"https:\/\/tintafresca.net\/index.php\/wp-json\/wp\/v2\/posts\/22277\/revisions"}],"predecessor-version":[{"id":22285,"href":"https:\/\/tintafresca.net\/index.php\/wp-json\/wp\/v2\/posts\/22277\/revisions\/22285"}],"wp:featuredmedia":[{"embeddable":true,"href":"https:\/\/tintafresca.net\/index.php\/wp-json\/wp\/v2\/media\/22284"}],"wp:attachment":[{"href":"https:\/\/tintafresca.net\/index.php\/wp-json\/wp\/v2\/media?parent=22277"}],"wp:term":[{"taxonomy":"category","embeddable":true,"href":"https:\/\/tintafresca.net\/index.php\/wp-json\/wp\/v2\/categories?post=22277"},{"taxonomy":"post_tag","embeddable":true,"href":"https:\/\/tintafresca.net\/index.php\/wp-json\/wp\/v2\/tags?post=22277"}],"curies":[{"name":"wp","href":"https:\/\/api.w.org\/{rel}","templated":true}]}}