{"id":22306,"date":"2022-11-21T22:07:43","date_gmt":"2022-11-21T22:07:43","guid":{"rendered":"https:\/\/tintafresca.net\/?p=22306"},"modified":"2022-11-21T22:13:12","modified_gmt":"2022-11-21T22:13:12","slug":"governo-anuncia-em-fatima-programa-de-50-milhoes-de-euros-para-ajudar-empresas-do-turismo-a-reabilitarem-ativos-imobiliarios","status":"publish","type":"post","link":"https:\/\/tintafresca.net\/index.php\/2022\/11\/21\/governo-anuncia-em-fatima-programa-de-50-milhoes-de-euros-para-ajudar-empresas-do-turismo-a-reabilitarem-ativos-imobiliarios\/","title":{"rendered":"Governo anuncia em F\u00e1tima programa de 50 milh\u00f5es de euros para ajudar empresas tur\u00edsticas a reabilitar ativos imobili\u00e1rios"},"content":{"rendered":"<div id=\"attachment_22308\" style=\"width: 510px\" class=\"wp-caption alignleft\"><img loading=\"lazy\" decoding=\"async\" aria-describedby=\"caption-attachment-22308\" class=\"wp-image-22308 size-full\" src=\"https:\/\/tintafresca.net\/wp-content\/uploads\/2022\/11\/Fatima_Pedro_Machado10.jpg\" alt=\"\" width=\"500\" height=\"333\" srcset=\"https:\/\/tintafresca.net\/wp-content\/uploads\/2022\/11\/Fatima_Pedro_Machado10.jpg 500w, https:\/\/tintafresca.net\/wp-content\/uploads\/2022\/11\/Fatima_Pedro_Machado10-300x200.jpg 300w\" sizes=\"auto, (max-width: 500px) 100vw, 500px\" \/><p id=\"caption-attachment-22308\" class=\"wp-caption-text\">Pedro Machado<\/p><\/div>\n<p>Pedro Machado, presidente da Turismo Centro de Portugal, destacou, no dia 17 de novembro, em F\u00e1tima, o importante papel das regi\u00f5es na procura de solu\u00e7\u00f5es para os grandes desafios colocados \u00e0 atividade tur\u00edstica. As declara\u00e7\u00f5es foram feitas na sess\u00e3o de abertura do 33.\u00ba Congresso Nacional da Hotelaria e Turismo, um evento que decorre durante tr\u00eas dias no Centro Pastoral Paulo VI, promovido pela AHP &#8211; Associa\u00e7\u00e3o da Hotelaria de Portugal e que tem o apoio da Turismo Centro de Portugal.<\/p>\n<p>\u201cAs regi\u00f5es desempenham um trabalho important\u00edssimo na estrutura\u00e7\u00e3o de novos produtos tur\u00edsticos, que aumentam a diversidade da \u2018oferta Portugal\u2019. Em 2006, lan\u00e7\u00e1mos 10 produtos estrat\u00e9gicos; hoje, Portugal posiciona-se internacionalmente com 22 produtos tur\u00edsticos. Produtos como o enoturismo, o turismo religioso, o ecoturismo, a arte, o patrim\u00f3nio e tantos outros fazem de Portugal n\u00e3o s\u00f3 o melhor destino europeu, como tem sido reconhecido, mas representam uma atratividade para a qual continuaremos a trabalhar\u201d, sublinhou Pedro Machado.<\/p>\n<p>\u201cEventualmente, precisamos de refor\u00e7ar o volume de investimento da nossa promo\u00e7\u00e3o, sobretudo internacional, e precisamos de refor\u00e7ar tamb\u00e9m e cuidar do nosso mercado interno, absolutamente estruturante no caso da regi\u00e3o Centro de Portugal\u201d, acrescentou.<\/p>\n<p>Outras respostas para os desafios atuais passam, segundo Pedro Machado, por \u201crestaurar a confian\u00e7a dos viajantes, em particular dos internacionais\u201d, \u201capoiar a consolida\u00e7\u00e3o das empresas\u201d, apostar \u201cnas bases de um turismo cada vez mais sustent\u00e1vel\u201d e adequar a atividade tur\u00edstica \u201cao inverno demogr\u00e1fico que est\u00e1 a acontecer no mundo e \u00e0 agenda das altera\u00e7\u00f5es clim\u00e1ticas, fazendo com que o turismo nas regi\u00f5es e no nosso pa\u00eds continue a ser cada vez mais atrativo e competitivo\u201d.<\/p>\n<div id=\"attachment_22309\" style=\"width: 510px\" class=\"wp-caption alignleft\"><img loading=\"lazy\" decoding=\"async\" aria-describedby=\"caption-attachment-22309\" class=\"wp-image-22309 size-full\" src=\"https:\/\/tintafresca.net\/wp-content\/uploads\/2022\/11\/Fatima_Costa_e_silva10.jpg\" alt=\"\" width=\"500\" height=\"333\" srcset=\"https:\/\/tintafresca.net\/wp-content\/uploads\/2022\/11\/Fatima_Costa_e_silva10.jpg 500w, https:\/\/tintafresca.net\/wp-content\/uploads\/2022\/11\/Fatima_Costa_e_silva10-300x200.jpg 300w\" sizes=\"auto, (max-width: 500px) 100vw, 500px\" \/><p id=\"caption-attachment-22309\" class=\"wp-caption-text\">Ant\u00f3nio Costa Silva<\/p><\/div>\n<p>\u201cS\u00e3o estes grandes desafios que este Congresso tamb\u00e9m tem pela frente. Importa que saiam daqui grandes conclus\u00f5es, que reforcem a posi\u00e7\u00e3o de Portugal na Europa e no Mundo\u201d, concluiu Pedro Machado.<\/p>\n<p>Tamb\u00e9m na sess\u00e3o de abertura, o ministro da Economia, Ant\u00f3nio Costa Silva, anunciou um programa no valor de 50 milh\u00f5es de euros para ajudar as empresas do turismo a reabilitarem ativos imobili\u00e1rios. \u201cEste an\u00fancio vai sair hoje e ser\u00e1 bastante importante para as empresas\u201d, disse.<\/p>\n<p>Ant\u00f3nio Costa Silva real\u00e7ou ainda que o pr\u00f3ximo ano ser\u00e1 marcado pela \u201cresili\u00eancia da economia portuguesa, em particular do turismo\u201d. \u201cTenho esperan\u00e7a de que 2023 seja um ano ainda de resili\u00eancia da economia portuguesa, em particular do turismo. Com abrandamento, mas continuaremos a crescer. Apesar da guerra na Ucr\u00e2nia, da subida das mat\u00e9rias-primas e da Europa enfrentar a pior crise energ\u00e9tica da sua hist\u00f3ria, a previs\u00e3o para a economia portuguesa \u00e9 a de crescer 6,5% este ano\u201d, afirmou.<\/p>\n<p>A sess\u00e3o de abertura do congresso contou ainda com interven\u00e7\u00f5es de Bernardo Trindade, presidente da AHP, Lu\u00eds Miguel Albuquerque, presidente da C\u00e2mara Municipal de Our\u00e9m, o padre Carlos Cabecinhas, reitor do Santu\u00e1rio de F\u00e1tima, e Francisco Calheiros, presidente da Confedera\u00e7\u00e3o do Turismo de Portugal.<\/p>\n<p>O Congresso Nacional da Hotelaria e Turismo re\u00fane, este ano, 44 oradores e moderadores, nacionais e internacionais, e centenas de participantes para partilhar e debater ideias, tend\u00eancias, estrat\u00e9gias e experi\u00eancias, com um programa feito por profissionais para profissionais do setor.<\/p>\n<p>Entre os muitos pain\u00e9is de discuss\u00e3o, merecem destaque os temas \u201cGerir em Tempos de Mudan\u00e7a\u201d, \u201cA Era da Incerteza\u201d, \u201cInvestir em Tempos de Mudan\u00e7a\u201d, \u201cRecrutar e Reter Talento: Miss\u00e3o (Im)Poss\u00edvel?\u201d, \u201cNew Money\u201d e \u201cTeremos Ainda Tempo Para A Sustentabilidade?\u201d.<\/p>\n<p><strong>Sobre o Turismo Centro de Portugal<\/strong><\/p>\n<p>O Turismo Centro de Portugal \u00e9 a entidade que estrutura e promove o turismo na Regi\u00e3o Centro do pa\u00eds. Esta \u00e9 a maior e mais diversificada \u00e1rea tur\u00edstica nacional, abrangendo 100 munic\u00edpios, e tem registado um intenso crescimento da procura interna e externa. \u00c9 a regi\u00e3o a escolher para quem pretende experi\u00eancias diversificadas, pois concilia locais Patrim\u00f3nio da Humanidade com a melhor costa de surf da Europa, termas e spas id\u00edlicos, locais de culto de import\u00e2ncia mundial e as mais belas aldeias.<\/p>\n<p><strong>\u00a0Fonte: TCP e PV<\/strong><\/p>\n","protected":false},"excerpt":{"rendered":"<p>Pedro Machado, presidente da Turismo Centro de Portugal, destacou, no dia 17 de novembro, em F\u00e1tima, o importante papel das regi\u00f5es na procura de solu\u00e7\u00f5es para os grandes desafios colocados \u00e0 atividade tur\u00edstica. As declara\u00e7\u00f5es foram feitas na sess\u00e3o de abertura do 33.\u00ba Congresso Nacional da Hotelaria e Turismo, um evento que decorre durante tr\u00eas [&hellip;]<\/p>\n","protected":false},"author":2,"featured_media":22311,"comment_status":"open","ping_status":"open","sticky":false,"template":"","format":"standard","meta":{"footnotes":""},"categories":[7],"tags":[],"class_list":["post-22306","post","type-post","status-publish","format-standard","has-post-thumbnail","hentry","category-economia"],"_links":{"self":[{"href":"https:\/\/tintafresca.net\/index.php\/wp-json\/wp\/v2\/posts\/22306","targetHints":{"allow":["GET"]}}],"collection":[{"href":"https:\/\/tintafresca.net\/index.php\/wp-json\/wp\/v2\/posts"}],"about":[{"href":"https:\/\/tintafresca.net\/index.php\/wp-json\/wp\/v2\/types\/post"}],"author":[{"embeddable":true,"href":"https:\/\/tintafresca.net\/index.php\/wp-json\/wp\/v2\/users\/2"}],"replies":[{"embeddable":true,"href":"https:\/\/tintafresca.net\/index.php\/wp-json\/wp\/v2\/comments?post=22306"}],"version-history":[{"count":4,"href":"https:\/\/tintafresca.net\/index.php\/wp-json\/wp\/v2\/posts\/22306\/revisions"}],"predecessor-version":[{"id":22314,"href":"https:\/\/tintafresca.net\/index.php\/wp-json\/wp\/v2\/posts\/22306\/revisions\/22314"}],"wp:featuredmedia":[{"embeddable":true,"href":"https:\/\/tintafresca.net\/index.php\/wp-json\/wp\/v2\/media\/22311"}],"wp:attachment":[{"href":"https:\/\/tintafresca.net\/index.php\/wp-json\/wp\/v2\/media?parent=22306"}],"wp:term":[{"taxonomy":"category","embeddable":true,"href":"https:\/\/tintafresca.net\/index.php\/wp-json\/wp\/v2\/categories?post=22306"},{"taxonomy":"post_tag","embeddable":true,"href":"https:\/\/tintafresca.net\/index.php\/wp-json\/wp\/v2\/tags?post=22306"}],"curies":[{"name":"wp","href":"https:\/\/api.w.org\/{rel}","templated":true}]}}