{"id":22357,"date":"2022-11-23T13:39:51","date_gmt":"2022-11-23T13:39:51","guid":{"rendered":"https:\/\/tintafresca.net\/?p=22357"},"modified":"2022-11-23T13:42:26","modified_gmt":"2022-11-23T13:42:26","slug":"cim-da-regiao-de-leiria-pretende-investir-700-mil-euros-para-abrir-creche-para-os-filhos-dos-profissionais-de-saude","status":"publish","type":"post","link":"https:\/\/tintafresca.net\/index.php\/2022\/11\/23\/cim-da-regiao-de-leiria-pretende-investir-700-mil-euros-para-abrir-creche-para-os-filhos-dos-profissionais-de-saude\/","title":{"rendered":"CIM da Regi\u00e3o de Leiria pretende investir 700 mil euros para abrir creche para os filhos dos profissionais de sa\u00fade"},"content":{"rendered":"<p><img loading=\"lazy\" decoding=\"async\" class=\"alignleft wp-image-22363 size-full\" src=\"https:\/\/tintafresca.net\/wp-content\/uploads\/2022\/11\/Parque_infantil_Centro_Escolar_Pedrogao2.jpg\" alt=\"\" width=\"352\" height=\"235\" srcset=\"https:\/\/tintafresca.net\/wp-content\/uploads\/2022\/11\/Parque_infantil_Centro_Escolar_Pedrogao2.jpg 352w, https:\/\/tintafresca.net\/wp-content\/uploads\/2022\/11\/Parque_infantil_Centro_Escolar_Pedrogao2-300x200.jpg 300w\" sizes=\"auto, (max-width: 352px) 100vw, 352px\" \/>A Comunidade Intermunicipal da Regi\u00e3o de Leiria (CIMRL), em parceria com os munic\u00edpios da regi\u00e3o e o Centro Hospitalar de Leiria, encontra-se a desenvolver um projeto para instalar a primeira creche intermunicipal do pa\u00eds, com o objetivo de alargar a capacidade de resposta para os filhos dos profissionais de sa\u00fade que decidam fixar-se profissionalmente no Hospital de Leiria.<\/p>\n<p>Este projeto coletivo concretiza um investimento superior a 700 mil euros, com capacidade de resposta para cerca de meia centena de crian\u00e7as, a funcionar em hor\u00e1rios flex\u00edveis e adaptados aos exigentes hor\u00e1rios de atividades dos profissionais de sa\u00fade. Uma resposta in\u00e9dita em termos nacionais e que est\u00e1 a ser avaliada em colabora\u00e7\u00e3o com os servi\u00e7os regionais do Instituto da Seguran\u00e7a Social.<\/p>\n<p>A futura creche intermunicipal ser\u00e1 objeto de candidatura, no \u00e2mbito do Plano de Recupera\u00e7\u00e3o e Resili\u00eancia (PRR), cujo aviso da abertura a projetos de requalifica\u00e7\u00e3o e alargamento da rede de equipamentos e respostas sociais foi publicado no dia 2 de novembro, com uma dota\u00e7\u00e3o global de cerca de 20 milh\u00f5es de euros para a val\u00eancia de creche.<\/p>\n<p>A efetiva\u00e7\u00e3o do projeto apenas depender\u00e1 da aprova\u00e7\u00e3o da candidatura por parte do Instituto da Seguran\u00e7a Social, no \u00e2mbito do PRR, ou pelo futuro Programa Operacional Regional do Centro \u2013 Centro 2030, bem assim da finaliza\u00e7\u00e3o do acordo de comodato a realizar com o Centro Hospitalar de Leiria, que j\u00e1 expressou a sua ades\u00e3o \u00e0 iniciativa e reconhece a maior import\u00e2ncia deste objetivo no est\u00edmulo \u00e0 fixa\u00e7\u00e3o de profissionais da sa\u00fade na regi\u00e3o de Leiria.<\/p>\n<p>Tamb\u00e9m esta segunda-feira a Comunidade Intermunicipal da Regi\u00e3o de Leiria recebeu os novos respons\u00e1veis do Agrupamento de Centros de Sa\u00fade Pinhal Litoral (AceS PL), cuja dire\u00e7\u00e3o executiva \u00e9 liderada pelo enfermeiro Marco Neves, tendo na ocasi\u00e3o sido avaliados os principais desafios que se colocam aos cuidados de sa\u00fade prim\u00e1rios. As estrat\u00e9gias para a sa\u00fade no per\u00edodo de inverno e as estat\u00edsticas de funcionamento dos servi\u00e7os de sa\u00fade foram igualmente apresentadas pela dire\u00e7\u00e3o executiva do AceS PL.<\/p>\n<p><strong> \u00a0 Fonte: CIMRL<\/strong><\/p>\n","protected":false},"excerpt":{"rendered":"<p>A Comunidade Intermunicipal da Regi\u00e3o de Leiria (CIMRL), em parceria com os munic\u00edpios da regi\u00e3o e o Centro Hospitalar de Leiria, encontra-se a desenvolver um projeto para instalar a primeira creche intermunicipal do pa\u00eds, com o objetivo de alargar a capacidade de resposta para os filhos dos profissionais de sa\u00fade que decidam fixar-se profissionalmente no [&hellip;]<\/p>\n","protected":false},"author":2,"featured_media":22364,"comment_status":"open","ping_status":"open","sticky":false,"template":"","format":"standard","meta":{"footnotes":""},"categories":[6],"tags":[],"class_list":["post-22357","post","type-post","status-publish","format-standard","has-post-thumbnail","hentry","category-saude"],"_links":{"self":[{"href":"https:\/\/tintafresca.net\/index.php\/wp-json\/wp\/v2\/posts\/22357","targetHints":{"allow":["GET"]}}],"collection":[{"href":"https:\/\/tintafresca.net\/index.php\/wp-json\/wp\/v2\/posts"}],"about":[{"href":"https:\/\/tintafresca.net\/index.php\/wp-json\/wp\/v2\/types\/post"}],"author":[{"embeddable":true,"href":"https:\/\/tintafresca.net\/index.php\/wp-json\/wp\/v2\/users\/2"}],"replies":[{"embeddable":true,"href":"https:\/\/tintafresca.net\/index.php\/wp-json\/wp\/v2\/comments?post=22357"}],"version-history":[{"count":2,"href":"https:\/\/tintafresca.net\/index.php\/wp-json\/wp\/v2\/posts\/22357\/revisions"}],"predecessor-version":[{"id":22365,"href":"https:\/\/tintafresca.net\/index.php\/wp-json\/wp\/v2\/posts\/22357\/revisions\/22365"}],"wp:featuredmedia":[{"embeddable":true,"href":"https:\/\/tintafresca.net\/index.php\/wp-json\/wp\/v2\/media\/22364"}],"wp:attachment":[{"href":"https:\/\/tintafresca.net\/index.php\/wp-json\/wp\/v2\/media?parent=22357"}],"wp:term":[{"taxonomy":"category","embeddable":true,"href":"https:\/\/tintafresca.net\/index.php\/wp-json\/wp\/v2\/categories?post=22357"},{"taxonomy":"post_tag","embeddable":true,"href":"https:\/\/tintafresca.net\/index.php\/wp-json\/wp\/v2\/tags?post=22357"}],"curies":[{"name":"wp","href":"https:\/\/api.w.org\/{rel}","templated":true}]}}