{"id":22369,"date":"2022-11-23T19:01:33","date_gmt":"2022-11-23T19:01:33","guid":{"rendered":"https:\/\/tintafresca.net\/?p=22369"},"modified":"2022-11-23T19:12:41","modified_gmt":"2022-11-23T19:12:41","slug":"presidente-da-republica-envia-mensagem-a-conferencia-internacional-vidro-hoje-uma-ponte-para-o-futuro","status":"publish","type":"post","link":"https:\/\/tintafresca.net\/index.php\/2022\/11\/23\/presidente-da-republica-envia-mensagem-a-conferencia-internacional-vidro-hoje-uma-ponte-para-o-futuro\/","title":{"rendered":"Presidente da Rep\u00fablica envia mensagem \u00e0 Confer\u00eancia Internacional \u201cVidro hoje, uma ponte para o futuro\u201d"},"content":{"rendered":"<div id=\"attachment_22371\" style=\"width: 510px\" class=\"wp-caption alignleft\"><img loading=\"lazy\" decoding=\"async\" aria-describedby=\"caption-attachment-22371\" class=\"wp-image-22371 size-full\" src=\"https:\/\/tintafresca.net\/wp-content\/uploads\/2022\/11\/MG_ConferenciaInternacionalVidro_2022_60.png\" alt=\"\" width=\"500\" height=\"353\" srcset=\"https:\/\/tintafresca.net\/wp-content\/uploads\/2022\/11\/MG_ConferenciaInternacionalVidro_2022_60.png 500w, https:\/\/tintafresca.net\/wp-content\/uploads\/2022\/11\/MG_ConferenciaInternacionalVidro_2022_60-300x212.png 300w\" sizes=\"auto, (max-width: 500px) 100vw, 500px\" \/><p id=\"caption-attachment-22371\" class=\"wp-caption-text\">Aur\u00e9lio Ferreira<\/p><\/div>\n<p>Cerca de 30 oradores nacionais e estrangeiros debateram o vidro, em diversas \u00e1reas, durante a Confer\u00eancia Internacional \u201cVidro hoje, uma ponte para o futuro\u201d, que decorreu de 17 a 19 de novembro, na Casa da Cultura Teatro Stephens, na Marinha Grande, no \u00e2mbito do Ano Internacional do Vidro.<\/p>\n<p>Tratou-se de um evento organizado pelo Munic\u00edpio que trouxe \u00e0 Marinha Grande convidados para refletir sobre a hist\u00f3ria e patrim\u00f3nio do vidro; ensino e forma\u00e7\u00e3o do vidro; vidro: arte e design; o vidro na comunidade; e o vidro: sustentabilidade, inova\u00e7\u00e3o e tecnologia.<\/p>\n<p>Numa mensagem gravada para o certame, o Presidente da Rep\u00fablica Portuguesa, saudou \u201cos trabalhadores, criativos, t\u00e9cnicos, empres\u00e1rios que, com o esfor\u00e7o, trabalho e talento, ao longo de tantos anos e d\u00e9cadas, contribu\u00edram e continuam a contribuir para a afirma\u00e7\u00e3o do setor vidreiro na Marinha Grande e em Portugal\u201d.<\/p>\n<p>Marcelo Rebelo de Sousa salientou que \u201cfaz todo o sentido que a C\u00e2mara Municipal da Marinha Grande se tenha associado \u00e0s comemora\u00e7\u00f5es do Ano Internacional do Vidro, atrav\u00e9s das mais diversas atividades, entre elas a presente confer\u00eancia\u201d. O evento pretendeu \u201cfazer a ponte entre a hist\u00f3ria, o patrim\u00f3nio, o presente e o futuro, que todos queremos que v\u00e1 mais longe, que seja ainda muito melhor do que o nobre passado e o empenhado, determinado e corajoso presente\u201d, acrescentou o Presidente da Rep\u00fablica.<\/p>\n<p>O presidente da C\u00e2mara destacou que, no Ano Internacional do Vidro, \u201c\u00e9 para o Munic\u00edpio uma responsabilidade acrescida a organiza\u00e7\u00e3o de um evento que contribui para o reconhecimento da Marinha Grande enquanto capital do vidro\u201d.<\/p>\n<div id=\"attachment_22372\" style=\"width: 510px\" class=\"wp-caption alignleft\"><img loading=\"lazy\" decoding=\"async\" aria-describedby=\"caption-attachment-22372\" class=\"wp-image-22372 size-full\" src=\"https:\/\/tintafresca.net\/wp-content\/uploads\/2022\/11\/MG_ConferenciaInternacionalVidro_2022_02.png\" alt=\"\" width=\"500\" height=\"318\" srcset=\"https:\/\/tintafresca.net\/wp-content\/uploads\/2022\/11\/MG_ConferenciaInternacionalVidro_2022_02.png 500w, https:\/\/tintafresca.net\/wp-content\/uploads\/2022\/11\/MG_ConferenciaInternacionalVidro_2022_02-300x191.png 300w\" sizes=\"auto, (max-width: 500px) 100vw, 500px\" \/><p id=\"caption-attachment-22372\" class=\"wp-caption-text\">Oficina vidreira<\/p><\/div>\n<p>\u201cEstou certo de que, depois deste evento todos est\u00e3o conscientes da responsabilidade que t\u00eam em m\u00e3os em promover o vidro no mundo, real\u00e7ando o seu valor material e imaterial, o patrim\u00f3nio que representa para a nossa cidade\u201d, continuou Aur\u00e9lio Ferreira. &#8220;Foram dias de partilha de experi\u00eancias, debates e estabelecimento de \u201cpontes\u201d entre todos os presentes, que t\u00eam sem d\u00favida o vidro como denominador comum\u201d, acrescentou.<\/p>\n<p>Aur\u00e9lio Ferreira dirigiu-se \u00e0s empresas, de grande, m\u00e9dia ou pequena dimens\u00e3o, \u201cpela vossa determina\u00e7\u00e3o, compromisso e foco na inova\u00e7\u00e3o, s\u00f3 podem receber da autarquia um grande agradecimento e o compromisso de ter um aliado para o presente no desenvolvimento do concelho\u201d.<\/p>\n<p>Para finalizar, deixou \u201co compromisso do Munic\u00edpio em afirmar que o vidro \u00e9 a alma da nossa terra e \u00e9 com ele que vamos continuar a investir, tanto pelo desenvolvimento da terra, como pela cultura que valoriza este patrim\u00f3nio\u201d.<\/p>\n<p>De entre as principais conclus\u00f5es das v\u00e1rias interven\u00e7\u00f5es, destaque para o facto do Munic\u00edpio ter sido desafiado a \u201ctestar\u201d as receitas dos arcanos dos Irm\u00e3os Stephens. Foi igualmente deixada uma outra proposta, no sentido de se efetuar uma recolha de testemunhos orais na Marinha Grande, de antigos vidreiros, para que esses n\u00e3o se percam, numa perspetiva de valoriza\u00e7\u00e3o do patrim\u00f3nio imaterial.<\/p>\n<p>Durante a confer\u00eancia, reconheceu-se a necessidade de formar pessoas para o setor do vidro, dado existirem poucos profissionais, pela especializa\u00e7\u00e3o em causa. Outra das ideias transmitidas na Confer\u00eancia \u00e9 a necessidade de associar \u00e0 profiss\u00e3o novos conceitos de modernidade, prest\u00edgio e saber, para garantir a sua continuidade rumo ao futuro como a cidade do vidro, apostando, sobretudo, nas camadas por interm\u00e9dio de escolas e centros de forma\u00e7\u00e3o.<\/p>\n<p>A liga\u00e7\u00e3o do Museu do Vidro aos seus cong\u00e9neres de outros pontos do mundo ser\u00e1 uma tarefa \u00e1rdua, mas que tem de continuar. Nesse sentido, o evento permitiu partilhar os exemplos de museus do vidro de Fran\u00e7a, Bogot\u00e1 (Col\u00f4mbia) ou La Granja de San Ildefonso (Espanha).<\/p>\n<p>Para al\u00e9m das comunica\u00e7\u00f5es e debates, que decorreram no Teatro Stephens, o programa incluiu visitas a f\u00e1bricas vidreiras do concelho, demonstra\u00e7\u00f5es de vidro soprado no Est\u00fadio PoeirasGlass, uma masterclass de impress\u00e3o em vidro com a artista argentina Silvia Levenson e a inaugura\u00e7\u00e3o de uma exposi\u00e7\u00e3o de adornos de Natal em vidro.<\/p>\n<p>No \u00e2mbito da realiza\u00e7\u00e3o da \u00a0Confer\u00eancia Internacional \u201cVidro hoje, uma ponte para o futuro\u201d, foi apresentado o tema original \u201cTransparente\u201d, da autoria do compositor marinhense Andr\u00e9 Barros, criado para assinalar o Ano Internacional do Vidro. O tema foi protagonizado pelo pr\u00f3prio m\u00fasico, acompanhado pelo violoncelista Fernando Costa e pela violinista Veronika Taraban.<\/p>\n<p><strong>\u00a0 \u00a0 \u00a0 Fonte: GCI|CMMG<\/strong><\/p>\n","protected":false},"excerpt":{"rendered":"<p>Cerca de 30 oradores nacionais e estrangeiros debateram o vidro, em diversas \u00e1reas, durante a Confer\u00eancia Internacional \u201cVidro hoje, uma ponte para o futuro\u201d, que decorreu de 17 a 19 de novembro, na Casa da Cultura Teatro Stephens, na Marinha Grande, no \u00e2mbito do Ano Internacional do Vidro. Tratou-se de um evento organizado pelo Munic\u00edpio [&hellip;]<\/p>\n","protected":false},"author":2,"featured_media":22373,"comment_status":"open","ping_status":"open","sticky":false,"template":"","format":"standard","meta":{"footnotes":""},"categories":[7,10],"tags":[],"class_list":["post-22369","post","type-post","status-publish","format-standard","has-post-thumbnail","hentry","category-economia","category-patrimonio"],"_links":{"self":[{"href":"https:\/\/tintafresca.net\/index.php\/wp-json\/wp\/v2\/posts\/22369","targetHints":{"allow":["GET"]}}],"collection":[{"href":"https:\/\/tintafresca.net\/index.php\/wp-json\/wp\/v2\/posts"}],"about":[{"href":"https:\/\/tintafresca.net\/index.php\/wp-json\/wp\/v2\/types\/post"}],"author":[{"embeddable":true,"href":"https:\/\/tintafresca.net\/index.php\/wp-json\/wp\/v2\/users\/2"}],"replies":[{"embeddable":true,"href":"https:\/\/tintafresca.net\/index.php\/wp-json\/wp\/v2\/comments?post=22369"}],"version-history":[{"count":2,"href":"https:\/\/tintafresca.net\/index.php\/wp-json\/wp\/v2\/posts\/22369\/revisions"}],"predecessor-version":[{"id":22374,"href":"https:\/\/tintafresca.net\/index.php\/wp-json\/wp\/v2\/posts\/22369\/revisions\/22374"}],"wp:featuredmedia":[{"embeddable":true,"href":"https:\/\/tintafresca.net\/index.php\/wp-json\/wp\/v2\/media\/22373"}],"wp:attachment":[{"href":"https:\/\/tintafresca.net\/index.php\/wp-json\/wp\/v2\/media?parent=22369"}],"wp:term":[{"taxonomy":"category","embeddable":true,"href":"https:\/\/tintafresca.net\/index.php\/wp-json\/wp\/v2\/categories?post=22369"},{"taxonomy":"post_tag","embeddable":true,"href":"https:\/\/tintafresca.net\/index.php\/wp-json\/wp\/v2\/tags?post=22369"}],"curies":[{"name":"wp","href":"https:\/\/api.w.org\/{rel}","templated":true}]}}