{"id":22387,"date":"2022-11-24T14:25:25","date_gmt":"2022-11-24T14:25:25","guid":{"rendered":"https:\/\/tintafresca.net\/?p=22387"},"modified":"2022-11-24T18:11:36","modified_gmt":"2022-11-24T18:11:36","slug":"luis-silverio-filhos-inaugura-unidade-industrial-de-valado-dos-frades-no-mes-em-que-comemora-35-anos","status":"publish","type":"post","link":"https:\/\/tintafresca.net\/index.php\/2022\/11\/24\/luis-silverio-filhos-inaugura-unidade-industrial-de-valado-dos-frades-no-mes-em-que-comemora-35-anos\/","title":{"rendered":"Lu\u00eds Silv\u00e9rio &#038; Filhos inaugura unidade industrial de Valado dos Frades no m\u00eas em que comemora 35 anos"},"content":{"rendered":"<div id=\"attachment_22389\" style=\"width: 510px\" class=\"wp-caption alignleft\"><img loading=\"lazy\" decoding=\"async\" aria-describedby=\"caption-attachment-22389\" class=\"wp-image-22389 size-full\" src=\"https:\/\/tintafresca.net\/wp-content\/uploads\/2022\/11\/Nazare_LSF_inauguracao40.jpg\" alt=\"\" width=\"500\" height=\"333\" srcset=\"https:\/\/tintafresca.net\/wp-content\/uploads\/2022\/11\/Nazare_LSF_inauguracao40.jpg 500w, https:\/\/tintafresca.net\/wp-content\/uploads\/2022\/11\/Nazare_LSF_inauguracao40-300x200.jpg 300w\" sizes=\"auto, (max-width: 500px) 100vw, 500px\" \/><p id=\"caption-attachment-22389\" class=\"wp-caption-text\">Ministra da Agricultura marcou presen\u00e7a nesta inaugura\u00e7\u00e3o<\/p><\/div>\n<p>No dia 19 de novembro, decorreu a inaugura\u00e7\u00e3o oficial da nova unidade industrial da Lu\u00eds Silv\u00e9rio &amp; Filhos, em Valado dos Frades.<\/p>\n<p>O evento contou com a presen\u00e7a da ministra da Agricultura e da Alimenta\u00e7\u00e3o, Maria do C\u00e9u Antunes, da secret\u00e1ria de Estado das Pescas, Teresa Coelho, do secret\u00e1rio de Estado da Administra\u00e7\u00e3o Local e Ordenamento do Territ\u00f3rio, Carlos Miguel entre uma lista de cerca de 300 convidados, que n\u00e3o quiseram perder a oportunidade de ficar a conhecer este centro de inova\u00e7\u00e3o e produ\u00e7\u00e3o de pescado.<\/p>\n<p>Ap\u00f3s a chegada dos elementos da comitiva, teve lugar a cerim\u00f3nia oficial de inaugura\u00e7\u00e3o, com o descerramento da placa comemorativa e visitas guiadas \u00e0 f\u00e1brica. Seguiu-se um momento musical com Guilherme Azevedo, a atua\u00e7\u00e3o do Rancho Tamar, da Nazar\u00e9, e os discursos protocolares do presidente da C\u00e2mara da Nazar\u00e9, Walter Chicharro, da ministra da Agricultura e da Alimenta\u00e7\u00e3o, Maria do C\u00e9u Antunes, e dos propriet\u00e1rios Lu\u00eds Silv\u00e9rio e Lu\u00eds Manuel Silv\u00e9rio.<\/p>\n<p>A comemora\u00e7\u00e3o terminou com uma degusta\u00e7\u00e3o de iguarias confecionadas com o pescado da Lu\u00eds Silv\u00e9rio &amp; Filhos, n\u00e3o sem antes cantar os parab\u00e9ns \u00e0 empresa, fundada em 1987 e que comemorou, no passado dia 2 de novembro 35 anos.<\/p>\n<p><strong>Lu\u00eds Silv\u00e9rio &amp; Filhos<\/strong><\/p>\n<div id=\"attachment_22392\" style=\"width: 510px\" class=\"wp-caption alignleft\"><img loading=\"lazy\" decoding=\"async\" aria-describedby=\"caption-attachment-22392\" class=\"wp-image-22392 size-full\" src=\"https:\/\/tintafresca.net\/wp-content\/uploads\/2022\/11\/Nazare_LSF_inauguracao20.jpg\" alt=\"\" width=\"500\" height=\"327\" srcset=\"https:\/\/tintafresca.net\/wp-content\/uploads\/2022\/11\/Nazare_LSF_inauguracao20.jpg 500w, https:\/\/tintafresca.net\/wp-content\/uploads\/2022\/11\/Nazare_LSF_inauguracao20-300x196.jpg 300w\" sizes=\"auto, (max-width: 500px) 100vw, 500px\" \/><p id=\"caption-attachment-22392\" class=\"wp-caption-text\">Administra\u00e7\u00e3o e funcion\u00e1rios da empresa<\/p><\/div>\n<p>A Lu\u00eds Silv\u00e9rio &amp; Filhos foi fundada em 1987, com uma f\u00e1brica de congela\u00e7\u00e3o e prepara\u00e7\u00e3o de pescado e cefal\u00f3podes, na Nazar\u00e9.<\/p>\n<p>A necessidade de escoar produto e garantir uma distribui\u00e7\u00e3o facilitada em todo o territ\u00f3rio nacional provocou uma expans\u00e3o natural para a box do MARL, que, juntamente com o armaz\u00e9m de Peniche, permitiam levar pescado fresco e congelado \u00e0s mesas de todo o pa\u00eds.<\/p>\n<p>O crescimento exponencial verificado a partir de 2016 deixou que o sonho falasse mais alto, e o projeto da nova f\u00e1brica, em Valado dos Frades, ganhou forma, em 2020.<\/p>\n<p>Al\u00e9m da qualidade dos produtos, a inova\u00e7\u00e3o passou a ser mais um fator diferenciador, permitindo adaptar a oferta \u00e0s reais necessidades do mercado. Mais espa\u00e7o, mais capacidade de produ\u00e7\u00e3o, mais perspetivas de futuro.<\/p>\n<div id=\"attachment_22394\" style=\"width: 510px\" class=\"wp-caption alignleft\"><img loading=\"lazy\" decoding=\"async\" aria-describedby=\"caption-attachment-22394\" class=\"wp-image-22394 size-full\" src=\"https:\/\/tintafresca.net\/wp-content\/uploads\/2022\/11\/Nazare_LSF_inauguracao10.jpg\" alt=\"\" width=\"500\" height=\"333\" srcset=\"https:\/\/tintafresca.net\/wp-content\/uploads\/2022\/11\/Nazare_LSF_inauguracao10.jpg 500w, https:\/\/tintafresca.net\/wp-content\/uploads\/2022\/11\/Nazare_LSF_inauguracao10-300x200.jpg 300w\" sizes=\"auto, (max-width: 500px) 100vw, 500px\" \/><p id=\"caption-attachment-22394\" class=\"wp-caption-text\">Secret\u00e1ria de Estado das Pescas e ministra da Agricultura e Alimenta\u00e7\u00e3o com nazarenas com trajes tradicionais<\/p><\/div>\n<p>A Unidade Industrial Paulo Silv\u00e9rio, em Valado dos Frades, na Nazar\u00e9, \u00e9 atualmente o centro de opera\u00e7\u00f5es, processamento, inova\u00e7\u00e3o e desenvolvimento da empresa. Uma unidade industrial de \u00faltima gera\u00e7\u00e3o, com tecnologia avan\u00e7ada, que permite tirar\u00a0o m\u00e1ximo partido dos processos de transforma\u00e7\u00e3o, embalamento, congela\u00e7\u00e3o ou secagem, recorrendo a processos sustent\u00e1veis e amigos do ambiente, como por exemplo a produ\u00e7\u00e3o de 30% da energia el\u00e9trica atrav\u00e9s de pain\u00e9is fotovoltaicos ou a ilumina\u00e7\u00e3o com luz natural atrav\u00e9s de 116 tubos solares.<\/p>\n<p>S\u00e3o mais de 9000 m2 de \u00e1rea industrial, que\u00a0permitem desenvolver e alavancar a qualidade sempre presente nos produtos da empresa, abrindo portas a novos produtos e, consequentemente, a novos\u00a0mercados.<\/p>\n<p><strong>\u00a0 \u00a0 \u00a0Fonte: LSF<\/strong><\/p>\n","protected":false},"excerpt":{"rendered":"<p>No dia 19 de novembro, decorreu a inaugura\u00e7\u00e3o oficial da nova unidade industrial da Lu\u00eds Silv\u00e9rio &amp; Filhos, em Valado dos Frades. O evento contou com a presen\u00e7a da ministra da Agricultura e da Alimenta\u00e7\u00e3o, Maria do C\u00e9u Antunes, da secret\u00e1ria de Estado das Pescas, Teresa Coelho, do secret\u00e1rio de Estado da Administra\u00e7\u00e3o Local e [&hellip;]<\/p>\n","protected":false},"author":2,"featured_media":22390,"comment_status":"open","ping_status":"open","sticky":false,"template":"","format":"standard","meta":{"footnotes":""},"categories":[7],"tags":[],"class_list":["post-22387","post","type-post","status-publish","format-standard","has-post-thumbnail","hentry","category-economia"],"_links":{"self":[{"href":"https:\/\/tintafresca.net\/index.php\/wp-json\/wp\/v2\/posts\/22387","targetHints":{"allow":["GET"]}}],"collection":[{"href":"https:\/\/tintafresca.net\/index.php\/wp-json\/wp\/v2\/posts"}],"about":[{"href":"https:\/\/tintafresca.net\/index.php\/wp-json\/wp\/v2\/types\/post"}],"author":[{"embeddable":true,"href":"https:\/\/tintafresca.net\/index.php\/wp-json\/wp\/v2\/users\/2"}],"replies":[{"embeddable":true,"href":"https:\/\/tintafresca.net\/index.php\/wp-json\/wp\/v2\/comments?post=22387"}],"version-history":[{"count":4,"href":"https:\/\/tintafresca.net\/index.php\/wp-json\/wp\/v2\/posts\/22387\/revisions"}],"predecessor-version":[{"id":22395,"href":"https:\/\/tintafresca.net\/index.php\/wp-json\/wp\/v2\/posts\/22387\/revisions\/22395"}],"wp:featuredmedia":[{"embeddable":true,"href":"https:\/\/tintafresca.net\/index.php\/wp-json\/wp\/v2\/media\/22390"}],"wp:attachment":[{"href":"https:\/\/tintafresca.net\/index.php\/wp-json\/wp\/v2\/media?parent=22387"}],"wp:term":[{"taxonomy":"category","embeddable":true,"href":"https:\/\/tintafresca.net\/index.php\/wp-json\/wp\/v2\/categories?post=22387"},{"taxonomy":"post_tag","embeddable":true,"href":"https:\/\/tintafresca.net\/index.php\/wp-json\/wp\/v2\/tags?post=22387"}],"curies":[{"name":"wp","href":"https:\/\/api.w.org\/{rel}","templated":true}]}}