{"id":22438,"date":"2022-11-25T23:57:54","date_gmt":"2022-11-25T23:57:54","guid":{"rendered":"https:\/\/tintafresca.net\/?p=22438"},"modified":"2022-11-25T23:57:54","modified_gmt":"2022-11-25T23:57:54","slug":"associacao-de-municipios-portugueses-do-vinho-cria-rede-das-aldeias-vinhateiras-de-portugal","status":"publish","type":"post","link":"https:\/\/tintafresca.net\/index.php\/2022\/11\/25\/associacao-de-municipios-portugueses-do-vinho-cria-rede-das-aldeias-vinhateiras-de-portugal\/","title":{"rendered":"Associa\u00e7\u00e3o de Munic\u00edpios Portugueses do Vinho cria Rede das Aldeias Vinhateiras de Portugal"},"content":{"rendered":"<p><img loading=\"lazy\" decoding=\"async\" class=\"alignleft wp-image-22440 size-full\" src=\"https:\/\/tintafresca.net\/wp-content\/uploads\/2022\/11\/AMPV_vinha-lagoa10.jpg\" alt=\"\" width=\"500\" height=\"247\" srcset=\"https:\/\/tintafresca.net\/wp-content\/uploads\/2022\/11\/AMPV_vinha-lagoa10.jpg 500w, https:\/\/tintafresca.net\/wp-content\/uploads\/2022\/11\/AMPV_vinha-lagoa10-300x148.jpg 300w\" sizes=\"auto, (max-width: 500px) 100vw, 500px\" \/>Ap\u00f3s v\u00e1rias a\u00e7\u00f5es de apresenta\u00e7\u00e3o do projeto e reuni\u00f5es com os munic\u00edpios associados, a Rede das Aldeias Vinhateiras de Portugal vai ser constitu\u00edda no dia 1 de dezembro, \u00e0s 10h30, no Cine-Teatro S\u00e1 da Bandeira, em Santar\u00e9m. A Rede de Aldeias Vinhateiras de Portugal \u00e9 o mais recente projeto da Associa\u00e7\u00e3o de Munic\u00edpios Portugueses do Vinho (AMPV). Trata-se da constitui\u00e7\u00e3o de uma rede nacional de aldeias e freguesias em territ\u00f3rios com tradi\u00e7\u00e3o vitivin\u00edcola, oliv\u00edcola e corticeira e tem como objetivo <strong>&#8220;<\/strong>contribuir para valorizar o patrim\u00f3nio, fomentar o desenvolvimento sustent\u00e1vel e impulsionar o turismo de forma integrada no territ\u00f3rio nacional&#8221;, destaca Jos\u00e9 Arruda, secret\u00e1rio-geral da AMPV.<\/p>\n<p>Jos\u00e9 Arruda adianta ainda que <strong>&#8220;<\/strong>nesta primeira fase tivemos uma ades\u00e3o muito significativa dos nossos munic\u00edpios associados e acredito que muitos mais ir\u00e3o aderir, porque n\u00f3s queremos muito levar este projeto para o terreno e criar uma ampla rede nacional que integre os territ\u00f3rios rurais que preservam o que temos de mais genu\u00edno em Portugal, seja no campo da viticultura, da paisagem, das adegas, dos museus, da cultura ou das tradi\u00e7\u00f5es. H\u00e1 um patrim\u00f3nio enorme que \u00e9 preciso valorizar, e esse \u00e9 um dos prop\u00f3sitos principais desta rede<strong>&#8220;.<\/strong><\/p>\n<p>No sentido da operacionaliza\u00e7\u00e3o do projeto foi j\u00e1 criada uma sec\u00e7\u00e3o da AMPV e foi assinado um protocolo de colabora\u00e7\u00e3o com a ATA \u2013 Associa\u00e7\u00e3o do Turismo de Aldeia.<\/p>\n<p>A reuni\u00e3o do dia 1 de dezembro ter\u00e1 na sua Ordem de Trabalhos um per\u00edodo inicial onde ir\u00e3o intervir o vereador da C\u00e2mara Municipal de Santar\u00e9m, Nuno Russo, o presidente da Associa\u00e7\u00e3o de Munic\u00edpios Portugueses do Vinho (AMPV), Lu\u00eds Encarna\u00e7\u00e3o, o diretor da Sismutur, Augusto Ramos, a diretora da ATA \u2013 Associa\u00e7\u00e3o Turismo de Aldeia, M\u00e1rcia Mendes, o presidente da ANAFRE, Jorge Veloso, e o secret\u00e1rio-geral da AMPV, Jos\u00e9 Arruda, que ir\u00e1 apresentar o projeto.<\/p>\n<p>A reuni\u00e3o ir\u00e1 prosseguir com a aprova\u00e7\u00e3o e integra\u00e7\u00e3o das Freguesias e Aldeias Vinhateiras na Sec\u00e7\u00e3o da Rede das Freguesias \/ Aldeias Vinhateiras de Portugal da AMPV, a elei\u00e7\u00e3o do Grupo Coordenador da Sec\u00e7\u00e3o e a apresenta\u00e7\u00e3o das iniciativas previstas para 2023.<\/p>\n<p>O encerramento ir\u00e1 contar com a presen\u00e7a do vencedor do I Concurso da Can\u00e7\u00e3o Rural, Rui Tanoeiro, do Munic\u00edpio da Chamusca, que vai atuar com a can\u00e7\u00e3o vencedora. O encontro culmina com um almo\u00e7o, oferecido pela organiza\u00e7\u00e3o.<\/p>\n<p><strong>\u00a0 \u00a0 \u00a0 Fonte: AMPV<\/strong><\/p>\n","protected":false},"excerpt":{"rendered":"<p>Ap\u00f3s v\u00e1rias a\u00e7\u00f5es de apresenta\u00e7\u00e3o do projeto e reuni\u00f5es com os munic\u00edpios associados, a Rede das Aldeias Vinhateiras de Portugal vai ser constitu\u00edda no dia 1 de dezembro, \u00e0s 10h30, no Cine-Teatro S\u00e1 da Bandeira, em Santar\u00e9m. A Rede de Aldeias Vinhateiras de Portugal \u00e9 o mais recente projeto da Associa\u00e7\u00e3o de Munic\u00edpios Portugueses do [&hellip;]<\/p>\n","protected":false},"author":2,"featured_media":22441,"comment_status":"open","ping_status":"open","sticky":false,"template":"","format":"standard","meta":{"footnotes":""},"categories":[7],"tags":[],"class_list":["post-22438","post","type-post","status-publish","format-standard","has-post-thumbnail","hentry","category-economia"],"_links":{"self":[{"href":"https:\/\/tintafresca.net\/index.php\/wp-json\/wp\/v2\/posts\/22438","targetHints":{"allow":["GET"]}}],"collection":[{"href":"https:\/\/tintafresca.net\/index.php\/wp-json\/wp\/v2\/posts"}],"about":[{"href":"https:\/\/tintafresca.net\/index.php\/wp-json\/wp\/v2\/types\/post"}],"author":[{"embeddable":true,"href":"https:\/\/tintafresca.net\/index.php\/wp-json\/wp\/v2\/users\/2"}],"replies":[{"embeddable":true,"href":"https:\/\/tintafresca.net\/index.php\/wp-json\/wp\/v2\/comments?post=22438"}],"version-history":[{"count":2,"href":"https:\/\/tintafresca.net\/index.php\/wp-json\/wp\/v2\/posts\/22438\/revisions"}],"predecessor-version":[{"id":22442,"href":"https:\/\/tintafresca.net\/index.php\/wp-json\/wp\/v2\/posts\/22438\/revisions\/22442"}],"wp:featuredmedia":[{"embeddable":true,"href":"https:\/\/tintafresca.net\/index.php\/wp-json\/wp\/v2\/media\/22441"}],"wp:attachment":[{"href":"https:\/\/tintafresca.net\/index.php\/wp-json\/wp\/v2\/media?parent=22438"}],"wp:term":[{"taxonomy":"category","embeddable":true,"href":"https:\/\/tintafresca.net\/index.php\/wp-json\/wp\/v2\/categories?post=22438"},{"taxonomy":"post_tag","embeddable":true,"href":"https:\/\/tintafresca.net\/index.php\/wp-json\/wp\/v2\/tags?post=22438"}],"curies":[{"name":"wp","href":"https:\/\/api.w.org\/{rel}","templated":true}]}}