{"id":22478,"date":"2022-11-27T10:48:08","date_gmt":"2022-11-27T10:48:08","guid":{"rendered":"https:\/\/tintafresca.net\/?p=22478"},"modified":"2022-11-28T17:41:41","modified_gmt":"2022-11-28T17:41:41","slug":"camara-universidade-de-coimbra-e-empresas-acertam-regresso-do-ensino-superior-a-alcobaca","status":"publish","type":"post","link":"https:\/\/tintafresca.net\/index.php\/2022\/11\/27\/camara-universidade-de-coimbra-e-empresas-acertam-regresso-do-ensino-superior-a-alcobaca\/","title":{"rendered":"C\u00e2mara, Universidade de Coimbra e empresas acertam regresso do ensino superior a Alcoba\u00e7a"},"content":{"rendered":"<div id=\"attachment_22481\" style=\"width: 460px\" class=\"wp-caption alignleft\"><img loading=\"lazy\" decoding=\"async\" aria-describedby=\"caption-attachment-22481\" class=\"wp-image-22481 size-full\" src=\"https:\/\/tintafresca.net\/wp-content\/uploads\/2022\/11\/Alcobaca_Universidade-de-Coimbra.jpg\" alt=\"\" width=\"450\" height=\"600\" srcset=\"https:\/\/tintafresca.net\/wp-content\/uploads\/2022\/11\/Alcobaca_Universidade-de-Coimbra.jpg 450w, https:\/\/tintafresca.net\/wp-content\/uploads\/2022\/11\/Alcobaca_Universidade-de-Coimbra-225x300.jpg 225w\" sizes=\"auto, (max-width: 450px) 100vw, 450px\" \/><p id=\"caption-attachment-22481\" class=\"wp-caption-text\">Centro de Estudos Superiores da Universidade de Coimbra em Alcoba\u00e7a<\/p><\/div>\n<p>A C\u00e2mara Municipal de Alcoba\u00e7a tem reunido com a Universidade de Coimbra, empresas e outros parceiros para acertar o regresso do ensino superior a Alcoba\u00e7a. A informa\u00e7\u00e3o foi avan\u00e7ada no dia 22 de novembro, pelo presidente da C\u00e2mara Municipal de Alcoba\u00e7a, Herm\u00ednio Rodrigues, que recordou estar j\u00e1 a decorrer uma p\u00f3s-gradua\u00e7\u00e3o em Patrim\u00f3nio Alimentar, estando a ser preparado um doutoramento da Universidade de Coimbra no polo de Alcoba\u00e7a. O edil recordou que este \u00e9 o objetivo n\u00famero 1 do seu mandato, dando seguimento ao seu programa eleitoral, que inclu\u00eda a cria\u00e7\u00e3o de um centro tecnol\u00f3gico, dedicado \u00e0s \u00e1reas da gastronomia, tecnologia e hort\u00edcolas.<\/p>\n<p>\u201cTemos o que h\u00e1 de melhor no mundo em termos de inova\u00e7\u00e3o, nos moldes, na cutelaria e na pedra, mas precisamos de forma\u00e7\u00e3o para essa tecnologia e quem d\u00e1 a forma\u00e7\u00e3o s\u00e3o as universidades. Temos parceiros s\u00f3lidos para a vinda do ensino superior para Alcoba\u00e7a e, com todos juntos a trabalhar no mesmo sentido, vamos conseguir\u201d, revelou.<\/p>\n<p>Herm\u00ednio Rodrigues revelou ainda que o novo Pavilh\u00e3o Multiusos dever\u00e1 estar pronto em outubro de 2023 e ter\u00e1 uma capacidade para receber uma capacidade de 1500 pessoas, para eventos culturais, desportivos ou corporativos. O edil espera receber reuni\u00f5es de grupos empresariais de todo o Pa\u00eds, dando como exemplo, o contacto recente de uma imobili\u00e1ria de dimens\u00e3o nacional, com 1500 funcion\u00e1rios que promove um encontro anual. Alcoba\u00e7a n\u00e3o tem capacidade hoje para receber esses encontros, mas vai passar a ter, contando com o apoio do rec\u00e9m-inaugurado Montebelo Mosteiro de Alcoba\u00e7a Historic Hotel.<\/p>\n<p>O autarca revelou que logo nos primeiros dias de funcionamento, o novo hotel de 5 estrelas contou com quatro encontros corporativos, nomeadamente, com 60 diretores e administradores da Caixa Geral de Dep\u00f3sitos e 45 administradores de Associa\u00e7\u00e3o Internacional das Comunica\u00e7\u00f5es de Express\u00e3o Portuguesa (AICEP). Segundo o edil, \u201co Mosteiro de Alcoba\u00e7a \u00e9 uma \u00e2ncora\u201d, pelo que espera, com a sua recente requalifica\u00e7\u00e3o, projetar o crescimento do com\u00e9rcio, servi\u00e7os e habita\u00e7\u00e3o para os jovens, incluindo jovens n\u00f3madas digitais.<\/p>\n<p>Relativamente \u00e0 Mostra Internacional de Doces &amp; Licores Conventuais, que decorreu de 17 a 20 de novembro, Herm\u00ednio Rodrigues considerou que o evento, que regressou dois anos depois, ap\u00f3s um interregno devido \u00e0 pandemia, correu dentro das expectativas, sobretudo, atendendo a ter sido um fim de semana chuvoso. O n\u00famero de visitantes da Mostra Internacional foi superior a 20 mil visitantes, o mesmo valor conseguido em 2019, provando que a sua capacidade de atra\u00e7\u00e3o n\u00e3o \u00e9 apenas regional, mas se estende a todo o pa\u00eds.<\/p>\n<p>Segundo Herm\u00ednio Rodrigues, o regresso da Mostra Internacional de Doces &amp; Licores Conventuais foi mais uma aposta ganha, defendendo que os eventos no concelho devem ser diferenciadores e estar um patamar acima do habitual. \u201cQueremos que as pessoas nos visitem e se sintam bem em Alcoba\u00e7a. E hoje h\u00e1 respostas que n\u00e3o t\u00ednhamos no passado, temos mais camas para as pessoas pernoitarem, temos excelentes restaurantes, gastronomia, ma\u00e7\u00e3 de Alcoba\u00e7a \u00fanica no pa\u00eds e no mundo e os presuntos do porco malhado de Alcoba\u00e7a. A rec\u00e9m-inaugurada Ilumina\u00e7\u00e3o de Natal na cidade de Alcoba\u00e7a, apesar das restri\u00e7\u00f5es energ\u00e9ticas a n\u00edvel nacional, \u00e9 uma aposta na valoriza\u00e7\u00e3o do com\u00e9rcio tradicional de Alcoba\u00e7a.<\/p>\n<p>Por fim, Herm\u00ednio Rodrigues confirmou que Alcoba\u00e7a ir\u00e1 contar com um novo evento anual: a Festa da Ma\u00e7\u00e3 de Alcoba\u00e7a, &#8220;um compromisso eleitoral&#8221;, para promover \u201cum produto de excel\u00eancia e uma marca do nosso territ\u00f3rio.\u201d O evento est\u00e1 a ser estudado em parceria com os produtores e poder\u00e1 ou n\u00e3o ser integrado na Feira de S\u00e3o Bernardo, de forma a potenciar a segunda marca do territ\u00f3rio e um produto \u00fanico no mundo.<\/p>\n<p><strong>\u00a0 \u00a0 M\u00e1rio Lopes\u00a0<\/strong><\/p>\n","protected":false},"excerpt":{"rendered":"<p>A C\u00e2mara Municipal de Alcoba\u00e7a tem reunido com a Universidade de Coimbra, empresas e outros parceiros para acertar o regresso do ensino superior a Alcoba\u00e7a. A informa\u00e7\u00e3o foi avan\u00e7ada no dia 22 de novembro, pelo presidente da C\u00e2mara Municipal de Alcoba\u00e7a, Herm\u00ednio Rodrigues, que recordou estar j\u00e1 a decorrer uma p\u00f3s-gradua\u00e7\u00e3o em Patrim\u00f3nio Alimentar, estando [&hellip;]<\/p>\n","protected":false},"author":2,"featured_media":22482,"comment_status":"open","ping_status":"open","sticky":false,"template":"","format":"standard","meta":{"footnotes":""},"categories":[7,14,10],"tags":[],"class_list":["post-22478","post","type-post","status-publish","format-standard","has-post-thumbnail","hentry","category-economia","category-educacao","category-patrimonio"],"_links":{"self":[{"href":"https:\/\/tintafresca.net\/index.php\/wp-json\/wp\/v2\/posts\/22478","targetHints":{"allow":["GET"]}}],"collection":[{"href":"https:\/\/tintafresca.net\/index.php\/wp-json\/wp\/v2\/posts"}],"about":[{"href":"https:\/\/tintafresca.net\/index.php\/wp-json\/wp\/v2\/types\/post"}],"author":[{"embeddable":true,"href":"https:\/\/tintafresca.net\/index.php\/wp-json\/wp\/v2\/users\/2"}],"replies":[{"embeddable":true,"href":"https:\/\/tintafresca.net\/index.php\/wp-json\/wp\/v2\/comments?post=22478"}],"version-history":[{"count":2,"href":"https:\/\/tintafresca.net\/index.php\/wp-json\/wp\/v2\/posts\/22478\/revisions"}],"predecessor-version":[{"id":22483,"href":"https:\/\/tintafresca.net\/index.php\/wp-json\/wp\/v2\/posts\/22478\/revisions\/22483"}],"wp:featuredmedia":[{"embeddable":true,"href":"https:\/\/tintafresca.net\/index.php\/wp-json\/wp\/v2\/media\/22482"}],"wp:attachment":[{"href":"https:\/\/tintafresca.net\/index.php\/wp-json\/wp\/v2\/media?parent=22478"}],"wp:term":[{"taxonomy":"category","embeddable":true,"href":"https:\/\/tintafresca.net\/index.php\/wp-json\/wp\/v2\/categories?post=22478"},{"taxonomy":"post_tag","embeddable":true,"href":"https:\/\/tintafresca.net\/index.php\/wp-json\/wp\/v2\/tags?post=22478"}],"curies":[{"name":"wp","href":"https:\/\/api.w.org\/{rel}","templated":true}]}}