{"id":22524,"date":"2022-11-29T19:14:58","date_gmt":"2022-11-29T19:14:58","guid":{"rendered":"https:\/\/tintafresca.net\/?p=22524"},"modified":"2022-11-29T19:21:57","modified_gmt":"2022-11-29T19:21:57","slug":"avisan-2022-abre-portas-sexta-feira-em-santarem","status":"publish","type":"post","link":"https:\/\/tintafresca.net\/index.php\/2022\/11\/29\/avisan-2022-abre-portas-sexta-feira-em-santarem\/","title":{"rendered":"Avisan 2022 abre portas esta sexta-feira em Santar\u00e9m"},"content":{"rendered":"<div id=\"attachment_22526\" style=\"width: 293px\" class=\"wp-caption alignleft\"><img loading=\"lazy\" decoding=\"async\" aria-describedby=\"caption-attachment-22526\" class=\"wp-image-22526 size-full\" src=\"https:\/\/tintafresca.net\/wp-content\/uploads\/2022\/11\/AVISAN_2022.png\" alt=\"\" width=\"283\" height=\"542\" srcset=\"https:\/\/tintafresca.net\/wp-content\/uploads\/2022\/11\/AVISAN_2022.png 283w, https:\/\/tintafresca.net\/wp-content\/uploads\/2022\/11\/AVISAN_2022-157x300.png 157w\" sizes=\"auto, (max-width: 283px) 100vw, 283px\" \/><p id=\"caption-attachment-22526\" class=\"wp-caption-text\">Cartaz<\/p><\/div>\n<p>A Avisan 2022 \u2013 Exposi\u00e7\u00e3o Nacional de Aves, Animais de Companhia, Equipamentos e Acess\u00f3rios, certame que se realiza no Centro Nacional de Exposi\u00e7\u00f5es, em Santar\u00e9m, decorre de sexta-feira, 2 de dezembro, a domingo, 4 de dezembro.<\/p>\n<p>A Avisan \u00e9 o evento certo para a apresenta\u00e7\u00e3o de novos produtos e servi\u00e7os e para a concretiza\u00e7\u00e3o de bons neg\u00f3cios. O objetivo \u00e9 congregar num s\u00f3 espa\u00e7o as v\u00e1rias marcas al\u00e9m de proporcionar a pro\ufb01ssionais e a criadores um amplo leque de escolhas.<\/p>\n<p>A mostra comercial de Equipamentos e Acess\u00f3rios, as exposi\u00e7\u00f5es de aves, os animais dom\u00e9sticos e ex\u00f3ticos, os r\u00e9pteis e as diversas iniciativas que aqui decorrem permitir\u00e3o, decerto, atrair os profissionais do sector al\u00e9m do p\u00fablico em geral.<\/p>\n<p>Durante tr\u00eas dias, todos estes companheiros de 4 e mais patas, com as suas cores m\u00faltiplas ou formas exc\u00eantricas, ir\u00e3o deliciar todos aqueles que visitarem o evento.<\/p>\n<p>Com a presen\u00e7a de criadores nacionais e internacionais, a Avisan \u00e9 um ponto de encontro de milhares de visitantes e contar\u00e1 com uma programa\u00e7\u00e3o diversificada para que este evento seja atrativo e representativo do sector.<\/p>\n<p><strong>Presen\u00e7a de Meios Cinot\u00e9cnicos da GNR<\/strong><\/p>\n<p>Nos dias 03 e 04 de Dezembro pelas 16h00 a Avisan &#8217;22 conta com a presen\u00e7a de meios Cinot\u00e9cnicos da Guarda Nacional Republicana onde ser\u00e3o apresentados e demonstrados alguns dos meios, atrav\u00e9s de algumas das suas especialidades, nomeadamente bin\u00f3mios de Seguran\u00e7a, Interven\u00e7\u00e3o e Busca e bin\u00f3mios de Detec\u00e7\u00e3o de produtos.&#8221;<\/p>\n<p><strong>28\u00aa Exposi\u00e7\u00e3o Canina Nacional e 22\u00aa Exposi\u00e7\u00e3o Canina Internacional<\/strong><\/p>\n<p>A 28\u00aa Exposi\u00e7\u00e3o Canina Nacional de Santar\u00e9m e a 22\u00aa Exposi\u00e7\u00e3o Canina Internacional de Santar\u00e9m decorrem a 3 e 4 de dezembro, respetivamente e contam com a dire\u00e7\u00e3o t\u00e9cnica do Clube Portugu\u00eas de Canicultura,<\/p>\n<p>No \u00e2mbito das Exposi\u00e7\u00f5es Caninas realizam-se Monogr\u00e1ficas de Bulldog Ingl\u00eas, Bullmastiff, C\u00e3o de Fila de S\u00e3o Miguel, C\u00e3o de Pastor Alem\u00e3o, C\u00e3o de Pastor Belga e Dogue Alem\u00e3o.<\/p>\n<p><strong>11\u00aa Exposi\u00e7\u00e3o Internacional de Gatos de Santar\u00e9m<\/strong><\/p>\n<p>A 11\u00aa Exposi\u00e7\u00e3o Internacional de Gatos de Santar\u00e9m realiza-se a 3 e 4 de\u00a0 dezembro e \u00e9 organizada pelo Clube Portugu\u00eas de Felinicultura, \u00fanico \u00f3rg\u00e3o reconhecido oficialmente em Portugal, detentor do Livro de Origens Portugu\u00eas e membro da Federa\u00e7\u00e3o Internacional Felina \u2013 FIFe, maior \u00f3rg\u00e3o Felino a n\u00edvel mundial.<\/p>\n<p><strong>R\u00e9pteis e animais ex\u00f3ticos<\/strong><\/p>\n<p>Ao longo de tr\u00eas dias os visitantes poder\u00e3o apreciar v\u00e1rias exibi\u00e7\u00f5es de r\u00e9pteis que contar\u00e3o com diversos exemplares como cobras, iguanas, tar\u00e2ntulas, entre outros. Esta exposi\u00e7\u00e3o tem como objetivo mostrar ao p\u00fablico em geral que estas esp\u00e9cies s\u00e3o aut\u00eanticos animais de companhia e que ocupam uma posi\u00e7\u00e3o fulcral no ecossistema.<\/p>\n<p>O p\u00fablico tamb\u00e9m poder\u00e1 deliciar-se e ver \u201cao vivo\u201d v\u00e1rios animais ex\u00f3ticos. Com esta mostra, a organiza\u00e7\u00e3o tem como intuito\u00a0 demonstrar a import\u00e2ncia destes seres vivos no meio ambiente e respetivos habitats, al\u00e9m de permitir ao p\u00fablico um maior conhecimento sobre a natureza.<\/p>\n<p>HOR\u00c1RIOS<\/p>\n<p>2 dezembro: 10h00 \u00e0s 20h00<br \/>\n3 dezembro: 10h00 \u00e0s 20h00<br \/>\n4 dezembro: 10h00 \u00e0s 20h00<\/p>\n<p>ENTRADAS<\/p>\n<p>Bilhete: 4,00 \u20ac (V\u00e1lido para apenas uma entrada)<br \/>\nEntrada gratuita para crian\u00e7as at\u00e9 aos 11 anos<br \/>\nBilheteira Online: https:\/\/www.ticket.cnema.pt\/WTCNEMA\/main.do<\/p>\n<p>Parque de Estacionamento Descoberto: Gratuito<\/p>\n<p>PROGRAMA: <a href=\"https:\/\/www.cnema.pt\/wp-content\/uploads\/2022\/11\/PROGRAMA-DE-ATIVIDADES-AVISAN.pdf\">https:\/\/www.cnema.pt\/wp-content\/uploads\/2022\/11\/PROGRAMA-DE-ATIVIDADES-AVISAN.pdf<\/a><\/p>\n<p>NOTA: N\u00e3o \u00e9 permitida a Entrada de Animais Extra &#8211; Concursos<\/p>\n<p><strong>\u00a0 \u00a0 Fonte: CNEMA<\/strong><\/p>\n","protected":false},"excerpt":{"rendered":"<p>A Avisan 2022 \u2013 Exposi\u00e7\u00e3o Nacional de Aves, Animais de Companhia, Equipamentos e Acess\u00f3rios, certame que se realiza no Centro Nacional de Exposi\u00e7\u00f5es, em Santar\u00e9m, decorre de sexta-feira, 2 de dezembro, a domingo, 4 de dezembro. A Avisan \u00e9 o evento certo para a apresenta\u00e7\u00e3o de novos produtos e servi\u00e7os e para a concretiza\u00e7\u00e3o de [&hellip;]<\/p>\n","protected":false},"author":2,"featured_media":22527,"comment_status":"open","ping_status":"open","sticky":false,"template":"","format":"standard","meta":{"footnotes":""},"categories":[7],"tags":[],"class_list":["post-22524","post","type-post","status-publish","format-standard","has-post-thumbnail","hentry","category-economia"],"_links":{"self":[{"href":"https:\/\/tintafresca.net\/index.php\/wp-json\/wp\/v2\/posts\/22524","targetHints":{"allow":["GET"]}}],"collection":[{"href":"https:\/\/tintafresca.net\/index.php\/wp-json\/wp\/v2\/posts"}],"about":[{"href":"https:\/\/tintafresca.net\/index.php\/wp-json\/wp\/v2\/types\/post"}],"author":[{"embeddable":true,"href":"https:\/\/tintafresca.net\/index.php\/wp-json\/wp\/v2\/users\/2"}],"replies":[{"embeddable":true,"href":"https:\/\/tintafresca.net\/index.php\/wp-json\/wp\/v2\/comments?post=22524"}],"version-history":[{"count":3,"href":"https:\/\/tintafresca.net\/index.php\/wp-json\/wp\/v2\/posts\/22524\/revisions"}],"predecessor-version":[{"id":22529,"href":"https:\/\/tintafresca.net\/index.php\/wp-json\/wp\/v2\/posts\/22524\/revisions\/22529"}],"wp:featuredmedia":[{"embeddable":true,"href":"https:\/\/tintafresca.net\/index.php\/wp-json\/wp\/v2\/media\/22527"}],"wp:attachment":[{"href":"https:\/\/tintafresca.net\/index.php\/wp-json\/wp\/v2\/media?parent=22524"}],"wp:term":[{"taxonomy":"category","embeddable":true,"href":"https:\/\/tintafresca.net\/index.php\/wp-json\/wp\/v2\/categories?post=22524"},{"taxonomy":"post_tag","embeddable":true,"href":"https:\/\/tintafresca.net\/index.php\/wp-json\/wp\/v2\/tags?post=22524"}],"curies":[{"name":"wp","href":"https:\/\/api.w.org\/{rel}","templated":true}]}}