{"id":22557,"date":"2022-11-30T18:24:52","date_gmt":"2022-11-30T18:24:52","guid":{"rendered":"https:\/\/tintafresca.net\/?p=22557"},"modified":"2022-11-30T22:09:14","modified_gmt":"2022-11-30T22:09:14","slug":"nersant-acusa-jornal-o-mirante-de-criticar-a-associacao-como-retaliacao-por-lhe-ter-cortado-a-publicidade","status":"publish","type":"post","link":"https:\/\/tintafresca.net\/index.php\/2022\/11\/30\/nersant-acusa-jornal-o-mirante-de-criticar-a-associacao-como-retaliacao-por-lhe-ter-cortado-a-publicidade\/","title":{"rendered":"Nersant acusa jornal \u201cO Mirante\u201d de criticar a associa\u00e7\u00e3o como retalia\u00e7\u00e3o por lhe ter cortado a publicidade"},"content":{"rendered":"<div id=\"attachment_22560\" style=\"width: 410px\" class=\"wp-caption alignleft\"><img loading=\"lazy\" decoding=\"async\" aria-describedby=\"caption-attachment-22560\" class=\"wp-image-22560\" src=\"https:\/\/tintafresca.net\/wp-content\/uploads\/2022\/11\/Nersant10.jpg\" alt=\"\" width=\"400\" height=\"400\" srcset=\"https:\/\/tintafresca.net\/wp-content\/uploads\/2022\/11\/Nersant10.jpg 500w, https:\/\/tintafresca.net\/wp-content\/uploads\/2022\/11\/Nersant10-300x300.jpg 300w, https:\/\/tintafresca.net\/wp-content\/uploads\/2022\/11\/Nersant10-150x150.jpg 150w\" sizes=\"auto, (max-width: 400px) 100vw, 400px\" \/><p id=\"caption-attachment-22560\" class=\"wp-caption-text\">Log\u00f3tipo da Nerlei<\/p><\/div>\n<p>O presidente da dire\u00e7\u00e3o da Nersant, Domingos Chambel, emitiu um novo comunicado esta quarta-feira, dia 30 de novembro, face ao que entende serem<strong> \u201c<\/strong>inqualific\u00e1veis e sucessivos ataques do jornal \u201cO Mirante\u201d \u00e0 Nersant.\u201d<\/p>\n<p>A Nersant considera que n\u00e3o pode e n\u00e3o deve ser conivente com interesses instalados, correndo o risco de amanh\u00e3 ser questionada sobre as contrapartidas pessoais ou coletivas de estar a pagar ao Mirante servi\u00e7os inexistentes.<\/p>\n<p>Segundo a Associa\u00e7\u00e3o Empresarial da Regi\u00e3o de Santar\u00e9m, \u201cO Mirante mente\u201d, porque \u201cnunca financiou a Nersant, uma vez que a notas de imprensa que publicou s\u00e3o distribu\u00eddas por todos os \u00f3rg\u00e3os de comunica\u00e7\u00e3o social que s\u00e3o livres de as difundir\u201d e \u201ca publicidade solicitada foi paga a pre\u00e7o de ouro \u00e0 margem do d\u00edzimo de 2.635,00\u20ac mensais que recebia sem qualquer contrapartida.\u201d<\/p>\n<p>Assim, a Nersant entende que \u201cn\u00e3o tem que pagar ao Mirante para n\u00e3o ser atacada, ou enaltecida nas primeiras p\u00e1ginas do seu jornal.\u201d<\/p>\n<p>Por outro lado, defende que \u201cO Mirante\u201d, que tem como diretor-geral Joaquim Em\u00eddio, n\u00e3o tem que ter o monop\u00f3lio dos fundos da Nersant para a comunica\u00e7\u00e3o social, os quais devem ser distribu\u00eddos por toda a comunica\u00e7\u00e3o social regional.<\/p>\n<p>Segundo a Nersant, \u201cas inten\u00e7\u00f5es do Mirante \u00e9 descredibilizar a Nersant e seus presentes dirigentes para promover outros candidatos que sejam coniventes com os seus interesses.\u201d<\/p>\n<p>A Associa\u00e7\u00e3o Empresarial da Regi\u00e3o de Santar\u00e9m adianta ainda que \u201co jornal \u201cO Mirante\u201d vem agora num derradeiro esfor\u00e7o tentar branquear o escuro comportamento oportunista de d\u00e9cadas.\u201d<\/p>\n<p>A Nersant garante que n\u00e3o est\u00e1 interessada em comprar guerras ou alimentar conflitos e que a sua dire\u00e7\u00e3o \u201cfoi eleita para gerir bem, mesmo sabendo que, ao retirar mordomias ao Mirante, a guerra e o conflito seriam inevit\u00e1veis. \u00c9 o pre\u00e7o da determina\u00e7\u00e3o de uma equipa que p\u00f5e os interesses da Nersant acima das consequ\u00eancias pessoais de cada um de n\u00f3s.\u201d<\/p>\n<p><strong>\u00a0 \u00a0 Fonte: Nersant<\/strong><\/p>\n","protected":false},"excerpt":{"rendered":"<p>O presidente da dire\u00e7\u00e3o da Nersant, Domingos Chambel, emitiu um novo comunicado esta quarta-feira, dia 30 de novembro, face ao que entende serem \u201cinqualific\u00e1veis e sucessivos ataques do jornal \u201cO Mirante\u201d \u00e0 Nersant.\u201d A Nersant considera que n\u00e3o pode e n\u00e3o deve ser conivente com interesses instalados, correndo o risco de amanh\u00e3 ser questionada sobre [&hellip;]<\/p>\n","protected":false},"author":2,"featured_media":22559,"comment_status":"open","ping_status":"open","sticky":false,"template":"","format":"standard","meta":{"footnotes":""},"categories":[7],"tags":[],"class_list":["post-22557","post","type-post","status-publish","format-standard","has-post-thumbnail","hentry","category-economia"],"_links":{"self":[{"href":"https:\/\/tintafresca.net\/index.php\/wp-json\/wp\/v2\/posts\/22557","targetHints":{"allow":["GET"]}}],"collection":[{"href":"https:\/\/tintafresca.net\/index.php\/wp-json\/wp\/v2\/posts"}],"about":[{"href":"https:\/\/tintafresca.net\/index.php\/wp-json\/wp\/v2\/types\/post"}],"author":[{"embeddable":true,"href":"https:\/\/tintafresca.net\/index.php\/wp-json\/wp\/v2\/users\/2"}],"replies":[{"embeddable":true,"href":"https:\/\/tintafresca.net\/index.php\/wp-json\/wp\/v2\/comments?post=22557"}],"version-history":[{"count":2,"href":"https:\/\/tintafresca.net\/index.php\/wp-json\/wp\/v2\/posts\/22557\/revisions"}],"predecessor-version":[{"id":22561,"href":"https:\/\/tintafresca.net\/index.php\/wp-json\/wp\/v2\/posts\/22557\/revisions\/22561"}],"wp:featuredmedia":[{"embeddable":true,"href":"https:\/\/tintafresca.net\/index.php\/wp-json\/wp\/v2\/media\/22559"}],"wp:attachment":[{"href":"https:\/\/tintafresca.net\/index.php\/wp-json\/wp\/v2\/media?parent=22557"}],"wp:term":[{"taxonomy":"category","embeddable":true,"href":"https:\/\/tintafresca.net\/index.php\/wp-json\/wp\/v2\/categories?post=22557"},{"taxonomy":"post_tag","embeddable":true,"href":"https:\/\/tintafresca.net\/index.php\/wp-json\/wp\/v2\/tags?post=22557"}],"curies":[{"name":"wp","href":"https:\/\/api.w.org\/{rel}","templated":true}]}}